{"id":32540,"date":"2025-11-14T11:54:47","date_gmt":"2025-11-14T11:54:47","guid":{"rendered":"https:\/\/lifelonghearing.com\/sr\/?p=32540"},"modified":"2025-11-14T11:54:47","modified_gmt":"2025-11-14T11:54:47","slug":"gubitak-sluha-i-demencija-dobar-sluh-stiti-pamcenje","status":"publish","type":"post","link":"https:\/\/lifelonghearing.com\/sr\/gubitak-sluha-i-demencija-dobar-sluh-stiti-pamcenje\/","title":{"rendered":"Gubitak sluha i demencija: dobar sluh \u0161titi pam\u0107enje"},"content":{"rendered":"<p><div class=\"fusion-fullwidth fullwidth-box fusion-builder-row-1 fusion-flex-container nonhundred-percent-fullwidth non-hundred-percent-height-scrolling\" style=\"--awb-border-radius-top-left:0px;--awb-border-radius-top-right:0px;--awb-border-radius-bottom-right:0px;--awb-border-radius-bottom-left:0px;--awb-flex-wrap:wrap;\" ><div class=\"fusion-builder-row fusion-row fusion-flex-align-items-flex-start fusion-flex-content-wrap\" style=\"max-width:1248px;margin-left: calc(-4% \/ 2 );margin-right: calc(-4% \/ 2 );\"><div class=\"fusion-layout-column fusion_builder_column fusion-builder-column-0 fusion_builder_column_1_1 1_1 fusion-flex-column\" style=\"--awb-bg-size:cover;--awb-width-large:100%;--awb-margin-top-large:0px;--awb-spacing-right-large:1.92%;--awb-margin-bottom-large:10px;--awb-spacing-left-large:1.92%;--awb-width-medium:100%;--awb-order-medium:0;--awb-spacing-right-medium:1.92%;--awb-spacing-left-medium:1.92%;--awb-width-small:100%;--awb-order-small:0;--awb-spacing-right-small:1.92%;--awb-spacing-left-small:1.92%;\"><div class=\"fusion-column-wrapper fusion-column-has-shadow fusion-flex-justify-content-flex-start fusion-content-layout-column\"><div class=\"fusion-title title fusion-title-1 fusion-sep-none fusion-title-text fusion-title-size-one\" style=\"--awb-margin-top:0px;--awb-font-size:38px;\"><h1 class=\"fusion-title-heading title-heading-left fusion-responsive-typography-calculated\" style=\"margin:0;font-size:1em;--fontSize:38;line-height:1.3;\"><strong>Slu\u0161ni aparat i slu\u0161ni implantati smanjuju rizik od demencije<\/strong><\/h1><\/div><div class=\"fusion-text fusion-text-1\"><p><strong>Gubitak sluha ne uti\u010de samo na komunikaciju, ve\u0107 i na mentalnu kondiciju. <\/strong><strong>On<\/strong><strong> je \u010desto potcenjen faktor rizika za neurokognitivne bolesti. U <\/strong><strong>m<\/strong><strong>aju<\/strong><strong> ove godine<\/strong><strong>, Prim. Dr Tomas Kajncel je diskutovao o ovoj va\u017enoj temi tokom <\/strong><strong>f<\/strong><strong>oruma &#8220;Mit allen Sinnen&#8221; na <\/strong><strong>klinici<\/strong><strong> Vels-Griskirhen<\/strong><strong> u Austriji<\/strong><strong>.<\/strong><\/p>\n<\/div><div class=\"fusion-image-element \" style=\"--awb-caption-title-font-family:var(--h2_typography-font-family);--awb-caption-title-font-weight:var(--h2_typography-font-weight);--awb-caption-title-font-style:var(--h2_typography-font-style);--awb-caption-title-size:var(--h2_typography-font-size);--awb-caption-title-transform:var(--h2_typography-text-transform);--awb-caption-title-line-height:var(--h2_typography-line-height);--awb-caption-title-letter-spacing:var(--h2_typography-letter-spacing);\"><span class=\" fusion-imageframe imageframe-none imageframe-1 hover-type-none\"><img decoding=\"async\" width=\"1400\" height=\"652\" title=\"template_featured\" src=\"https:\/\/lifelonghearing.com\/sr\/wp-content\/uploads\/sites\/16\/2025\/11\/template_featured.jpg\" data-orig-src=\"https:\/\/lifelonghearing.com\/sr\/wp-content\/uploads\/sites\/16\/2025\/11\/template_featured.jpg\" alt class=\"lazyload img-responsive wp-image-32543\" srcset=\"data:image\/svg+xml,%3Csvg%20xmlns%3D%27http%3A%2F%2Fwww.w3.org%2F2000%2Fsvg%27%20width%3D%271400%27%20height%3D%27652%27%20viewBox%3D%270%200%201400%20652%27%3E%3Crect%20width%3D%271400%27%20height%3D%27652%27%20fill-opacity%3D%220%22%2F%3E%3C%2Fsvg%3E\" data-srcset=\"https:\/\/lifelonghearing.com\/sr\/wp-content\/uploads\/sites\/16\/2025\/11\/template_featured-200x93.jpg 200w, https:\/\/lifelonghearing.com\/sr\/wp-content\/uploads\/sites\/16\/2025\/11\/template_featured-400x186.jpg 400w, https:\/\/lifelonghearing.com\/sr\/wp-content\/uploads\/sites\/16\/2025\/11\/template_featured-600x279.jpg 600w, https:\/\/lifelonghearing.com\/sr\/wp-content\/uploads\/sites\/16\/2025\/11\/template_featured-800x373.jpg 800w, https:\/\/lifelonghearing.com\/sr\/wp-content\/uploads\/sites\/16\/2025\/11\/template_featured-1200x559.jpg 1200w, https:\/\/lifelonghearing.com\/sr\/wp-content\/uploads\/sites\/16\/2025\/11\/template_featured.jpg 1400w\" data-sizes=\"auto\" data-orig-sizes=\"(max-width: 1024px) 100vw, (max-width: 640px) 100vw, 1200px\" \/><\/span><\/div><\/div><\/div><\/div><\/div><div class=\"fusion-fullwidth fullwidth-box fusion-builder-row-2 fusion-flex-container nonhundred-percent-fullwidth non-hundred-percent-height-scrolling\" style=\"--awb-border-radius-top-left:0px;--awb-border-radius-top-right:0px;--awb-border-radius-bottom-right:0px;--awb-border-radius-bottom-left:0px;--awb-flex-wrap:wrap;\" ><div class=\"fusion-builder-row fusion-row fusion-flex-align-items-flex-start fusion-flex-content-wrap\" style=\"max-width:1248px;margin-left: calc(-4% \/ 2 );margin-right: calc(-4% \/ 2 );\"><div class=\"fusion-layout-column fusion_builder_column fusion-builder-column-1 fusion_builder_column_1_1 1_1 fusion-flex-column\" style=\"--awb-bg-size:cover;--awb-width-large:100%;--awb-margin-top-large:0px;--awb-spacing-right-large:1.92%;--awb-margin-bottom-large:0px;--awb-spacing-left-large:1.92%;--awb-width-medium:100%;--awb-spacing-right-medium:1.92%;--awb-spacing-left-medium:1.92%;--awb-width-small:100%;--awb-spacing-right-small:1.92%;--awb-spacing-left-small:1.92%;\"><div class=\"fusion-column-wrapper fusion-flex-justify-content-flex-start fusion-content-layout-column\"><div class=\"fusion-text fusion-text-2\"><h2>Veza izme\u0111u gubitka sluha i demencije<\/h2>\n<p>Izme\u0111u 300 i 400 u\u010desnika pratilo je prezentacije na forumu \"Mit allen Sinnen\" na klinici u Vels-Griskirhenu. Stru\u010dnjaci su podelili uvide o upornom ka\u0161lju, \u010destim o\u010dnim bolestima, prevenciji i le\u010denju te\u0161kih stanja ko\u017ee i vezi izme\u0111u sposobnosti sluha i demencije. Kada su po\u010dela pitanja na kraju prezentacija, fokus se pomerio na gubitak sluha. Kako je rezimirao dr Tomas Kajncel, \u0161ef Odeljenja za bolesti uha, nosa i grla na klinici, ve\u0107ina pitanja je do\u0161la od ljudi \"koji sami pate od gubitka sluha i nezadovoljni su svojom trenutnom tretmanom sluha\".<\/p>\n<h2>Sluh i razmi\u0161ljanje su usko povezani<\/h2>\n<p>Nekoliko re\u010di kasnije, mnogi ispitanici su shvatili da je u njima ve\u0107 po\u010dela odre\u0111ena kognitivna promena zbog gubitka sluha. Obrada sluha i neurokognitivne funkcije su usko povezane. Promena u procesiranju kognitivnog zvuka jo\u0161 uvek nije demencija, ali mo\u017ee dovesti do demencije ili biti njen prvi znak. Brojne studije pokazuju da postoji uzajamni uticaj izme\u0111u gubitka sluha i demencije.<\/p>\n<h2>Rani tretman sluha \u0161titi mozak<\/h2>\n<p>Kako obja\u0161njava dr Kejncel, neurokognitivne promene se mogu otkriti putem snimanja: \"Hipokampus se smanjuje u volumenu.\" Ovo se odnosi i na blago kognitivno o\u0161te\u0107enje i na potpunu demenciju. Uz rani tretman sluha, npr. pomo\u0107u slu\u0161nih pomagala ili kohlearnih implantata, kognitivne performanse se mogu stabilizovati i rizik od demencije se mo\u017ee smanjiti.<\/p>\n<h2>Kvalitet \u017eivota u starijoj \u017eivotnoj dobi<\/h2>\n<p>\"SZO-ova studija o globalnom optere\u0107enju bolestima pokazala je da su gubitak sluha i demencija me\u0111u najzna\u010dajnijim bolestima u razvijenim zemljama, \u0161to dovodi do ozbiljnih ograni\u010denja kvaliteta \u017eivota\", izve\u0161tava Keintzel. ORL specijalista je posebno posve\u0107en pacijentima sa o\u0161te\u0107enim sluhom svih uzrasta i smatra se stru\u010dnjakom za slu\u0161ne implantate.<\/p>\n<p>U Austriji, prema podacima austrijskog Ministarstva zdravlja, izme\u0111u 130.000 i 150.000 ljudi trenutno \u017eivi sa demencijom, a taj trend je u porastu. \"O\u010dekuje se da \u0107e se do 2050. godine ova brojka udvostru\u010diti\", obja\u0161njava Kajncel, navode\u0107i starenje stanovni\u0161tva kao glavni razlog koji stoji iza ovog trenda.<\/p>\n<h2>Faktori rizika za demenciju i za\u0161to je sluh deo toga<\/h2>\n<p>Primarna demencija se razvija direktno kao posledica odumiranja nervnih \u0107elija. Sekundarna demencija, s druge strane, izazvana je uticajima okoline ili drugim bolestima. Lancetov izve\u0161taj za 2024. godinu identifikuje 14 nau\u010dno dokazanih faktora rizika, uklju\u010duju\u0107i gubitak sluha. Keincel nagla\u0161ava: \"Na nama je tako\u0111e da aktivno za\u0161titimo svoj mozak.\" Redovni testovi sluha i rano le\u010denje zna\u010dajno smanjuju rizik od gubitka sluha i demencije.<\/p>\n<h2>Gubitak sluha: vi\u0161e od uznemiruju\u0107eg stanja u starosti<\/h2>\n<p>\"Sluh i razmi\u0161ljanje se ne mogu posmatrati odvojeno, \u010dak ni kod mladih ljudi\", isti\u010de dr Kajncel. Studije pokazuju da ljudi sa nele\u010denim gubitkom sluha imaju zna\u010dajno pove\u0107an rizik od demencije. Po\u010dev\u0161i od 60. godine, performanse sluha se smanjuju za oko jedan decibel svake godine. Pogo\u0111eno je 30% osoba starosti od 60 do 70 godina, a kod ljudi starijih od 70 godina taj broj je znatno vi\u0161i. Starost ne uti\u010de samo na uho, ve\u0107 i na centralnu obradu zvuka u mozgu, \u0161to je bitan faktor za gubitak sluha i demenciju.<\/p>\n<h2>Slu\u0161ni implantati za mentalni fitnes<\/h2>\n<p>Akusti\u010dni stimulansi odr\u017eavaju mozak aktivnim. Ako ih nema, on po\u010dinje br\u017ee da propada\", upozorava Kajncel. Slu\u0161ni aparati ili kohlearni implantati, u kombinaciji sa pravilnim slu\u0161nim treningom, mogu usporiti pad neurokognitivnih sposobnosti. Jedan primer iz prakse je pokazao da je stariji pacijent do\u017eiveo skok raspolo\u017eenja nakon implantacije, \u0161to ilustruje da pravi tretman sluha mo\u017ee da spre\u010di demenciju, posebno kada se desi rano.<\/p>\n<h2>Rana dijagnoza zahvaljuju\u0107i dvostrukom skriningu<\/h2>\n<p>Gubitak sluha i demencija pokazuju sli\u010dne simptome: povla\u010denje od okoline, sporo razmi\u0161ljanje, \u010desto ponavljanje pitanja. Stoga, Keintzel preporu\u010duje dodatni kognitivni skrining u slu\u010daju problema sa sluhom. Pomo\u0107u specijalnog O-DEM testa mo\u017eete otkriti demenciju u ranoj fazi. Na taj na\u010din se mo\u017ee zapo\u010deti efikasno le\u010denje i usporiti pogor\u0161anje mentalnog stanja.<\/p>\n<p>Jo\u0161 2014. godine ameri\u010dki istra\u017eiva\u010di<a href=\"#_ftn1\" name=\"_ftnref1\">[1]<\/a> su prona\u0161li vezu:<\/p>\n<ul>\n<li>U slu\u010daju gubitka sluha, pogo\u0111ene osobe moraju ulo\u017eiti vi\u0161e napora da pravilno protuma\u010de ono \u0161to \u010duju: dakle, slu\u0161anje je konstantan multitasking.<\/li>\n<li>Promene u uhu dovode do promena u centralnoj obradi zvu\u010dnih signala, \u0161to zna\u010di kognitivne promene.<\/li>\n<li>Problemi sa sluhom mogu dovesti do dru\u0161tvenog povla\u010denja.<\/li>\n<\/ul>\n<p>Svaki od ovih faktora naru\u0161ava op\u0161te kognitivne funkcije, koje su dodatno poja\u010dane drugim zdravstvenim problemima kao \u0161to su poreme\u0107aji cirkulacije ili starost. Svako ko mora vi\u0161e da se fokusira na sluh i razumevanje zbog o\u0161te\u0107enja sluha nema ove kognitivne sposobnosti za druge funkcije.<a href=\"#_ftn2\" name=\"_ftnref2\">[2]<\/a> Ako osoba ima manje kognitivnih rezervi, ta promena postaje vidljiva drugima. \"Ne radi se o inteligenciji, ve\u0107 o tome da li je neko mentalno fit\", ka\u017ee Prim. Keintzel isti\u010de.<\/p>\n<h2>Aktivna prevencija demencije sa slu\u0161nim implantatom<\/h2>\n<p>Ljudi koji su mentalno fit du\u017ee mogu da kompenzuju za gubitak sluha, ali ipak treba \u0161to pre da reaguju, bez obzira na godine! Specijalista ORL-a se se\u0107a pacijenta koji je imao 80 godina, koji je nekada bio dru\u017eeljubiv i pun \u017eivota, koji se povukao kako mu je sluh opadao. Kada je kona\u010dno do\u0161ao na kliniku, ve\u0107 je bio funkcionalno gluv i ravnodu\u0161an prema \u017eivotu. Tim sa klinike ga je ubedio da se podvrgne kohlearnoj implantaciji. Doktor opisuje kako je, sa svojom \u010dulom sluha, njegovo mentalno zdravlje ponovo procvetalo. \"Da mu nisam ugradio CI, verovatno bi uskoro do\u017eiveo kognitivno pogor\u0161anje.\"<\/p>\n<p>Problemi sa sluhom tako\u0111e mogu biti rani znak upozorenja za razvoj demencije. Studije kao \u0161to je Baltimorska longitudinalna studija<a href=\"#_ftn3\" name=\"_ftnref3\">[3]<\/a> <a href=\"#_ftn4\" name=\"_ftnref4\">[4]<\/a> pokazuju da kognitivno zdravi ljudi sa o\u0161te\u0107enim sluhom imaju zna\u010dajno ve\u0107i rizik od razvoja bolesti povezanih sa demencijom kasnije u \u017eivotu. Simptomi oba o\u0161te\u0107enja su sli\u010dni: dru\u0161tveno povla\u010denje, sporo razmi\u0161ljanje, tra\u017eenje od ljudi da ponove ono \u0161to su rekli, te\u0161ko pra\u0107enje razgovora. Dakle, blagovremena nega sluha je obe\u0107avaju\u0107a kontramera.<\/p>\n<h2>Sluh odr\u017eava mozak u treningu i oslikava kognitivno zdravlje<\/h2>\n<p>Akusti\u010dni stimulansi odr\u017eavaju mozak aktivnim. Ako ih nema, mozak \u0107e se br\u017ee pogor\u0161ati\", upozorava dr Kajncel. Slu\u0161ni aparati ili slu\u0161ni implantati, u kombinaciji sa pravim slu\u0161nim treningom, mogu usporiti neurokognitivno pogor\u0161anje kod ljudi sa o\u0161te\u0107enjem sluha. Stariji odrasli posebno imaju koristi od savremenih slu\u0161nih re\u0161enja. \"Uprkos efikasnosti, ljudi su i dalje puni predrasuda o slu\u0161nim aparatima. U Austriji ih koristi samo oko 15 do 20 odsto obolelih!\"<\/p>\n<p>Ako pacijent nije zadovoljan svojim slu\u0161nim aparatom, Prim. Keintzel smatra da je du\u017enost ORL stru\u010dnjaka da pa\u017eljivo obavlja diferencijalnu dijagnostiku:<\/p>\n<ul>\n<li>Da li je ure\u0111aju potrebno bolje pode\u0161avanje?<\/li>\n<li>Da li je preporu\u010dljivo pre\u0107i na drugi ure\u0111aj ili implant?<\/li>\n<li>Da li su neurokognitivna o\u0161te\u0107enja ve\u0107 prisutna?<\/li>\n<\/ul>\n<p>U drugom slu\u010daju, Keintzel preporu\u010duje trening sluha u kombinaciji sa kognitivnim treningom. Mozak mora redovno da se izaziva kao mi\u0161i\u0107; u suprotnom, njegove sposobnosti se degeneri\u0161u i mogu se reaktivirati samo ve\u017ebama. \"Ovo je kao trening sa tegovima za neurolo\u0161ku obradu\", \u0161ali se doktor.<\/p>\n<p>S druge strane, neki oblici demencije obi\u010dno po\u010dinju sa o\u0161te\u0107enjem sluha. ORL lekar stoga preporu\u010duje slede\u0107e: \"Kad god je prisutno kognitivno o\u0161te\u0107enje, uvek treba izvr\u0161iti dodatni skrining sluha. Nasuprot tome, kada postoji o\u0161te\u0107enje sluha i postoji klini\u010dka sumnja na dodatno kognitivno o\u0161te\u0107enje, treba izvr\u0161iti skrining demencije. Ako pogo\u0111ene osobe ne samo razumeju manje, ve\u0107 i reaguju sporije, hitno se preporu\u010duje O-DEM test - specifi\u010dan kognitivni skrining za pacijente sa o\u0161te\u0107enjem sluha.<\/p>\n<hr \/>\n<p><a href=\"#_ftnref1\" name=\"_ftn1\">[1]<\/a> Livingston G Hantli J Liu Ki et al. Prevencija, intervencija i nega demencije: izve\u0161taj stalne komisije Lancet za 2024. Lanset. 2024, <a href=\"https:\/\/doi.org\/10.1016\/S0140-6736(24)01296-0\">https:\/\/doi.org\/10.1016\/S0140-6736(24)01296-0<\/a><\/p>\n<p><a href=\"#_ftnref2\" name=\"_ftn2\">[2]<\/a> Lin, F. R. i Albert, M. (2014). Gubitak sluha i demencija \u2013 ko slu\u0161a? Starenje i mentalno zdravlje, 18(6), 671-673. <a href=\"https:\/\/doi.org\/10.1080\/13607863.2014.915924\">https:\/\/doi.org\/10.1080\/13607863.2014.915924<\/a><\/p>\n<p><a href=\"#_ftnref3\" name=\"_ftn3\">[3]<\/a> Tun, Patricia et al. (2009). Starenje, o\u0161trina sluha i pa\u017eljivi tro\u0161kovi napornog slu\u0161anja. Psiholo\u0161ko starenje. 24: 761-766. Psihologija i starenje. 24. 761-6. <a href=\"https:\/\/doi.org\/10.1037\/a0014802\">https:\/\/doi.org\/10.1037\/a0014802<\/a>.<\/p>\n<p><a href=\"#_ftnref4\" name=\"_ftn4\">[4]<\/a> Baltimorska longitudinalna studija starenja BLSA, Nacionalni institut za starenje, https:\/\/www.nia.nih.gov\/research\/labs\/blsa<\/p>\n<\/div><div class=\"fusion-builder-row fusion-builder-row-inner fusion-row fusion-flex-align-items-flex-start fusion-flex-content-wrap\" style=\"width:104% !important;max-width:104% !important;margin-left: calc(-4% \/ 2 );margin-right: calc(-4% \/ 2 );\"><div class=\"fusion-layout-column fusion_builder_column_inner fusion-builder-nested-column-0 fusion_builder_column_inner_1_1 1_1 fusion-flex-column\" style=\"--awb-padding-top:5%;--awb-padding-right:5%;--awb-padding-bottom:5%;--awb-padding-left:5%;--awb-bg-color:#faf9f8;--awb-bg-color-hover:#faf9f8;--awb-bg-size:cover;--awb-width-large:100%;--awb-margin-top-large:10px;--awb-spacing-right-large:1.92%;--awb-margin-bottom-large:10px;--awb-spacing-left-large:1.92%;--awb-width-medium:100%;--awb-order-medium:0;--awb-spacing-right-medium:1.92%;--awb-spacing-left-medium:1.92%;--awb-width-small:100%;--awb-order-small:0;--awb-spacing-right-small:1.92%;--awb-spacing-left-small:1.92%;\"><div class=\"fusion-column-wrapper fusion-column-has-shadow fusion-flex-justify-content-flex-start fusion-content-layout-column\"><div class=\"fusion-text fusion-text-3\"><p><strong>11 znakova demencije<\/strong><\/p>\n<ul>\n<li>Rupe u pam\u0107enju i zaboravnost<\/li>\n<li>Pote\u0161ko\u0107e u pra\u0107enju razgovora<\/li>\n<li>Dezorijentacija u vremenu ili na nepoznatim mestima<\/li>\n<li>Problem sa prizivanjem odre\u0111enih re\u010di tokom razgovora (\"ono\u2026\")<\/li>\n<li>Smanjena sposobnost rasu\u0111ivanja i odlu\u010divanja<\/li>\n<li>Stalni gubitak razli\u010ditih predmeta<\/li>\n<li>Problemi sa vizuelnom i prostornom percepcijom<\/li>\n<li>Borba da se iza\u0111e na kraj sa svakodnevnim zadacima<\/li>\n<li>Promene raspolo\u017eenja i promene u pona\u0161anju<\/li>\n<li>Problemi u pra\u0107enju procesa i zadataka<\/li>\n<li>Povla\u010denje sa posla ili iz dru\u0161tvenih aktivnosti<\/li>\n<\/ul>\n<\/div><\/div><\/div><\/div><\/div><\/div><\/div><\/div><\/p>\n","protected":false},"excerpt":{"rendered":"","protected":false},"author":2,"featured_media":32543,"comment_status":"open","ping_status":"open","sticky":false,"template":"","format":"standard","meta":{"_acf_changed":false,"footnotes":""},"categories":[432],"tags":[],"class_list":["post-32540","post","type-post","status-publish","format-standard","has-post-thumbnail","hentry","category-zdravlje"],"yoast_head":"<!-- This site is optimized with the Yoast SEO plugin v24.3 - https:\/\/yoast.com\/wordpress\/plugins\/seo\/ -->\n<title>Gubitak sluha i demencija: dobar sluh \u0161titi pam\u0107enje - Serbian<\/title>\n<meta name=\"robots\" content=\"index, follow, max-snippet:-1, max-image-preview:large, max-video-preview:-1\" \/>\n<link rel=\"canonical\" href=\"https:\/\/lifelonghearing.com\/sr\/gubitak-sluha-i-demencija-dobar-sluh-stiti-pamcenje\/\" \/>\n<meta property=\"og:locale\" content=\"en_US\" \/>\n<meta property=\"og:type\" content=\"article\" \/>\n<meta property=\"og:title\" content=\"Gubitak sluha i demencija: dobar sluh \u0161titi pam\u0107enje - Serbian\" \/>\n<meta property=\"og:url\" content=\"https:\/\/lifelonghearing.com\/sr\/gubitak-sluha-i-demencija-dobar-sluh-stiti-pamcenje\/\" \/>\n<meta property=\"og:site_name\" content=\"Serbian\" \/>\n<meta property=\"article:published_time\" content=\"2025-11-14T11:54:47+00:00\" \/>\n<meta property=\"og:image\" content=\"https:\/\/lifelonghearing.com\/sr\/wp-content\/uploads\/sites\/16\/2025\/11\/template_featured.jpg\" \/>\n\t<meta property=\"og:image:width\" content=\"1400\" \/>\n\t<meta property=\"og:image:height\" content=\"652\" \/>\n\t<meta property=\"og:image:type\" content=\"image\/jpeg\" \/>\n<meta name=\"author\" content=\"lifelonghearadmin\" \/>\n<meta name=\"twitter:card\" content=\"summary_large_image\" \/>\n<meta name=\"twitter:label1\" content=\"Written by\" \/>\n\t<meta name=\"twitter:data1\" content=\"lifelonghearadmin\" \/>\n\t<meta name=\"twitter:label2\" content=\"Est. reading time\" \/>\n\t<meta name=\"twitter:data2\" content=\"7 minutes\" \/>\n<script type=\"application\/ld+json\" class=\"yoast-schema-graph\">{\"@context\":\"https:\/\/schema.org\",\"@graph\":[{\"@type\":\"WebPage\",\"@id\":\"https:\/\/lifelonghearing.com\/sr\/gubitak-sluha-i-demencija-dobar-sluh-stiti-pamcenje\/\",\"url\":\"https:\/\/lifelonghearing.com\/sr\/gubitak-sluha-i-demencija-dobar-sluh-stiti-pamcenje\/\",\"name\":\"Gubitak sluha i demencija: dobar sluh \u0161titi pam\u0107enje - Serbian\",\"isPartOf\":{\"@id\":\"https:\/\/lifelonghearing.com\/sr\/#website\"},\"primaryImageOfPage\":{\"@id\":\"https:\/\/lifelonghearing.com\/sr\/gubitak-sluha-i-demencija-dobar-sluh-stiti-pamcenje\/#primaryimage\"},\"image\":{\"@id\":\"https:\/\/lifelonghearing.com\/sr\/gubitak-sluha-i-demencija-dobar-sluh-stiti-pamcenje\/#primaryimage\"},\"thumbnailUrl\":\"https:\/\/lifelonghearing.com\/sr\/wp-content\/uploads\/sites\/16\/2025\/11\/template_featured.jpg\",\"datePublished\":\"2025-11-14T11:54:47+00:00\",\"dateModified\":\"2025-11-14T11:54:47+00:00\",\"author\":{\"@id\":\"https:\/\/lifelonghearing.com\/sr\/#\/schema\/person\/f8b757daaeff08ac5d86fd76d4b65bb7\"},\"breadcrumb\":{\"@id\":\"https:\/\/lifelonghearing.com\/sr\/gubitak-sluha-i-demencija-dobar-sluh-stiti-pamcenje\/#breadcrumb\"},\"inLanguage\":\"en-US\",\"potentialAction\":[{\"@type\":\"ReadAction\",\"target\":[\"https:\/\/lifelonghearing.com\/sr\/gubitak-sluha-i-demencija-dobar-sluh-stiti-pamcenje\/\"]}]},{\"@type\":\"ImageObject\",\"inLanguage\":\"en-US\",\"@id\":\"https:\/\/lifelonghearing.com\/sr\/gubitak-sluha-i-demencija-dobar-sluh-stiti-pamcenje\/#primaryimage\",\"url\":\"https:\/\/lifelonghearing.com\/sr\/wp-content\/uploads\/sites\/16\/2025\/11\/template_featured.jpg\",\"contentUrl\":\"https:\/\/lifelonghearing.com\/sr\/wp-content\/uploads\/sites\/16\/2025\/11\/template_featured.jpg\",\"width\":1400,\"height\":652},{\"@type\":\"BreadcrumbList\",\"@id\":\"https:\/\/lifelonghearing.com\/sr\/gubitak-sluha-i-demencija-dobar-sluh-stiti-pamcenje\/#breadcrumb\",\"itemListElement\":[{\"@type\":\"ListItem\",\"position\":1,\"name\":\"Home\",\"item\":\"https:\/\/lifelonghearing.com\/sr\/\"},{\"@type\":\"ListItem\",\"position\":2,\"name\":\"Gubitak sluha i demencija: dobar sluh \u0161titi pam\u0107enje\"}]},{\"@type\":\"WebSite\",\"@id\":\"https:\/\/lifelonghearing.com\/sr\/#website\",\"url\":\"https:\/\/lifelonghearing.com\/sr\/\",\"name\":\"Serbian\",\"description\":\"\",\"potentialAction\":[{\"@type\":\"SearchAction\",\"target\":{\"@type\":\"EntryPoint\",\"urlTemplate\":\"https:\/\/lifelonghearing.com\/sr\/?s={search_term_string}\"},\"query-input\":{\"@type\":\"PropertyValueSpecification\",\"valueRequired\":true,\"valueName\":\"search_term_string\"}}],\"inLanguage\":\"en-US\"},{\"@type\":\"Person\",\"@id\":\"https:\/\/lifelonghearing.com\/sr\/#\/schema\/person\/f8b757daaeff08ac5d86fd76d4b65bb7\",\"name\":\"lifelonghearadmin\",\"image\":{\"@type\":\"ImageObject\",\"inLanguage\":\"en-US\",\"@id\":\"https:\/\/lifelonghearing.com\/sr\/#\/schema\/person\/image\/\",\"url\":\"https:\/\/secure.gravatar.com\/avatar\/6fa8982be4f6fc035221785630430277?s=96&d=mm&r=g\",\"contentUrl\":\"https:\/\/secure.gravatar.com\/avatar\/6fa8982be4f6fc035221785630430277?s=96&d=mm&r=g\",\"caption\":\"lifelonghearadmin\"},\"url\":\"https:\/\/lifelonghearing.com\/sr\/author\/lifelonghearadmin\/\"}]}<\/script>\n<!-- \/ Yoast SEO plugin. -->","yoast_head_json":{"title":"Gubitak sluha i demencija: dobar sluh \u0161titi pam\u0107enje - Serbian","robots":{"index":"index","follow":"follow","max-snippet":"max-snippet:-1","max-image-preview":"max-image-preview:large","max-video-preview":"max-video-preview:-1"},"canonical":"https:\/\/lifelonghearing.com\/sr\/gubitak-sluha-i-demencija-dobar-sluh-stiti-pamcenje\/","og_locale":"en_US","og_type":"article","og_title":"Gubitak sluha i demencija: dobar sluh \u0161titi pam\u0107enje - Serbian","og_url":"https:\/\/lifelonghearing.com\/sr\/gubitak-sluha-i-demencija-dobar-sluh-stiti-pamcenje\/","og_site_name":"Serbian","article_published_time":"2025-11-14T11:54:47+00:00","og_image":[{"width":1400,"height":652,"url":"https:\/\/lifelonghearing.com\/sr\/wp-content\/uploads\/sites\/16\/2025\/11\/template_featured.jpg","type":"image\/jpeg"}],"author":"lifelonghearadmin","twitter_card":"summary_large_image","twitter_misc":{"Written by":"lifelonghearadmin","Est. reading time":"7 minutes"},"schema":{"@context":"https:\/\/schema.org","@graph":[{"@type":"WebPage","@id":"https:\/\/lifelonghearing.com\/sr\/gubitak-sluha-i-demencija-dobar-sluh-stiti-pamcenje\/","url":"https:\/\/lifelonghearing.com\/sr\/gubitak-sluha-i-demencija-dobar-sluh-stiti-pamcenje\/","name":"Gubitak sluha i demencija: dobar sluh \u0161titi pam\u0107enje - Serbian","isPartOf":{"@id":"https:\/\/lifelonghearing.com\/sr\/#website"},"primaryImageOfPage":{"@id":"https:\/\/lifelonghearing.com\/sr\/gubitak-sluha-i-demencija-dobar-sluh-stiti-pamcenje\/#primaryimage"},"image":{"@id":"https:\/\/lifelonghearing.com\/sr\/gubitak-sluha-i-demencija-dobar-sluh-stiti-pamcenje\/#primaryimage"},"thumbnailUrl":"https:\/\/lifelonghearing.com\/sr\/wp-content\/uploads\/sites\/16\/2025\/11\/template_featured.jpg","datePublished":"2025-11-14T11:54:47+00:00","dateModified":"2025-11-14T11:54:47+00:00","author":{"@id":"https:\/\/lifelonghearing.com\/sr\/#\/schema\/person\/f8b757daaeff08ac5d86fd76d4b65bb7"},"breadcrumb":{"@id":"https:\/\/lifelonghearing.com\/sr\/gubitak-sluha-i-demencija-dobar-sluh-stiti-pamcenje\/#breadcrumb"},"inLanguage":"en-US","potentialAction":[{"@type":"ReadAction","target":["https:\/\/lifelonghearing.com\/sr\/gubitak-sluha-i-demencija-dobar-sluh-stiti-pamcenje\/"]}]},{"@type":"ImageObject","inLanguage":"en-US","@id":"https:\/\/lifelonghearing.com\/sr\/gubitak-sluha-i-demencija-dobar-sluh-stiti-pamcenje\/#primaryimage","url":"https:\/\/lifelonghearing.com\/sr\/wp-content\/uploads\/sites\/16\/2025\/11\/template_featured.jpg","contentUrl":"https:\/\/lifelonghearing.com\/sr\/wp-content\/uploads\/sites\/16\/2025\/11\/template_featured.jpg","width":1400,"height":652},{"@type":"BreadcrumbList","@id":"https:\/\/lifelonghearing.com\/sr\/gubitak-sluha-i-demencija-dobar-sluh-stiti-pamcenje\/#breadcrumb","itemListElement":[{"@type":"ListItem","position":1,"name":"Home","item":"https:\/\/lifelonghearing.com\/sr\/"},{"@type":"ListItem","position":2,"name":"Gubitak sluha i demencija: dobar sluh \u0161titi pam\u0107enje"}]},{"@type":"WebSite","@id":"https:\/\/lifelonghearing.com\/sr\/#website","url":"https:\/\/lifelonghearing.com\/sr\/","name":"Serbian","description":"","potentialAction":[{"@type":"SearchAction","target":{"@type":"EntryPoint","urlTemplate":"https:\/\/lifelonghearing.com\/sr\/?s={search_term_string}"},"query-input":{"@type":"PropertyValueSpecification","valueRequired":true,"valueName":"search_term_string"}}],"inLanguage":"en-US"},{"@type":"Person","@id":"https:\/\/lifelonghearing.com\/sr\/#\/schema\/person\/f8b757daaeff08ac5d86fd76d4b65bb7","name":"lifelonghearadmin","image":{"@type":"ImageObject","inLanguage":"en-US","@id":"https:\/\/lifelonghearing.com\/sr\/#\/schema\/person\/image\/","url":"https:\/\/secure.gravatar.com\/avatar\/6fa8982be4f6fc035221785630430277?s=96&d=mm&r=g","contentUrl":"https:\/\/secure.gravatar.com\/avatar\/6fa8982be4f6fc035221785630430277?s=96&d=mm&r=g","caption":"lifelonghearadmin"},"url":"https:\/\/lifelonghearing.com\/sr\/author\/lifelonghearadmin\/"}]}},"acf":[],"_links":{"self":[{"href":"https:\/\/lifelonghearing.com\/sr\/wp-json\/wp\/v2\/posts\/32540","targetHints":{"allow":["GET"]}}],"collection":[{"href":"https:\/\/lifelonghearing.com\/sr\/wp-json\/wp\/v2\/posts"}],"about":[{"href":"https:\/\/lifelonghearing.com\/sr\/wp-json\/wp\/v2\/types\/post"}],"author":[{"embeddable":true,"href":"https:\/\/lifelonghearing.com\/sr\/wp-json\/wp\/v2\/users\/2"}],"replies":[{"embeddable":true,"href":"https:\/\/lifelonghearing.com\/sr\/wp-json\/wp\/v2\/comments?post=32540"}],"version-history":[{"count":4,"href":"https:\/\/lifelonghearing.com\/sr\/wp-json\/wp\/v2\/posts\/32540\/revisions"}],"predecessor-version":[{"id":32546,"href":"https:\/\/lifelonghearing.com\/sr\/wp-json\/wp\/v2\/posts\/32540\/revisions\/32546"}],"wp:featuredmedia":[{"embeddable":true,"href":"https:\/\/lifelonghearing.com\/sr\/wp-json\/wp\/v2\/media\/32543"}],"wp:attachment":[{"href":"https:\/\/lifelonghearing.com\/sr\/wp-json\/wp\/v2\/media?parent=32540"}],"wp:term":[{"taxonomy":"category","embeddable":true,"href":"https:\/\/lifelonghearing.com\/sr\/wp-json\/wp\/v2\/categories?post=32540"},{"taxonomy":"post_tag","embeddable":true,"href":"https:\/\/lifelonghearing.com\/sr\/wp-json\/wp\/v2\/tags?post=32540"}],"curies":[{"name":"wp","href":"https:\/\/api.w.org\/{rel}","templated":true}]}}