{"id":32518,"date":"2025-09-02T11:18:05","date_gmt":"2025-09-02T11:18:05","guid":{"rendered":"https:\/\/lifelonghearing.com\/sr\/?p=32518"},"modified":"2025-09-02T11:18:05","modified_gmt":"2025-09-02T11:18:05","slug":"meningitis-gubitak-sluha","status":"publish","type":"post","link":"https:\/\/lifelonghearing.com\/sr\/meningitis-gubitak-sluha\/","title":{"rendered":"Meningitis mo\u017ee izazvati gubitak sluha &#8211; ali kohlearni implantati su re\u0161enje!"},"content":{"rendered":"<p><div class=\"fusion-fullwidth fullwidth-box fusion-builder-row-1 fusion-flex-container nonhundred-percent-fullwidth non-hundred-percent-height-scrolling\" style=\"--awb-border-radius-top-left:0px;--awb-border-radius-top-right:0px;--awb-border-radius-bottom-right:0px;--awb-border-radius-bottom-left:0px;--awb-flex-wrap:wrap;\" ><div class=\"fusion-builder-row fusion-row fusion-flex-align-items-flex-start fusion-flex-content-wrap\" style=\"max-width:1248px;margin-left: calc(-4% \/ 2 );margin-right: calc(-4% \/ 2 );\"><div class=\"fusion-layout-column fusion_builder_column fusion-builder-column-0 fusion_builder_column_1_1 1_1 fusion-flex-column\" style=\"--awb-bg-size:cover;--awb-width-large:100%;--awb-margin-top-large:0px;--awb-spacing-right-large:1.92%;--awb-margin-bottom-large:10px;--awb-spacing-left-large:1.92%;--awb-width-medium:100%;--awb-order-medium:0;--awb-spacing-right-medium:1.92%;--awb-spacing-left-medium:1.92%;--awb-width-small:100%;--awb-order-small:0;--awb-spacing-right-small:1.92%;--awb-spacing-left-small:1.92%;\"><div class=\"fusion-column-wrapper fusion-column-has-shadow fusion-flex-justify-content-flex-start fusion-content-layout-column\"><div class=\"fusion-title title fusion-title-1 fusion-sep-none fusion-title-text fusion-title-size-one\" style=\"--awb-margin-top:0px;--awb-font-size:38px;\"><h1 class=\"fusion-title-heading title-heading-left fusion-responsive-typography-calculated\" style=\"margin:0;font-size:1em;--fontSize:38;line-height:1.3;\">U slu\u010daju gubitka sluha nakon meningitisa, brza kohlearna implantacija je klju\u010dna<\/h1><\/div><div class=\"fusion-text fusion-text-1\"><p>Meningitis je opasna bolest sa veoma razli\u010ditim mogu\u0107im uzrocima. Jedna od njegovih mogu\u0107ih posledica je trajni gubitak sluha. U takvim slu\u010dajevima, brza kohlearna implantacija tada mo\u017ee vratiti sluh.<\/p>\n<\/div><div class=\"fusion-image-element \" style=\"--awb-caption-title-font-family:var(--h2_typography-font-family);--awb-caption-title-font-weight:var(--h2_typography-font-weight);--awb-caption-title-font-style:var(--h2_typography-font-style);--awb-caption-title-size:var(--h2_typography-font-size);--awb-caption-title-transform:var(--h2_typography-text-transform);--awb-caption-title-line-height:var(--h2_typography-line-height);--awb-caption-title-letter-spacing:var(--h2_typography-letter-spacing);\"><span class=\" fusion-imageframe imageframe-none imageframe-1 hover-type-none\"><img decoding=\"async\" width=\"1400\" height=\"652\" title=\"meningitis_featured\" src=\"https:\/\/lifelonghearing.com\/sr\/wp-content\/uploads\/sites\/16\/2025\/09\/meningitis_featured.jpg\" data-orig-src=\"https:\/\/lifelonghearing.com\/sr\/wp-content\/uploads\/sites\/16\/2025\/09\/meningitis_featured.jpg\" alt class=\"lazyload img-responsive wp-image-32519\" srcset=\"data:image\/svg+xml,%3Csvg%20xmlns%3D%27http%3A%2F%2Fwww.w3.org%2F2000%2Fsvg%27%20width%3D%271400%27%20height%3D%27652%27%20viewBox%3D%270%200%201400%20652%27%3E%3Crect%20width%3D%271400%27%20height%3D%27652%27%20fill-opacity%3D%220%22%2F%3E%3C%2Fsvg%3E\" data-srcset=\"https:\/\/lifelonghearing.com\/sr\/wp-content\/uploads\/sites\/16\/2025\/09\/meningitis_featured-200x93.jpg 200w, https:\/\/lifelonghearing.com\/sr\/wp-content\/uploads\/sites\/16\/2025\/09\/meningitis_featured-400x186.jpg 400w, https:\/\/lifelonghearing.com\/sr\/wp-content\/uploads\/sites\/16\/2025\/09\/meningitis_featured-600x279.jpg 600w, https:\/\/lifelonghearing.com\/sr\/wp-content\/uploads\/sites\/16\/2025\/09\/meningitis_featured-800x373.jpg 800w, https:\/\/lifelonghearing.com\/sr\/wp-content\/uploads\/sites\/16\/2025\/09\/meningitis_featured-1200x559.jpg 1200w, https:\/\/lifelonghearing.com\/sr\/wp-content\/uploads\/sites\/16\/2025\/09\/meningitis_featured.jpg 1400w\" data-sizes=\"auto\" data-orig-sizes=\"(max-width: 1024px) 100vw, (max-width: 640px) 100vw, 1200px\" \/><\/span><\/div><\/div><\/div><\/div><\/div><div class=\"fusion-fullwidth fullwidth-box fusion-builder-row-2 fusion-flex-container nonhundred-percent-fullwidth non-hundred-percent-height-scrolling\" style=\"--awb-border-radius-top-left:0px;--awb-border-radius-top-right:0px;--awb-border-radius-bottom-right:0px;--awb-border-radius-bottom-left:0px;--awb-flex-wrap:wrap;\" ><div class=\"fusion-builder-row fusion-row fusion-flex-align-items-flex-start fusion-flex-content-wrap\" style=\"max-width:1248px;margin-left: calc(-4% \/ 2 );margin-right: calc(-4% \/ 2 );\"><div class=\"fusion-layout-column fusion_builder_column fusion-builder-column-1 fusion_builder_column_1_1 1_1 fusion-flex-column\" style=\"--awb-bg-size:cover;--awb-width-large:100%;--awb-margin-top-large:0px;--awb-spacing-right-large:1.92%;--awb-margin-bottom-large:0px;--awb-spacing-left-large:1.92%;--awb-width-medium:100%;--awb-spacing-right-medium:1.92%;--awb-spacing-left-medium:1.92%;--awb-width-small:100%;--awb-spacing-right-small:1.92%;--awb-spacing-left-small:1.92%;\"><div class=\"fusion-column-wrapper fusion-flex-justify-content-flex-start fusion-content-layout-column\"><div class=\"fusion-text fusion-text-2\"><div id=\"text-block-1\">\n<p>Meningitis je upala membrana (meninge) koje okru\u017euju centralni nervni sistem u mozgu i ki\u010dmenu mo\u017edinu. Mo\u017ee imati mnogo razli\u010ditih uzroka - bakterije, virusi, gljivice, ili mo\u017ee nastati kao komplikacija drugih bolesti. \u010cesto je u akutnim slu\u010dajevima jako brz i opasan razvoj bolesti. <a href=\"#_ftn1\" name=\"_ftnref1\">[1]<\/a><\/p>\n<p>U zavisnosti od uzroka i op\u0161teg zdravstvenog stanja osobe, meningitis mo\u017ee postati opasan po \u017eivot. Zato je veoma va\u017eno da se odmah obratite lekaru ili bolnici ako prepoznate prve znake meningitisa. \u010cak i tada mo\u017ee do\u0107i do trajnog neurolo\u0161kog o\u0161te\u0107enja, uklju\u010duju\u0107i i blagi gubitak sluha ili potpunu gluvo\u0107u.<\/p>\n<p>Dok se od drugih neurolo\u0161kih posledica te\u0161ko ili nemogu\u0107e potpuno oporaviti, kohlearni implantati mogu povratiti izgubljeni sluh. Po\u0161to meningitis \u010desto dovodi do oko\u0161tavanja kohlee, odluka o implantaciji se mora doneti brzo. Ljudi koji su ogluveli posle meningitisa i odlu\u010dili se za implantate, imaju veoma dobre ishode u oporavku sluha i komunikaciji.<\/p>\n<h2><strong>Meningitis: puno mogu\u0107ih uzroka\u00a0<\/strong><\/h2>\n<p>U na\u0161em regionu se u medijima \u010desto govori o ranom letnjem meningoencefalitisu (FSME), koji prenose krpelji. Lajamska bolest, koju tako\u0111e prenose krpelji, mo\u017ee dovesti do meningitisa. Iako postoji za\u0161titna vakcina protiv meningoencefalitisa, vakcina protiv lajamske bolesti jo\u0161 uvek nije dostupna.<\/p>\n<p>Pored ovog primera, meningitis mo\u017ee biti uzrokovan i mnogim drugim patogenima. Vakcine postoje za bakterijski meningitis izazvan meningokokama, pneumokokama i hemophylus influenzae B (HiB). Mnoge bolesti u detinjstvu tako\u0111e mogu dovesti do meningitisa.<\/p>\n<h2><strong>Za\u0161tita od meningitisa\u00a0<\/strong><\/h2>\n<p>S obzirom na \u0161irok spektar mogu\u0107ih uzroka, <a href=\"https:\/\/www.who.int\/news-room\/fact-sheets\/detail\/meningitis\" target=\"_blank\" rel=\"noopener\">Svetska zdravstvena organizacija (SZO) <\/a>\u00a0smatra bakterijski meningitis najve\u0107im globalnim optere\u0107enjem. Veoma je zarazna i \u010desto izaziva epidemije. Bakterije koje su odgovorne vezane su i za neke druge bolesti, me\u0111u kojima su najva\u017enije pneumokoke, meningokoke, haemophylus influenzae i streptokoke grupe B.<\/p>\n<p>Postoje efikasne vakcine protiv nekih od ovih patogena. Ove vakcine \u0161tite ne samo vakcinisane pojedince, ve\u0107 i druge koji ne mogu da se vakcini\u0161u - kao \u0161to su bebe premlade za vakcinaciju ili starije i osetljive osobe sa oslabljenim imunitetom. Ovo je posebno va\u017eno za bliske \u010dlanove porodice.<\/p>\n<p>Ako je vakcinisano najmanje 19 od 20 osoba, celokupna populacija je za\u0161ti\u0107ena. De\u010dija paraliza je primer volesti koja se smatra iskorenjenom u mnogim zemljama zahvaljuju\u0107i ovom tzv. kolektivnom imunitetu. SZO ima za cilj da \"pobedi meningitis do 2030.godine na sli\u010dan na\u010din\".<\/p>\n<p>Otvorene rane od operacije ili povrede mogu privremeno omogu\u0107iti bakterijama da u\u0111u u telo. U pro\u0161losti su pneumokoke povremeno identifikovali kao uzrok meningitisa u vezi sa kohlearnom implantacijom. Me\u0111utim, vakcinacija mo\u017ee da elimini\u0161e ovaj rizik. Pored toga, atraumatske CI elektrode, kao \u0161to su one koje koristi MED-EL, mogu dodatno smanjiti potencijalne rizike.<\/p>\n<h2>Brza reakcija spa\u0161ava \u017eivot<\/h2>\n<div id=\"attachment_32335\" style=\"width: 310px\" class=\"wp-caption alignleft\"><img decoding=\"async\" aria-describedby=\"caption-attachment-32335\" class=\"lazyload wp-image-32335 size-medium\" src=\"data:image\/svg+xml,%3Csvg%20xmlns%3D%27http%3A%2F%2Fwww.w3.org%2F2000%2Fsvg%27%20width%3D%27300%27%20height%3D%27247%27%20viewBox%3D%270%200%20300%20247%27%3E%3Crect%20width%3D%27300%27%20height%3D%27247%27%20fill-opacity%3D%220%22%2F%3E%3C%2Fsvg%3E\" data-orig-src=\"https:\/\/lifelonghearing.com\/wp-content\/uploads\/2025\/07\/Petra-Trieb-300x247.jpg\" alt=\"\" width=\"300\" height=\"247\" \/><p id=\"caption-attachment-32335\" class=\"wp-caption-text\">Petra Trieb o svom CI tretmanu nakon meningitisa: \"Za mene je bilo nezamislivo da nikad vi\u0161e ne \u010dujem, pa sam odmah rekla \"da\" implantaciji.\" \u00a9privat<\/p><\/div>\n<p>Uko\u010denost vrata, groznica, konfuzija, glavobolja, mu\u010dnina i povra\u0107anje su \u010desti simptomi meningitisa. Ostale klini\u010dke slike mogu varirati u zavisnosti od uzroka i toka poreme\u0107aja. Ako sumnjate na meningitis, odmah pozovite hitnu slu\u017ebu. Bakterijski meningitis je hitan medicinski slu\u010daj i mo\u017ee biti fatalan - posebno kod male dece, koja mogu pokazivati samo suptilne ili atipi\u010dne znake.<\/p>\n<p>Ovo stanje je posebno kriti\u010dno kod malih beba jer one ne samo da su manje otporne, ve\u0107 imaju i manje tipi\u010dne simptome, \u0161to olak\u0161ava propu\u0161tanje brze reakcije.<\/p>\n<p>\u010cak i kada je le\u010denje uspe\u0161no, komplikacije mogu ostati. Ovo je pri\u010da Petre Trieb iz Austrije, koja je izgubila sluh u 13.godini zbog pneumokoknog meningitisa. \"To je bila velika kriza za mene, pre\u0161la sam iz zdrave u devojku bez sluha. Za mene je bilo nezamislivo da nikad vi\u0161e ne \u010dujem.\" Zahvaljuju\u0107i kohlearnom implantatu, Petra je ponovo \u010dula. \"Sada mogu opet da \u010dujem sve: razumem svoju decu, slu\u0161am muziku, gledam TV, idem u bioskop i razgovaram telefonom.\"<\/p>\n<p>Ali njena pri\u010da jo\u0161 jednom nagla\u0161ava koliko je brza reakcija va\u017ena: osifikacija kohlee se mo\u017ee javiti u roku od nekoliko nedelja ili meseci nakon prele\u017eanog meningitisa, a odlo\u017eena reakcija zna\u010di da CI elektroda vi\u0161e ne mo\u017ee biti potpuno umetnuta. Za Petru je ova odluka bila laka: \"Odmah sam rekla \"da\" svom implantatu!\"<\/p>\n<p><a href=\"#_ftnref1\" name=\"_ftn1\">[1]<\/a> https:\/\/www.gesundheit.gv.at\/krankheiten\/gehirn-nerven\/meningitis.html<\/p>\n<\/div>\n<\/div><div class=\"fusion-reading-box-container reading-box-container-1\" style=\"--awb-title-color:#3d3b3b;--awb-margin-top:0px;--awb-margin-bottom:84px;\"><div class=\"reading-box\" style=\"background-color:var(--awb-custom11);border-width:1px;border-color:#e0dede;border-left-width:3px;border-left-color:var(--primary_color);border-style:solid;\"><h2>Meningitis: najva\u017enije \u010dinjenice<\/h2><div class=\"reading-box-description fusion-reading-box-additional\"> <\/div><div class=\"reading-box-additional\">\n<p><strong>Uzroci:<\/strong> Bakterije, virusi, gljivice i paraziti<br \/>\n<strong>Najopasniji oblik:<\/strong> Bakterijski meningitis<\/p>\n<ul>\n<li>1 od 6 pacijenata na svetu umire od ove bolesti<\/li>\n<li>1 u 5 pacijenata ima ozbiljne komplikacije (npr. gluvo\u0107a)<\/li>\n<\/ul>\n<p><strong>Simptomi:<\/strong><\/p>\n<ul>\n<li>Uko\u010denost vrata<\/li>\n<li>Visoka temperatura<\/li>\n<li>Zbunjenost<\/li>\n<li>Glavobolje<\/li>\n<li>Mu\u010dnina, povra\u0107anje<\/li>\n<li>Kod malih beba: lo\u0161 apetit, apatija, fras, ispup\u010dena fontanela<\/li>\n<\/ul>\n<p><strong>Dostupne vakcine:<\/strong><\/p>\n<ul>\n<li>Meningokoke<\/li>\n<li>Pneumokoke: preporu\u010duju se pre kohlearne implantacije<\/li>\n<li>HiB: deo \u0161estovalentne vakcije za bebe<\/li>\n<li>Vari\u010dele (male boginje)<\/li>\n<li>Zau\u0161ke: deon MMR vakcine<\/li>\n<li>Vakcina protiv encefalitisa izazvanog krpeljima<\/li>\n<\/ul>\n<p><strong>Ako sumnjate na meningitis, odmah potra\u017eite medicinsku pomo\u0107!<\/strong><\/p>\n<\/div><div class=\"fusion-clearfix\"><\/div><\/div><\/div><div class=\"fusion-reading-box-container reading-box-container-2\" style=\"--awb-title-color:#3d3b3b;--awb-margin-top:0px;--awb-margin-bottom:84px;\"><div class=\"reading-box\" style=\"background-color:#ffffff;border-width:1px;border-color:#e0dede;border-left-width:3px;border-left-color:var(--primary_color);border-style:solid;\"><h2>Kohlearni implantati posle meningitisa<\/h2><div class=\"reading-box-description fusion-reading-box-additional\"> <\/div><div class=\"reading-box-additional\">\n<p>Ako je posledica meningitisa gubitak sluha, kohlearni implant mo\u017ee pomo\u0107i. Ali ovde je brzina reakcije klju\u010dna: osifikacija kohlee nakon meningitisa mo\u017ee u\u010diniti implantaciju te\u0161kom ili nemogu\u0107om. Pacijenti koji dobiju implant rano bele\u017ee odli\u010dne rezultate u slu\u0161anju i komunikaciji.<\/p>\n<\/div><div class=\"fusion-clearfix\"><\/div><\/div><\/div><\/div><\/div><\/div><\/div><\/p>\n","protected":false},"excerpt":{"rendered":"","protected":false},"author":2,"featured_media":32519,"comment_status":"open","ping_status":"open","sticky":false,"template":"","format":"standard","meta":{"_acf_changed":false,"footnotes":""},"categories":[432],"tags":[],"class_list":["post-32518","post","type-post","status-publish","format-standard","has-post-thumbnail","hentry","category-zdravlje"],"yoast_head":"<!-- This site is optimized with the Yoast SEO plugin v24.3 - https:\/\/yoast.com\/wordpress\/plugins\/seo\/ -->\n<title>Meningitis mo\u017ee izazvati gubitak sluha - ali kohlearni implantati su re\u0161enje! - Serbian<\/title>\n<meta name=\"robots\" content=\"index, follow, max-snippet:-1, max-image-preview:large, max-video-preview:-1\" \/>\n<link rel=\"canonical\" href=\"https:\/\/lifelonghearing.com\/sr\/meningitis-gubitak-sluha\/\" \/>\n<meta property=\"og:locale\" content=\"en_US\" \/>\n<meta property=\"og:type\" content=\"article\" \/>\n<meta property=\"og:title\" content=\"Meningitis mo\u017ee izazvati gubitak sluha - ali kohlearni implantati su re\u0161enje! - Serbian\" \/>\n<meta property=\"og:url\" content=\"https:\/\/lifelonghearing.com\/sr\/meningitis-gubitak-sluha\/\" \/>\n<meta property=\"og:site_name\" content=\"Serbian\" \/>\n<meta property=\"article:published_time\" content=\"2025-09-02T11:18:05+00:00\" \/>\n<meta property=\"og:image\" content=\"https:\/\/lifelonghearing.com\/sr\/wp-content\/uploads\/sites\/16\/2025\/09\/meningitis_featured.jpg\" \/>\n\t<meta property=\"og:image:width\" content=\"1400\" \/>\n\t<meta property=\"og:image:height\" content=\"652\" \/>\n\t<meta property=\"og:image:type\" content=\"image\/jpeg\" \/>\n<meta name=\"author\" content=\"lifelonghearadmin\" \/>\n<meta name=\"twitter:card\" content=\"summary_large_image\" \/>\n<meta name=\"twitter:label1\" content=\"Written by\" \/>\n\t<meta name=\"twitter:data1\" content=\"lifelonghearadmin\" \/>\n\t<meta name=\"twitter:label2\" content=\"Est. reading time\" \/>\n\t<meta name=\"twitter:data2\" content=\"1 minute\" \/>\n<script type=\"application\/ld+json\" class=\"yoast-schema-graph\">{\"@context\":\"https:\/\/schema.org\",\"@graph\":[{\"@type\":\"WebPage\",\"@id\":\"https:\/\/lifelonghearing.com\/sr\/meningitis-gubitak-sluha\/\",\"url\":\"https:\/\/lifelonghearing.com\/sr\/meningitis-gubitak-sluha\/\",\"name\":\"Meningitis mo\u017ee izazvati gubitak sluha - ali kohlearni implantati su re\u0161enje! - Serbian\",\"isPartOf\":{\"@id\":\"https:\/\/lifelonghearing.com\/sr\/#website\"},\"primaryImageOfPage\":{\"@id\":\"https:\/\/lifelonghearing.com\/sr\/meningitis-gubitak-sluha\/#primaryimage\"},\"image\":{\"@id\":\"https:\/\/lifelonghearing.com\/sr\/meningitis-gubitak-sluha\/#primaryimage\"},\"thumbnailUrl\":\"https:\/\/lifelonghearing.com\/sr\/wp-content\/uploads\/sites\/16\/2025\/09\/meningitis_featured.jpg\",\"datePublished\":\"2025-09-02T11:18:05+00:00\",\"dateModified\":\"2025-09-02T11:18:05+00:00\",\"author\":{\"@id\":\"https:\/\/lifelonghearing.com\/sr\/#\/schema\/person\/f8b757daaeff08ac5d86fd76d4b65bb7\"},\"breadcrumb\":{\"@id\":\"https:\/\/lifelonghearing.com\/sr\/meningitis-gubitak-sluha\/#breadcrumb\"},\"inLanguage\":\"en-US\",\"potentialAction\":[{\"@type\":\"ReadAction\",\"target\":[\"https:\/\/lifelonghearing.com\/sr\/meningitis-gubitak-sluha\/\"]}]},{\"@type\":\"ImageObject\",\"inLanguage\":\"en-US\",\"@id\":\"https:\/\/lifelonghearing.com\/sr\/meningitis-gubitak-sluha\/#primaryimage\",\"url\":\"https:\/\/lifelonghearing.com\/sr\/wp-content\/uploads\/sites\/16\/2025\/09\/meningitis_featured.jpg\",\"contentUrl\":\"https:\/\/lifelonghearing.com\/sr\/wp-content\/uploads\/sites\/16\/2025\/09\/meningitis_featured.jpg\",\"width\":1400,\"height\":652},{\"@type\":\"BreadcrumbList\",\"@id\":\"https:\/\/lifelonghearing.com\/sr\/meningitis-gubitak-sluha\/#breadcrumb\",\"itemListElement\":[{\"@type\":\"ListItem\",\"position\":1,\"name\":\"Home\",\"item\":\"https:\/\/lifelonghearing.com\/sr\/\"},{\"@type\":\"ListItem\",\"position\":2,\"name\":\"Meningitis mo\u017ee izazvati gubitak sluha &#8211; ali kohlearni implantati su re\u0161enje!\"}]},{\"@type\":\"WebSite\",\"@id\":\"https:\/\/lifelonghearing.com\/sr\/#website\",\"url\":\"https:\/\/lifelonghearing.com\/sr\/\",\"name\":\"Serbian\",\"description\":\"\",\"potentialAction\":[{\"@type\":\"SearchAction\",\"target\":{\"@type\":\"EntryPoint\",\"urlTemplate\":\"https:\/\/lifelonghearing.com\/sr\/?s={search_term_string}\"},\"query-input\":{\"@type\":\"PropertyValueSpecification\",\"valueRequired\":true,\"valueName\":\"search_term_string\"}}],\"inLanguage\":\"en-US\"},{\"@type\":\"Person\",\"@id\":\"https:\/\/lifelonghearing.com\/sr\/#\/schema\/person\/f8b757daaeff08ac5d86fd76d4b65bb7\",\"name\":\"lifelonghearadmin\",\"image\":{\"@type\":\"ImageObject\",\"inLanguage\":\"en-US\",\"@id\":\"https:\/\/lifelonghearing.com\/sr\/#\/schema\/person\/image\/\",\"url\":\"https:\/\/secure.gravatar.com\/avatar\/6fa8982be4f6fc035221785630430277?s=96&d=mm&r=g\",\"contentUrl\":\"https:\/\/secure.gravatar.com\/avatar\/6fa8982be4f6fc035221785630430277?s=96&d=mm&r=g\",\"caption\":\"lifelonghearadmin\"},\"url\":\"https:\/\/lifelonghearing.com\/sr\/author\/lifelonghearadmin\/\"}]}<\/script>\n<!-- \/ Yoast SEO plugin. -->","yoast_head_json":{"title":"Meningitis mo\u017ee izazvati gubitak sluha - ali kohlearni implantati su re\u0161enje! - Serbian","robots":{"index":"index","follow":"follow","max-snippet":"max-snippet:-1","max-image-preview":"max-image-preview:large","max-video-preview":"max-video-preview:-1"},"canonical":"https:\/\/lifelonghearing.com\/sr\/meningitis-gubitak-sluha\/","og_locale":"en_US","og_type":"article","og_title":"Meningitis mo\u017ee izazvati gubitak sluha - ali kohlearni implantati su re\u0161enje! - Serbian","og_url":"https:\/\/lifelonghearing.com\/sr\/meningitis-gubitak-sluha\/","og_site_name":"Serbian","article_published_time":"2025-09-02T11:18:05+00:00","og_image":[{"width":1400,"height":652,"url":"https:\/\/lifelonghearing.com\/sr\/wp-content\/uploads\/sites\/16\/2025\/09\/meningitis_featured.jpg","type":"image\/jpeg"}],"author":"lifelonghearadmin","twitter_card":"summary_large_image","twitter_misc":{"Written by":"lifelonghearadmin","Est. reading time":"1 minute"},"schema":{"@context":"https:\/\/schema.org","@graph":[{"@type":"WebPage","@id":"https:\/\/lifelonghearing.com\/sr\/meningitis-gubitak-sluha\/","url":"https:\/\/lifelonghearing.com\/sr\/meningitis-gubitak-sluha\/","name":"Meningitis mo\u017ee izazvati gubitak sluha - ali kohlearni implantati su re\u0161enje! - Serbian","isPartOf":{"@id":"https:\/\/lifelonghearing.com\/sr\/#website"},"primaryImageOfPage":{"@id":"https:\/\/lifelonghearing.com\/sr\/meningitis-gubitak-sluha\/#primaryimage"},"image":{"@id":"https:\/\/lifelonghearing.com\/sr\/meningitis-gubitak-sluha\/#primaryimage"},"thumbnailUrl":"https:\/\/lifelonghearing.com\/sr\/wp-content\/uploads\/sites\/16\/2025\/09\/meningitis_featured.jpg","datePublished":"2025-09-02T11:18:05+00:00","dateModified":"2025-09-02T11:18:05+00:00","author":{"@id":"https:\/\/lifelonghearing.com\/sr\/#\/schema\/person\/f8b757daaeff08ac5d86fd76d4b65bb7"},"breadcrumb":{"@id":"https:\/\/lifelonghearing.com\/sr\/meningitis-gubitak-sluha\/#breadcrumb"},"inLanguage":"en-US","potentialAction":[{"@type":"ReadAction","target":["https:\/\/lifelonghearing.com\/sr\/meningitis-gubitak-sluha\/"]}]},{"@type":"ImageObject","inLanguage":"en-US","@id":"https:\/\/lifelonghearing.com\/sr\/meningitis-gubitak-sluha\/#primaryimage","url":"https:\/\/lifelonghearing.com\/sr\/wp-content\/uploads\/sites\/16\/2025\/09\/meningitis_featured.jpg","contentUrl":"https:\/\/lifelonghearing.com\/sr\/wp-content\/uploads\/sites\/16\/2025\/09\/meningitis_featured.jpg","width":1400,"height":652},{"@type":"BreadcrumbList","@id":"https:\/\/lifelonghearing.com\/sr\/meningitis-gubitak-sluha\/#breadcrumb","itemListElement":[{"@type":"ListItem","position":1,"name":"Home","item":"https:\/\/lifelonghearing.com\/sr\/"},{"@type":"ListItem","position":2,"name":"Meningitis mo\u017ee izazvati gubitak sluha &#8211; ali kohlearni implantati su re\u0161enje!"}]},{"@type":"WebSite","@id":"https:\/\/lifelonghearing.com\/sr\/#website","url":"https:\/\/lifelonghearing.com\/sr\/","name":"Serbian","description":"","potentialAction":[{"@type":"SearchAction","target":{"@type":"EntryPoint","urlTemplate":"https:\/\/lifelonghearing.com\/sr\/?s={search_term_string}"},"query-input":{"@type":"PropertyValueSpecification","valueRequired":true,"valueName":"search_term_string"}}],"inLanguage":"en-US"},{"@type":"Person","@id":"https:\/\/lifelonghearing.com\/sr\/#\/schema\/person\/f8b757daaeff08ac5d86fd76d4b65bb7","name":"lifelonghearadmin","image":{"@type":"ImageObject","inLanguage":"en-US","@id":"https:\/\/lifelonghearing.com\/sr\/#\/schema\/person\/image\/","url":"https:\/\/secure.gravatar.com\/avatar\/6fa8982be4f6fc035221785630430277?s=96&d=mm&r=g","contentUrl":"https:\/\/secure.gravatar.com\/avatar\/6fa8982be4f6fc035221785630430277?s=96&d=mm&r=g","caption":"lifelonghearadmin"},"url":"https:\/\/lifelonghearing.com\/sr\/author\/lifelonghearadmin\/"}]}},"acf":[],"_links":{"self":[{"href":"https:\/\/lifelonghearing.com\/sr\/wp-json\/wp\/v2\/posts\/32518","targetHints":{"allow":["GET"]}}],"collection":[{"href":"https:\/\/lifelonghearing.com\/sr\/wp-json\/wp\/v2\/posts"}],"about":[{"href":"https:\/\/lifelonghearing.com\/sr\/wp-json\/wp\/v2\/types\/post"}],"author":[{"embeddable":true,"href":"https:\/\/lifelonghearing.com\/sr\/wp-json\/wp\/v2\/users\/2"}],"replies":[{"embeddable":true,"href":"https:\/\/lifelonghearing.com\/sr\/wp-json\/wp\/v2\/comments?post=32518"}],"version-history":[{"count":2,"href":"https:\/\/lifelonghearing.com\/sr\/wp-json\/wp\/v2\/posts\/32518\/revisions"}],"predecessor-version":[{"id":32521,"href":"https:\/\/lifelonghearing.com\/sr\/wp-json\/wp\/v2\/posts\/32518\/revisions\/32521"}],"wp:featuredmedia":[{"embeddable":true,"href":"https:\/\/lifelonghearing.com\/sr\/wp-json\/wp\/v2\/media\/32519"}],"wp:attachment":[{"href":"https:\/\/lifelonghearing.com\/sr\/wp-json\/wp\/v2\/media?parent=32518"}],"wp:term":[{"taxonomy":"category","embeddable":true,"href":"https:\/\/lifelonghearing.com\/sr\/wp-json\/wp\/v2\/categories?post=32518"},{"taxonomy":"post_tag","embeddable":true,"href":"https:\/\/lifelonghearing.com\/sr\/wp-json\/wp\/v2\/tags?post=32518"}],"curies":[{"name":"wp","href":"https:\/\/api.w.org\/{rel}","templated":true}]}}