{"id":27246,"date":"2024-07-01T10:30:40","date_gmt":"2024-07-01T08:30:40","guid":{"rendered":"https:\/\/lifelonghearing.com\/?p=27246"},"modified":"2025-05-15T07:50:52","modified_gmt":"2025-05-15T07:50:52","slug":"da-li-ci-korisnici-duze-zive","status":"publish","type":"post","link":"https:\/\/lifelonghearing.com\/sr\/da-li-ci-korisnici-duze-zive\/","title":{"rendered":"Da li CI korisnici du\u017ee \u017eive?"},"content":{"rendered":"<p><div class=\"fusion-fullwidth fullwidth-box fusion-builder-row-1 fusion-flex-container nonhundred-percent-fullwidth non-hundred-percent-height-scrolling\" style=\"--awb-border-radius-top-left:0px;--awb-border-radius-top-right:0px;--awb-border-radius-bottom-right:0px;--awb-border-radius-bottom-left:0px;--awb-flex-wrap:wrap;\" ><div class=\"fusion-builder-row fusion-row fusion-flex-align-items-flex-start fusion-flex-content-wrap\" style=\"max-width:1248px;margin-left: calc(-4% \/ 2 );margin-right: calc(-4% \/ 2 );\"><div class=\"fusion-layout-column fusion_builder_column fusion-builder-column-0 fusion_builder_column_1_1 1_1 fusion-flex-column\" style=\"--awb-bg-size:cover;--awb-width-large:100%;--awb-margin-top-large:0px;--awb-spacing-right-large:1.92%;--awb-margin-bottom-large:10px;--awb-spacing-left-large:1.92%;--awb-width-medium:100%;--awb-order-medium:0;--awb-spacing-right-medium:1.92%;--awb-spacing-left-medium:1.92%;--awb-width-small:100%;--awb-order-small:0;--awb-spacing-right-small:1.92%;--awb-spacing-left-small:1.92%;\"><div class=\"fusion-column-wrapper fusion-column-has-shadow fusion-flex-justify-content-flex-start fusion-content-layout-column\"><div class=\"fusion-title title fusion-title-1 fusion-sep-none fusion-title-text fusion-title-size-one\" style=\"--awb-margin-top:0px;--awb-font-size:38px;\"><h1 class=\"fusion-title-heading title-heading-left fusion-responsive-typography-calculated\" style=\"margin:0;font-size:1em;--fontSize:38;line-height:1.3;\">Kohlearni implantati mogu pobolj\u0161ati zdravlje i produ\u017eiti \u017eivot.<\/h1><\/div><div class=\"fusion-text fusion-text-1\"><p><strong>Gubitak sluha ima zna\u010dajan uticaj na \u017eivot i jedan je od zdravstvenih faktora rizika. On \u010dak mo\u017ee i da skrati \u017eivot ljudi sa ovim problemom. Ipak, istra\u017eiva\u010di su zaklju\u010dili iz nove studije da redovno kori\u0161\u0107enje slu\u0161nih pomagala tako\u0111e mo\u017ee pomo\u0107i ljudima da produ\u017ee \u017eivotni vek. <\/strong><\/p>\n<\/div><div class=\"fusion-image-element \" style=\"--awb-caption-title-font-family:var(--h2_typography-font-family);--awb-caption-title-font-weight:var(--h2_typography-font-weight);--awb-caption-title-font-style:var(--h2_typography-font-style);--awb-caption-title-size:var(--h2_typography-font-size);--awb-caption-title-transform:var(--h2_typography-text-transform);--awb-caption-title-line-height:var(--h2_typography-line-height);--awb-caption-title-letter-spacing:var(--h2_typography-letter-spacing);\"><span class=\" fusion-imageframe imageframe-none imageframe-1 hover-type-none\"><img decoding=\"async\" width=\"1400\" height=\"652\" title=\"featured-couple\" src=\"https:\/\/lifelonghearing.com\/sr\/wp-content\/uploads\/sites\/16\/2024\/07\/featured-couple.png\" data-orig-src=\"https:\/\/lifelonghearing.com\/sr\/wp-content\/uploads\/sites\/16\/2024\/07\/featured-couple.png\" alt class=\"lazyload img-responsive wp-image-31689\" srcset=\"data:image\/svg+xml,%3Csvg%20xmlns%3D%27http%3A%2F%2Fwww.w3.org%2F2000%2Fsvg%27%20width%3D%271400%27%20height%3D%27652%27%20viewBox%3D%270%200%201400%20652%27%3E%3Crect%20width%3D%271400%27%20height%3D%27652%27%20fill-opacity%3D%220%22%2F%3E%3C%2Fsvg%3E\" data-srcset=\"https:\/\/lifelonghearing.com\/sr\/wp-content\/uploads\/sites\/16\/2024\/07\/featured-couple-200x93.png 200w, https:\/\/lifelonghearing.com\/sr\/wp-content\/uploads\/sites\/16\/2024\/07\/featured-couple-400x186.png 400w, https:\/\/lifelonghearing.com\/sr\/wp-content\/uploads\/sites\/16\/2024\/07\/featured-couple-600x279.png 600w, https:\/\/lifelonghearing.com\/sr\/wp-content\/uploads\/sites\/16\/2024\/07\/featured-couple-800x373.png 800w, https:\/\/lifelonghearing.com\/sr\/wp-content\/uploads\/sites\/16\/2024\/07\/featured-couple-1200x559.png 1200w, https:\/\/lifelonghearing.com\/sr\/wp-content\/uploads\/sites\/16\/2024\/07\/featured-couple.png 1400w\" data-sizes=\"auto\" data-orig-sizes=\"(max-width: 1024px) 100vw, (max-width: 640px) 100vw, 1200px\" \/><\/span><\/div><\/div><\/div><\/div><\/div><div class=\"fusion-fullwidth fullwidth-box fusion-builder-row-2 fusion-flex-container nonhundred-percent-fullwidth non-hundred-percent-height-scrolling\" style=\"--awb-border-radius-top-left:0px;--awb-border-radius-top-right:0px;--awb-border-radius-bottom-right:0px;--awb-border-radius-bottom-left:0px;--awb-flex-wrap:wrap;\" ><div class=\"fusion-builder-row fusion-row fusion-flex-align-items-flex-start fusion-flex-content-wrap\" style=\"max-width:1248px;margin-left: calc(-4% \/ 2 );margin-right: calc(-4% \/ 2 );\"><div class=\"fusion-layout-column fusion_builder_column fusion-builder-column-1 fusion_builder_column_1_1 1_1 fusion-flex-column\" style=\"--awb-bg-size:cover;--awb-width-large:100%;--awb-margin-top-large:0px;--awb-spacing-right-large:1.92%;--awb-margin-bottom-large:0px;--awb-spacing-left-large:1.92%;--awb-width-medium:100%;--awb-spacing-right-medium:1.92%;--awb-spacing-left-medium:1.92%;--awb-width-small:100%;--awb-spacing-right-small:1.92%;--awb-spacing-left-small:1.92%;\"><div class=\"fusion-column-wrapper fusion-flex-justify-content-flex-start fusion-content-layout-column\"><div class=\"fusion-text fusion-text-2\"><p>Nau\u010dnica Ketrin Kim Bruster sa medicinskog univerziteta Kolumbija specijalizirala je na temu gerijatrije i demencije. Ona i njen kolega Karli Martin objavili su u nau\u010dnom \u010dasopisu <em>The Lancet<\/em> da je gubitak sluha povezan sa kognitivnim propadanjem, demencijom i lo\u0161im fizi\u010dkim zdravljem. Jo\u0161 2017.godine, objava u <em>The Lancet-u<\/em> pokazala je da je gubitak sluha najve\u0107i faktor rizika za nastanak demencije koji je mogu\u0107e kontrolisati. Ipak, prema drugoj dugoro\u010dnoj studiji iz Bostona (SAD) iz 2019.godine, redovno kori\u0161\u0107enje slu\u0161nih pomagala smanjuje ovaj rizik. \u0160ta vi\u0161e, gubitak sluha mo\u017ee izazvati i mentalne poreme\u0107aje, kao \u0161to je depresija. Ovde eksperti misle na kombinaciju trajnog depresivnog raspolo\u017eenja, ruminaciju, bezna\u0111e, i gubitak motivacije. Ovo mo\u017ee da bude propra\u0107eno i fizi\u010dkom neprijatno\u0161\u0107u. Depresija je obi\u010dno uzrokovana kombinacijom neurobiolo\u0161kih i psihosocijalnih faktora: npr. gubitkom sluha i jo\u0161 nekim povezanim faktorima kao \u0161to su li\u010dni gubitak, povla\u010denje iz dru\u0161tva, izolacija, strahovi za budu\u0107nost i nov\u010dane brige zbog te\u0161ke poslovne situacije itd. Nau\u010dni podaci ukazuju na to da gubitak sluha \u010dak mo\u017ee pove\u0107ati i rizik za smrt. Ipak, poslednji podaci iz Amerike ohrabruju - redovna upotreba slu\u0161nih sistema mo\u017ee uspe\u0161no da premosti ovaj rizik.<\/p>\n<h2>Oko 2 i po milijarde pogo\u0111enih do 2050.!<\/h2>\n<div id=\"attachment_27261\" style=\"width: 310px\" class=\"wp-caption alignleft\"><img decoding=\"async\" aria-describedby=\"caption-attachment-27261\" class=\"lazyload wp-image-27247 size-medium\" src=\"data:image\/svg+xml,%3Csvg%20xmlns%3D%27http%3A%2F%2Fwww.w3.org%2F2000%2Fsvg%27%20width%3D%27300%27%20height%3D%27200%27%20viewBox%3D%270%200%20300%20200%27%3E%3Crect%20width%3D%27300%27%20height%3D%27200%27%20fill-opacity%3D%220%22%2F%3E%3C%2Fsvg%3E\" data-orig-src=\"https:\/\/lifelonghearing.com\/wp-content\/uploads\/2024\/07\/alte-Frau-300x200.jpeg\" alt=\"\" width=\"300\" height=\"200\" \/><p id=\"caption-attachment-27261\" class=\"wp-caption-text\">Rani tretman sluha mogao bi da smanji rizik od smrti, umanjivanjem ose\u0107aja usamljenosti, depresije i op\u0161teg propadanja. \u00a9Adobe Stock<\/p><\/div>\n<p>\"Procenjuje se da je 1,6 milijardi ljudi pogo\u0111eno gubitkom sluha \u0161irom sveta. O\u010dekuje se da c\u0301e do 2050. godine broj obolelih porasti na 2,5 milijarde\", ka\u017eu nau\u010dnici na \u010delu sa D\u017eenet S. \u010coi, pozivajuc\u0301i se na vec\u0301 poznate brojke u svojim objavama novih podataka. Oni zatim isti\u010du ogroman teret koji gubitak sluha nosi sa sobom zbog ograni\u010denja komunikacije \u2013 kako u dru\u0161tvu tako i na radnom mestu. Pored generalno lo\u0161ijeg kvaliteta \u017eivota, oni navode zdravstvene probleme kao \u0161to su depresija, demencija i povec\u0301an mortalitet kao dokazane posledice o\u0161tec\u0301enja sluha. \u201ePrethodni sistematski pregledi i meta-analize su pokazali da je gubitak sluha povezan sa zna\u010dajno povec\u0301anom smrtno\u0161c\u0301u, \u010dak i nakon uzimanja u obzir demografije i komorbiditeta.\" Svakih 30 decibela gubitka sluha dovodi do daljeg udvostru\u010davanja rizika od smrti, \u0161to je dokazalo nekoliko studija. Upotreba slu\u0161nih pomagala ne samo da pobolj\u0161ava o\u0161tec\u0301enje uzrokovano gubitkom sluha i kvalitet \u017eivota uop\u0161te, ve\u0107 aktuelni podaci tako\u0111e pokazuju da osobe sa o\u0161tec\u0301enim sluhom koje redovno koriste slu\u0161ne aparate imaju manji rizik od prevremene smrti od onih sa o\u0161tec\u0301enim sluhom koji nikada ili samo povremeno koriste slu\u0161ne aparate.<\/p>\n<h2>Analiza podataka 10 000 Amerikanaca<\/h2>\n<p>Nau\u010dnici sa Univerziteta u Ju\u017enoj Kaliforniji su koristili opse\u017ean materijal iz jednog velikog ispitivanja sprovedenog od strane Ministarstva zdravlja i socijalne za\u0161tite SAD izme\u0111u 1999. i 2012. godine. Skoro 10000 odraslih je u\u010destvovalo u dugoro\u010dnoj studiji pod nazivom \u201eNacionalna anketa o zdravlju i ishrani\u201c, od kojih je 1863 imalo gubitak sluha. U nekim drugim studijama, u\u010desnici su samo pitani da li imaju gubitak sluha. Nasuprot tome, ovog puta je gubitak sluha utvr\u0111en audiometrijskim merenjima i zabele\u017eena je upotreba slu\u0161nih aparata. Naravno, kod starijih ljudi je vec\u0301a verovatnoc\u0301a da c\u0301e imati gubitak sluha i krac\u0301i \u017eivotni vek. Stoga verovatno ne\u0107e biti iznena\u0111enje da statisti\u010dko istra\u017eivanje pokazuje krac\u0301i \u017eivotni vek za osobe sa o\u0161tec\u0301enjem sluha. Me\u0111utim, \u010dak i kada se uzme u obzir ovaj uticajni faktor, umeren do te\u017eak gubitak sluha rezultira krac\u0301im \u017eivotnim vekom. Ovi podaci potvr\u0111uju ranije nau\u010dne publikacije drugih istra\u017eiva\u010dkih grupa. Ono \u0161to je relativno novo jeste jasan zaklju\u010dak da je rizik od smrtnosti bio manji za obolele ako su redovno koristili slu\u0161ne aparate. Me\u0111utim, oni koji su neredovno koristili svoje slu\u0161ne aparate imali su isti rizik od smrtnosti kao i u\u010desnici studije sa o\u0161tec\u0301enim sluhom bez slu\u0161nih pomagala.<\/p>\n<h2>Ta\u010dna povezanost je jo\u0161 uvek nejasna, ali slu\u0161anje produ\u017euje \u017eivot!<\/h2>\n<p>U pregledu nove publikacije, Bruster i Mejtlin kritikuju \u010dinjenicu da, iako su podaci iz ove studije posebno pouzdani, veza izme\u0111u upotrebe slu\u0161nog aparata i ni\u017eeg mortaliteta nije dovoljno istra\u017eena. \u201eS obzirom na povezanost izme\u0111u gubitka sluha i kognitivnog propadanja, jo\u0161 jedno moguc\u0301e obja\u0161njenje je da slu\u0161ni aparati pobolj\u0161avaju rizik od smrtnosti smanjujuc\u0301i rizik od demencije\u201c, dodaju oni. \u201eNa kraju krajeva, le\u010denje sluha bi moglo da smanji rizik od smrtnosti smanjenjem ose\u0107aja usamljenosti, depresije i slabosti \u2013 \u0161to su sve faktori rizika za lo\u0161ije zdravstveno stanje.<\/p>\n<div id=\"attachment_27278\" style=\"width: 310px\" class=\"wp-caption alignright\"><img decoding=\"async\" aria-describedby=\"caption-attachment-27278\" class=\"lazyload wp-image-27264 size-medium\" src=\"data:image\/svg+xml,%3Csvg%20xmlns%3D%27http%3A%2F%2Fwww.w3.org%2F2000%2Fsvg%27%20width%3D%27300%27%20height%3D%27200%27%20viewBox%3D%270%200%20300%20200%27%3E%3Crect%20width%3D%27300%27%20height%3D%27200%27%20fill-opacity%3D%220%22%2F%3E%3C%2Fsvg%3E\" data-orig-src=\"https:\/\/lifelonghearing.com\/wp-content\/uploads\/2024\/07\/alter-Mann-300x200.jpeg\" alt=\"\" width=\"300\" height=\"200\" \/><p id=\"caption-attachment-27278\" class=\"wp-caption-text\">Redovna upotreba slu\u0161nih ure\u0111aja pobolj\u0161ava zdravlje i produ\u017euje \u017eivot.\u00a9Adobe Stock<\/p><\/div>\n<p>Oni pozivaju da se urade dalje, opse\u017enije dugoro\u010dne studije i studije sa nasumi\u010dnim kontrolnim grupama kako bi se detaljnije istra\u017eili ta\u010dni efekti upotrebe slu\u0161nih aparata na kognitivne, fizi\u010dke i mentalne sposobnosti starije populacije. Me\u0111utim, Bruster i Mejtlin tako\u0111e primec\u0301uju sledec\u0301e: \u201eSve u svemu, rezultati sugeri\u0161u da bi redovna i dosledna upotreba slu\u0161nih pomagala mogla da doprinese ni\u017eem riziku od smrtnosti\u201c, \u0161to se verovatno mo\u017ee primeniti i na doslednu upotrebu slu\u0161nih implantata. Bez obzira na ta\u010dne mehanizme koji stoje iza ovoga, ovo je na kraju relevantan nalaz za osobe pogo\u0111ene gubitkom sluha i njihove porodice.<\/p>\n<\/div><\/div><\/div><\/div><\/div><\/p>\n","protected":false},"excerpt":{"rendered":"<p>Gubitak sluha ima zna\u010dajan uticaj na \u017eivot i jedan je od zdravstvenih faktora rizika. On \u010dak mo\u017ee i da skrati \u017eivot ljudi sa ovim problemom. Ipak, istra\u017eiva\u010di su zaklju\u010dili iz nove studije da redovno kori\u0161\u0107enje slu\u0161nih pomagala tako\u0111e mo\u017ee pomo\u0107i ljudima da produ\u017ee \u017eivotni vek.<\/p>\n","protected":false},"author":4,"featured_media":31689,"comment_status":"open","ping_status":"open","sticky":false,"template":"","format":"standard","meta":{"_acf_changed":false,"footnotes":""},"categories":[432],"tags":[],"class_list":["post-27246","post","type-post","status-publish","format-standard","has-post-thumbnail","hentry","category-zdravlje"],"yoast_head":"<!-- This site is optimized with the Yoast SEO plugin v24.3 - https:\/\/yoast.com\/wordpress\/plugins\/seo\/ -->\n<title>Da li CI korisnici du\u017ee \u017eive? - Serbian<\/title>\n<meta name=\"description\" content=\"Gubitak sluha ima zna\u010dajan uticaj na \u017eivot i jedan je od zdravstvenih faktora rizika.\" \/>\n<meta name=\"robots\" content=\"index, follow, max-snippet:-1, max-image-preview:large, max-video-preview:-1\" \/>\n<link rel=\"canonical\" href=\"https:\/\/lifelonghearing.com\/sr\/da-li-ci-korisnici-duze-zive\/\" \/>\n<meta property=\"og:locale\" content=\"en_US\" \/>\n<meta property=\"og:type\" content=\"article\" \/>\n<meta property=\"og:title\" content=\"Da li CI korisnici du\u017ee \u017eive? - Serbian\" \/>\n<meta property=\"og:description\" content=\"Gubitak sluha ima zna\u010dajan uticaj na \u017eivot i jedan je od zdravstvenih faktora rizika.\" \/>\n<meta property=\"og:url\" content=\"https:\/\/lifelonghearing.com\/sr\/da-li-ci-korisnici-duze-zive\/\" \/>\n<meta property=\"og:site_name\" content=\"Serbian\" \/>\n<meta property=\"article:published_time\" content=\"2024-07-01T08:30:40+00:00\" \/>\n<meta property=\"article:modified_time\" content=\"2025-05-15T07:50:52+00:00\" \/>\n<meta property=\"og:image\" content=\"https:\/\/lifelonghearing.com\/sr\/wp-content\/uploads\/sites\/16\/2024\/07\/featured-couple.png\" \/>\n\t<meta property=\"og:image:width\" content=\"1400\" \/>\n\t<meta property=\"og:image:height\" content=\"652\" \/>\n\t<meta property=\"og:image:type\" content=\"image\/png\" \/>\n<meta name=\"author\" content=\"fjkdev\" \/>\n<meta name=\"twitter:card\" content=\"summary_large_image\" \/>\n<meta name=\"twitter:label1\" content=\"Written by\" \/>\n\t<meta name=\"twitter:data1\" content=\"fjkdev\" \/>\n\t<meta name=\"twitter:label2\" content=\"Est. reading time\" \/>\n\t<meta name=\"twitter:data2\" content=\"5 minutes\" \/>\n<script type=\"application\/ld+json\" class=\"yoast-schema-graph\">{\"@context\":\"https:\/\/schema.org\",\"@graph\":[{\"@type\":\"WebPage\",\"@id\":\"https:\/\/lifelonghearing.com\/sr\/da-li-ci-korisnici-duze-zive\/\",\"url\":\"https:\/\/lifelonghearing.com\/sr\/da-li-ci-korisnici-duze-zive\/\",\"name\":\"Da li CI korisnici du\u017ee \u017eive? - Serbian\",\"isPartOf\":{\"@id\":\"https:\/\/lifelonghearing.com\/sr\/#website\"},\"primaryImageOfPage\":{\"@id\":\"https:\/\/lifelonghearing.com\/sr\/da-li-ci-korisnici-duze-zive\/#primaryimage\"},\"image\":{\"@id\":\"https:\/\/lifelonghearing.com\/sr\/da-li-ci-korisnici-duze-zive\/#primaryimage\"},\"thumbnailUrl\":\"https:\/\/lifelonghearing.com\/sr\/wp-content\/uploads\/sites\/16\/2024\/07\/featured-couple.png\",\"datePublished\":\"2024-07-01T08:30:40+00:00\",\"dateModified\":\"2025-05-15T07:50:52+00:00\",\"author\":{\"@id\":\"https:\/\/lifelonghearing.com\/sr\/#\/schema\/person\/bf63eda228b9e220de707e9ef974ed27\"},\"description\":\"Gubitak sluha ima zna\u010dajan uticaj na \u017eivot i jedan je od zdravstvenih faktora rizika.\",\"breadcrumb\":{\"@id\":\"https:\/\/lifelonghearing.com\/sr\/da-li-ci-korisnici-duze-zive\/#breadcrumb\"},\"inLanguage\":\"en-US\",\"potentialAction\":[{\"@type\":\"ReadAction\",\"target\":[\"https:\/\/lifelonghearing.com\/sr\/da-li-ci-korisnici-duze-zive\/\"]}]},{\"@type\":\"ImageObject\",\"inLanguage\":\"en-US\",\"@id\":\"https:\/\/lifelonghearing.com\/sr\/da-li-ci-korisnici-duze-zive\/#primaryimage\",\"url\":\"https:\/\/lifelonghearing.com\/sr\/wp-content\/uploads\/sites\/16\/2024\/07\/featured-couple.png\",\"contentUrl\":\"https:\/\/lifelonghearing.com\/sr\/wp-content\/uploads\/sites\/16\/2024\/07\/featured-couple.png\",\"width\":1400,\"height\":652},{\"@type\":\"BreadcrumbList\",\"@id\":\"https:\/\/lifelonghearing.com\/sr\/da-li-ci-korisnici-duze-zive\/#breadcrumb\",\"itemListElement\":[{\"@type\":\"ListItem\",\"position\":1,\"name\":\"Home\",\"item\":\"https:\/\/lifelonghearing.com\/sr\/\"},{\"@type\":\"ListItem\",\"position\":2,\"name\":\"Da li CI korisnici du\u017ee \u017eive?\"}]},{\"@type\":\"WebSite\",\"@id\":\"https:\/\/lifelonghearing.com\/sr\/#website\",\"url\":\"https:\/\/lifelonghearing.com\/sr\/\",\"name\":\"Serbian\",\"description\":\"\",\"potentialAction\":[{\"@type\":\"SearchAction\",\"target\":{\"@type\":\"EntryPoint\",\"urlTemplate\":\"https:\/\/lifelonghearing.com\/sr\/?s={search_term_string}\"},\"query-input\":{\"@type\":\"PropertyValueSpecification\",\"valueRequired\":true,\"valueName\":\"search_term_string\"}}],\"inLanguage\":\"en-US\"},{\"@type\":\"Person\",\"@id\":\"https:\/\/lifelonghearing.com\/sr\/#\/schema\/person\/bf63eda228b9e220de707e9ef974ed27\",\"name\":\"fjkdev\",\"image\":{\"@type\":\"ImageObject\",\"inLanguage\":\"en-US\",\"@id\":\"https:\/\/lifelonghearing.com\/sr\/#\/schema\/person\/image\/\",\"url\":\"https:\/\/secure.gravatar.com\/avatar\/a7434b53a4696595aad9b5066f6512c8?s=96&d=mm&r=g\",\"contentUrl\":\"https:\/\/secure.gravatar.com\/avatar\/a7434b53a4696595aad9b5066f6512c8?s=96&d=mm&r=g\",\"caption\":\"fjkdev\"},\"url\":\"https:\/\/lifelonghearing.com\/sr\/author\/fjkdev\/\"}]}<\/script>\n<!-- \/ Yoast SEO plugin. -->","yoast_head_json":{"title":"Da li CI korisnici du\u017ee \u017eive? - Serbian","description":"Gubitak sluha ima zna\u010dajan uticaj na \u017eivot i jedan je od zdravstvenih faktora rizika.","robots":{"index":"index","follow":"follow","max-snippet":"max-snippet:-1","max-image-preview":"max-image-preview:large","max-video-preview":"max-video-preview:-1"},"canonical":"https:\/\/lifelonghearing.com\/sr\/da-li-ci-korisnici-duze-zive\/","og_locale":"en_US","og_type":"article","og_title":"Da li CI korisnici du\u017ee \u017eive? - Serbian","og_description":"Gubitak sluha ima zna\u010dajan uticaj na \u017eivot i jedan je od zdravstvenih faktora rizika.","og_url":"https:\/\/lifelonghearing.com\/sr\/da-li-ci-korisnici-duze-zive\/","og_site_name":"Serbian","article_published_time":"2024-07-01T08:30:40+00:00","article_modified_time":"2025-05-15T07:50:52+00:00","og_image":[{"width":1400,"height":652,"url":"https:\/\/lifelonghearing.com\/sr\/wp-content\/uploads\/sites\/16\/2024\/07\/featured-couple.png","type":"image\/png"}],"author":"fjkdev","twitter_card":"summary_large_image","twitter_misc":{"Written by":"fjkdev","Est. reading time":"5 minutes"},"schema":{"@context":"https:\/\/schema.org","@graph":[{"@type":"WebPage","@id":"https:\/\/lifelonghearing.com\/sr\/da-li-ci-korisnici-duze-zive\/","url":"https:\/\/lifelonghearing.com\/sr\/da-li-ci-korisnici-duze-zive\/","name":"Da li CI korisnici du\u017ee \u017eive? - Serbian","isPartOf":{"@id":"https:\/\/lifelonghearing.com\/sr\/#website"},"primaryImageOfPage":{"@id":"https:\/\/lifelonghearing.com\/sr\/da-li-ci-korisnici-duze-zive\/#primaryimage"},"image":{"@id":"https:\/\/lifelonghearing.com\/sr\/da-li-ci-korisnici-duze-zive\/#primaryimage"},"thumbnailUrl":"https:\/\/lifelonghearing.com\/sr\/wp-content\/uploads\/sites\/16\/2024\/07\/featured-couple.png","datePublished":"2024-07-01T08:30:40+00:00","dateModified":"2025-05-15T07:50:52+00:00","author":{"@id":"https:\/\/lifelonghearing.com\/sr\/#\/schema\/person\/bf63eda228b9e220de707e9ef974ed27"},"description":"Gubitak sluha ima zna\u010dajan uticaj na \u017eivot i jedan je od zdravstvenih faktora rizika.","breadcrumb":{"@id":"https:\/\/lifelonghearing.com\/sr\/da-li-ci-korisnici-duze-zive\/#breadcrumb"},"inLanguage":"en-US","potentialAction":[{"@type":"ReadAction","target":["https:\/\/lifelonghearing.com\/sr\/da-li-ci-korisnici-duze-zive\/"]}]},{"@type":"ImageObject","inLanguage":"en-US","@id":"https:\/\/lifelonghearing.com\/sr\/da-li-ci-korisnici-duze-zive\/#primaryimage","url":"https:\/\/lifelonghearing.com\/sr\/wp-content\/uploads\/sites\/16\/2024\/07\/featured-couple.png","contentUrl":"https:\/\/lifelonghearing.com\/sr\/wp-content\/uploads\/sites\/16\/2024\/07\/featured-couple.png","width":1400,"height":652},{"@type":"BreadcrumbList","@id":"https:\/\/lifelonghearing.com\/sr\/da-li-ci-korisnici-duze-zive\/#breadcrumb","itemListElement":[{"@type":"ListItem","position":1,"name":"Home","item":"https:\/\/lifelonghearing.com\/sr\/"},{"@type":"ListItem","position":2,"name":"Da li CI korisnici du\u017ee \u017eive?"}]},{"@type":"WebSite","@id":"https:\/\/lifelonghearing.com\/sr\/#website","url":"https:\/\/lifelonghearing.com\/sr\/","name":"Serbian","description":"","potentialAction":[{"@type":"SearchAction","target":{"@type":"EntryPoint","urlTemplate":"https:\/\/lifelonghearing.com\/sr\/?s={search_term_string}"},"query-input":{"@type":"PropertyValueSpecification","valueRequired":true,"valueName":"search_term_string"}}],"inLanguage":"en-US"},{"@type":"Person","@id":"https:\/\/lifelonghearing.com\/sr\/#\/schema\/person\/bf63eda228b9e220de707e9ef974ed27","name":"fjkdev","image":{"@type":"ImageObject","inLanguage":"en-US","@id":"https:\/\/lifelonghearing.com\/sr\/#\/schema\/person\/image\/","url":"https:\/\/secure.gravatar.com\/avatar\/a7434b53a4696595aad9b5066f6512c8?s=96&d=mm&r=g","contentUrl":"https:\/\/secure.gravatar.com\/avatar\/a7434b53a4696595aad9b5066f6512c8?s=96&d=mm&r=g","caption":"fjkdev"},"url":"https:\/\/lifelonghearing.com\/sr\/author\/fjkdev\/"}]}},"acf":[],"_links":{"self":[{"href":"https:\/\/lifelonghearing.com\/sr\/wp-json\/wp\/v2\/posts\/27246","targetHints":{"allow":["GET"]}}],"collection":[{"href":"https:\/\/lifelonghearing.com\/sr\/wp-json\/wp\/v2\/posts"}],"about":[{"href":"https:\/\/lifelonghearing.com\/sr\/wp-json\/wp\/v2\/types\/post"}],"author":[{"embeddable":true,"href":"https:\/\/lifelonghearing.com\/sr\/wp-json\/wp\/v2\/users\/4"}],"replies":[{"embeddable":true,"href":"https:\/\/lifelonghearing.com\/sr\/wp-json\/wp\/v2\/comments?post=27246"}],"version-history":[{"count":4,"href":"https:\/\/lifelonghearing.com\/sr\/wp-json\/wp\/v2\/posts\/27246\/revisions"}],"predecessor-version":[{"id":32395,"href":"https:\/\/lifelonghearing.com\/sr\/wp-json\/wp\/v2\/posts\/27246\/revisions\/32395"}],"wp:featuredmedia":[{"embeddable":true,"href":"https:\/\/lifelonghearing.com\/sr\/wp-json\/wp\/v2\/media\/31689"}],"wp:attachment":[{"href":"https:\/\/lifelonghearing.com\/sr\/wp-json\/wp\/v2\/media?parent=27246"}],"wp:term":[{"taxonomy":"category","embeddable":true,"href":"https:\/\/lifelonghearing.com\/sr\/wp-json\/wp\/v2\/categories?post=27246"},{"taxonomy":"post_tag","embeddable":true,"href":"https:\/\/lifelonghearing.com\/sr\/wp-json\/wp\/v2\/tags?post=27246"}],"curies":[{"name":"wp","href":"https:\/\/api.w.org\/{rel}","templated":true}]}}