{"id":17657,"date":"2022-03-01T09:00:19","date_gmt":"2022-03-01T08:00:19","guid":{"rendered":"https:\/\/lifelonghearing.com\/?p=17657"},"modified":"2025-05-15T07:56:10","modified_gmt":"2025-05-15T07:56:10","slug":"da-li-prehlada-moze-da-utice-na-sluh","status":"publish","type":"post","link":"https:\/\/lifelonghearing.com\/sr\/da-li-prehlada-moze-da-utice-na-sluh\/","title":{"rendered":"Da li prehlada mo\u017ee da uti\u010de na sluh?"},"content":{"rendered":"<div class=\"fusion-fullwidth fullwidth-box fusion-builder-row-1 fusion-flex-container nonhundred-percent-fullwidth non-hundred-percent-height-scrolling\" style=\"--awb-border-radius-top-left:0px;--awb-border-radius-top-right:0px;--awb-border-radius-bottom-right:0px;--awb-border-radius-bottom-left:0px;--awb-flex-wrap:wrap;\" ><div class=\"fusion-builder-row fusion-row fusion-flex-align-items-flex-start fusion-flex-content-wrap\" style=\"max-width:1248px;margin-left: calc(-4% \/ 2 );margin-right: calc(-4% \/ 2 );\"><div class=\"fusion-layout-column fusion_builder_column fusion-builder-column-0 fusion_builder_column_1_1 1_1 fusion-flex-column\" style=\"--awb-bg-size:cover;--awb-width-large:100%;--awb-margin-top-large:10px;--awb-spacing-right-large:1.92%;--awb-margin-bottom-large:10px;--awb-spacing-left-large:1.92%;--awb-width-medium:100%;--awb-order-medium:0;--awb-spacing-right-medium:1.92%;--awb-spacing-left-medium:1.92%;--awb-width-small:100%;--awb-order-small:0;--awb-spacing-right-small:1.92%;--awb-spacing-left-small:1.92%;\"><div class=\"fusion-column-wrapper fusion-column-has-shadow fusion-flex-justify-content-flex-start fusion-content-layout-column\"><div class=\"fusion-title title fusion-title-1 fusion-sep-none fusion-title-text fusion-title-size-one\" style=\"--awb-margin-top:0px;\"><h1 class=\"fusion-title-heading title-heading-left fusion-responsive-typography-calculated\" style=\"margin:0;--fontSize:45;line-height:1.4;\">Uticaj prehlade na sluh, sa i bez kohlearnog implantata<\/h1><\/div><div class=\"fusion-text fusion-text-1\" style=\"--awb-text-transform:none;\"><p><strong>Obi\u010dna prehlada mo\u017ee uticati na sluh kod ljudi koji nemaju slu\u0161nih problema, kao i kod korisnika slu\u0161nih implantata. Ako se bol u uhu pojavi tokom prehlade, obavezno se obratite lekaru!<\/strong><\/p>\n<\/div><div class=\"fusion-separator fusion-full-width-sep\" style=\"align-self: center;margin-left: auto;margin-right: auto;width:100%;\"><\/div><div class=\"fusion-image-element \" style=\"--awb-caption-title-font-family:var(--h2_typography-font-family);--awb-caption-title-font-weight:var(--h2_typography-font-weight);--awb-caption-title-font-style:var(--h2_typography-font-style);--awb-caption-title-size:var(--h2_typography-font-size);--awb-caption-title-transform:var(--h2_typography-text-transform);--awb-caption-title-line-height:var(--h2_typography-line-height);--awb-caption-title-letter-spacing:var(--h2_typography-letter-spacing);\"><span class=\" fusion-imageframe imageframe-none imageframe-1 hover-type-none\"><img decoding=\"async\" width=\"1200\" height=\"559\" title=\"sick_featured-1200&#215;559\" src=\"https:\/\/lifelonghearing.com\/sr\/wp-content\/uploads\/sites\/16\/2022\/03\/sick_featured-1200x559-1.jpg\" data-orig-src=\"https:\/\/lifelonghearing.com\/sr\/wp-content\/uploads\/sites\/16\/2022\/03\/sick_featured-1200x559-1.jpg\" alt class=\"lazyload img-responsive wp-image-31934\" srcset=\"data:image\/svg+xml,%3Csvg%20xmlns%3D%27http%3A%2F%2Fwww.w3.org%2F2000%2Fsvg%27%20width%3D%271200%27%20height%3D%27559%27%20viewBox%3D%270%200%201200%20559%27%3E%3Crect%20width%3D%271200%27%20height%3D%27559%27%20fill-opacity%3D%220%22%2F%3E%3C%2Fsvg%3E\" data-srcset=\"https:\/\/lifelonghearing.com\/sr\/wp-content\/uploads\/sites\/16\/2022\/03\/sick_featured-1200x559-1-200x93.jpg 200w, https:\/\/lifelonghearing.com\/sr\/wp-content\/uploads\/sites\/16\/2022\/03\/sick_featured-1200x559-1-400x186.jpg 400w, https:\/\/lifelonghearing.com\/sr\/wp-content\/uploads\/sites\/16\/2022\/03\/sick_featured-1200x559-1-600x280.jpg 600w, https:\/\/lifelonghearing.com\/sr\/wp-content\/uploads\/sites\/16\/2022\/03\/sick_featured-1200x559-1-800x373.jpg 800w, https:\/\/lifelonghearing.com\/sr\/wp-content\/uploads\/sites\/16\/2022\/03\/sick_featured-1200x559-1.jpg 1200w\" data-sizes=\"auto\" data-orig-sizes=\"(max-width: 1024px) 100vw, (max-width: 640px) 100vw, 1200px\" \/><\/span><\/div><div class=\"fusion-separator fusion-full-width-sep\" style=\"align-self: center;margin-left: auto;margin-right: auto;width:100%;\"><\/div><div class=\"fusion-text fusion-text-2\" style=\"--awb-text-transform:none;--awb-margin-top:2%;\"><p>Izme\u0111u godi\u0161njih doba po\u010dinje sezona prehlade i gripa. Prehlada nije izazvana samim ose\u0107ajem hladno\u0107e, ve\u0107 je izaziva virus. Oslabljeni imuni sistem doprinosi verovatno\u0107i da se prehladite. Iako neki simptomi podse\u0107aju na bla\u017ee oblike gripa, ve\u0107ina prehlada je izazvana takozvanim rinovirusima. Virusi iz porodice korona virusa su odgovorni za oko 10 procenata svih prehlada, ali u nekim slu\u010dajevima i virusi gripa mogu biti uzro\u010dnici prehlade.<\/p>\n<p>Virusi ili bakterije mogu da pro\u0111u do unutra\u0161njeg uha preko Eustahijeve tube. Zaraza mo\u017ee uzorokovati privremene slu\u0161ne probleme, dok u nekim slu\u010dajevima posledice ostaju trajne. \u010cak i CI korisnici, gde implant &#8220;preska\u010de&#8221; ovaj deo uha, obi\u010dna preglada mo\u017ee uticati na sluh na nekoliko na\u010dina.<\/p>\n<h2>Obi\u010dna prehlada i sluh<\/h2>\n<p>Funkcija <a href=\"https:\/\/sh.wikipedia.org\/wiki\/Eustahijeva_tuba\">Eustahijeve tube <\/a>je da osigura izjedna\u010davanje pritiska izme\u0111u srednjeg uha, koje bi ina\u010de bilo hermeti\u010dki zatvoreno i spoljnog vazdu\u0161nog pritiska. Ako oticanje Eustahijeve tube zbog upale ovo spre\u010di, onda to dovodi do privremenog gubitka sluha kod ljudi sa normalnim sluhom, ali i kod korisnika slu\u0161nih implantata. Upalni procesi u srednjem uhu mogu da uti\u010du na sluh kod korisnika implantata za srednje uho.<\/p>\n<p>Ponekad hroni\u010dne infekcije srednjeg uha mogu dovesti i do trajnog gubitka sluha. Ovo mo\u017ee dovesti do potrebe za sistemima za ko\u0161tanu provodljivost kao \u0161to su <a href=\"https:\/\/lifelonghearing.com\/sr\/hearing-solutions-details\/sistemi-za-kostanu-provodljivost\/\">ADHEAR<\/a> i <a href=\"https:\/\/lifelonghearing.com\/sr\/hearing-solutions-details\/implanti-za-kostanu-provodljivost-zvuka\/\">implantati ko\u0161tane provodljivosti<\/a>. \u010cak i ako to nije slu\u010daj, dugotrajne ili u\u010destale infekcije srednjeg uha mogu dovesti do problema u razvoju sluha kod dece. Ako se bol u uhu pojavi tokom prehlade i infekcija sli\u010dnih gripu, trebalo bi se odmah konsultovati sa lekarom!<\/p>\n<h2>Letenje avionom tokom prehlade mo\u017ee privremeno uticati na sluh<\/h2>\n<p>Tokom letova se mogu desiti ogromne promene pritiska prilikom poletanja i sletanja. Zdravo uho mo\u017ee da nadomesti razliku izme\u0111u pritiska u unutra\u0161njem uhu i spolja preko Eustahijeve tube. Svom detetu mo\u017eete pomo\u0107i tako \u0161to \u0107ete mu dati ne\u0161to da pije tokom poletanja i sletanja.<\/p>\n<p>Ipak, ako je Eustahijeva tuba naduvena zbog prehlade, ovo mo\u017ee da poremeti izjedna\u010davanje pritiska. Posledice mogu da variraju od pritiska i bola do gubitka sluha. On mo\u017ee da traje od nekoliko sati do nekoliko dana nakon sletanja. Oni koji ne mogu da izbegnu putovanje avionom tokom jake prehlade mogu da koriste odre\u0111ene proizvode koji mogu pomo\u0107i, kao \u0161to su pastile za grlo, bombone protiv ka\u0161lja, sprej za nos na biljnoj bazi.<\/p>\n<h2>Prehlada mo\u017ee da uti\u010de na sluh kod CI korisnika<\/h2>\n<p>Srednje uvo i mastoid, koji su u neposrednoj blizini implanta, obi\u010dno su ispunjeni vazduhom. Ovo omogu\u0107uje optimalni protok vazduha, tako da i elektri\u010dni impulsi mogu da uti\u010du na auditorne nerve \u0107elije bez problema.<\/p>\n<p>Ako su srednje uho i mastoid ispunjeni nekom drugom te\u010dno\u0161\u0107u, npr. sekretom iz nosa ili krvlju, elektri\u010dni otpor i protok se mo\u017ee promeniti. Sa druge strane, pritisak mo\u017ee da se stvori i na pu\u017enicu (kohleu) i na elektrode (poreme\u0107aj do 0,01mm i manje). Ipak, ova sila je ve\u0107 dovoljna da promeni subjektivan ose\u0107aj ose\u0107aj slu\u0161anja i po\u0161to se zvuk menja, da ga poremeti.<\/p>\n<p>U ovom slu\u010daju, klasi\u010dna terapija kapima za nos je uobi\u010dajena. Tako\u0111e je va\u017eno da kad kijate, nikade ne dr\u017eite svoj nos. I tako\u0111e, u dana\u0161njem vremenu pandemije, kijajte u lakat a ne direktno na ruku!<\/p>\n<h2>\u0160ta da uradim protiv prehlade?<\/h2>\n<p>Od kada je izbila pandemija korona virusa, maske se koriste na javnim mestima. One nisu efektne samo protiv korona virusa, ve\u0107 i protiv drugih infektivnih bolesti &#8211; uklju\u010duju\u0107i i sezonsku prehladu i grip.<\/p>\n<p>Ina\u010de su uobi\u010dajene higijenske mere i podizanje imunog sistema od pomo\u0107i. Na primer, sve\u017eim vo\u0107em i povr\u0107em, suncem i ve\u017ebanjem na sve\u017eem vazduhu mo\u017eete podi\u0107i imunitet.<\/p>\n<p>Uzimanje suplemenata kao \u0161to su vitamini ne \u0161kodi, ali tako\u0111e ne postoje ni nau\u010dni dokazi da sigurno poma\u017eu. Naravno, osim ako imate specifi\u010dni nedostatak odre\u0111enog vitamina, ali ovako veliki nedostaci su jako retki.<\/p>\n<p>Ako se prehlada ipak desi, postoje razli\u010dite metode kako se boriti protiv nje. U slu\u010daju akutne prehlade, neki ku\u0107na ku\u0107na sredtva i lekovi mogu pomo\u0107i da se simptomi povuku. Dakle, sve \u0161to ja\u010da imuni sistem tela je od pomo\u0107i, \u0161to tako\u0111e uklju\u010duje i dovoljno sna i odmora. Samo u slu\u010daju bakterijske upale, antibiotici se mogu smisleno uklju\u010diti u terapiju.<\/p>\n<\/div><\/div><\/div><\/div><\/div>\n","protected":false},"excerpt":{"rendered":"<p>Obi\u010dna prehlada mo\u017ee uticati na sluh kod ljudi koji nemaju slu\u0161nih problema, kao i kod korisnika slu\u0161nih implantata. Ako se bol u uhu pojavi tokom prehlade, obavezno se obratite lekaru!<\/p>\n","protected":false},"author":4,"featured_media":31934,"comment_status":"open","ping_status":"open","sticky":false,"template":"","format":"standard","meta":{"_acf_changed":false,"footnotes":""},"categories":[432],"tags":[417,655],"class_list":["post-17657","post","type-post","status-publish","format-standard","has-post-thumbnail","hentry","category-zdravlje","tag-ci","tag-korona-i-kohlearni-implant"],"yoast_head":"<!-- This site is optimized with the Yoast SEO plugin v24.3 - https:\/\/yoast.com\/wordpress\/plugins\/seo\/ -->\n<title>Da li prehlada mo\u017ee da uti\u010de na sluh? - Serbian<\/title>\n<meta name=\"description\" content=\"Prehlada mo\u017ee da uti\u010de na sluh ljudi sa normalnim sluhom, kao i korisnika slu\u0161nih implantata.\" \/>\n<meta name=\"robots\" content=\"index, follow, max-snippet:-1, max-image-preview:large, max-video-preview:-1\" \/>\n<link rel=\"canonical\" href=\"https:\/\/lifelonghearing.com\/sr\/da-li-prehlada-moze-da-utice-na-sluh\/\" \/>\n<meta property=\"og:locale\" content=\"en_US\" \/>\n<meta property=\"og:type\" content=\"article\" \/>\n<meta property=\"og:title\" content=\"Da li prehlada mo\u017ee da uti\u010de na sluh? - Serbian\" \/>\n<meta property=\"og:description\" content=\"Prehlada mo\u017ee da uti\u010de na sluh ljudi sa normalnim sluhom, kao i korisnika slu\u0161nih implantata.\" \/>\n<meta property=\"og:url\" content=\"https:\/\/lifelonghearing.com\/sr\/da-li-prehlada-moze-da-utice-na-sluh\/\" \/>\n<meta property=\"og:site_name\" content=\"Serbian\" \/>\n<meta property=\"article:published_time\" content=\"2022-03-01T08:00:19+00:00\" \/>\n<meta property=\"article:modified_time\" content=\"2025-05-15T07:56:10+00:00\" \/>\n<meta property=\"og:image\" content=\"https:\/\/lifelonghearing.com\/sr\/wp-content\/uploads\/sites\/16\/2022\/03\/sick_featured-1200x559-1.jpg\" \/>\n\t<meta property=\"og:image:width\" content=\"1200\" \/>\n\t<meta property=\"og:image:height\" content=\"559\" \/>\n\t<meta property=\"og:image:type\" content=\"image\/jpeg\" \/>\n<meta name=\"author\" content=\"fjkdev\" \/>\n<meta name=\"twitter:card\" content=\"summary_large_image\" \/>\n<meta name=\"twitter:label1\" content=\"Written by\" \/>\n\t<meta name=\"twitter:data1\" content=\"fjkdev\" \/>\n\t<meta name=\"twitter:label2\" content=\"Est. reading time\" \/>\n\t<meta name=\"twitter:data2\" content=\"4 minutes\" \/>\n<script type=\"application\/ld+json\" class=\"yoast-schema-graph\">{\"@context\":\"https:\/\/schema.org\",\"@graph\":[{\"@type\":\"WebPage\",\"@id\":\"https:\/\/lifelonghearing.com\/sr\/da-li-prehlada-moze-da-utice-na-sluh\/\",\"url\":\"https:\/\/lifelonghearing.com\/sr\/da-li-prehlada-moze-da-utice-na-sluh\/\",\"name\":\"Da li prehlada mo\u017ee da uti\u010de na sluh? - Serbian\",\"isPartOf\":{\"@id\":\"https:\/\/lifelonghearing.com\/sr\/#website\"},\"primaryImageOfPage\":{\"@id\":\"https:\/\/lifelonghearing.com\/sr\/da-li-prehlada-moze-da-utice-na-sluh\/#primaryimage\"},\"image\":{\"@id\":\"https:\/\/lifelonghearing.com\/sr\/da-li-prehlada-moze-da-utice-na-sluh\/#primaryimage\"},\"thumbnailUrl\":\"https:\/\/lifelonghearing.com\/sr\/wp-content\/uploads\/sites\/16\/2022\/03\/sick_featured-1200x559-1.jpg\",\"datePublished\":\"2022-03-01T08:00:19+00:00\",\"dateModified\":\"2025-05-15T07:56:10+00:00\",\"author\":{\"@id\":\"https:\/\/lifelonghearing.com\/sr\/#\/schema\/person\/bf63eda228b9e220de707e9ef974ed27\"},\"description\":\"Prehlada mo\u017ee da uti\u010de na sluh ljudi sa normalnim sluhom, kao i korisnika slu\u0161nih implantata.\",\"breadcrumb\":{\"@id\":\"https:\/\/lifelonghearing.com\/sr\/da-li-prehlada-moze-da-utice-na-sluh\/#breadcrumb\"},\"inLanguage\":\"en-US\",\"potentialAction\":[{\"@type\":\"ReadAction\",\"target\":[\"https:\/\/lifelonghearing.com\/sr\/da-li-prehlada-moze-da-utice-na-sluh\/\"]}]},{\"@type\":\"ImageObject\",\"inLanguage\":\"en-US\",\"@id\":\"https:\/\/lifelonghearing.com\/sr\/da-li-prehlada-moze-da-utice-na-sluh\/#primaryimage\",\"url\":\"https:\/\/lifelonghearing.com\/sr\/wp-content\/uploads\/sites\/16\/2022\/03\/sick_featured-1200x559-1.jpg\",\"contentUrl\":\"https:\/\/lifelonghearing.com\/sr\/wp-content\/uploads\/sites\/16\/2022\/03\/sick_featured-1200x559-1.jpg\",\"width\":1200,\"height\":559},{\"@type\":\"BreadcrumbList\",\"@id\":\"https:\/\/lifelonghearing.com\/sr\/da-li-prehlada-moze-da-utice-na-sluh\/#breadcrumb\",\"itemListElement\":[{\"@type\":\"ListItem\",\"position\":1,\"name\":\"Home\",\"item\":\"https:\/\/lifelonghearing.com\/sr\/\"},{\"@type\":\"ListItem\",\"position\":2,\"name\":\"Da li prehlada mo\u017ee da uti\u010de na sluh?\"}]},{\"@type\":\"WebSite\",\"@id\":\"https:\/\/lifelonghearing.com\/sr\/#website\",\"url\":\"https:\/\/lifelonghearing.com\/sr\/\",\"name\":\"Serbian\",\"description\":\"\",\"potentialAction\":[{\"@type\":\"SearchAction\",\"target\":{\"@type\":\"EntryPoint\",\"urlTemplate\":\"https:\/\/lifelonghearing.com\/sr\/?s={search_term_string}\"},\"query-input\":{\"@type\":\"PropertyValueSpecification\",\"valueRequired\":true,\"valueName\":\"search_term_string\"}}],\"inLanguage\":\"en-US\"},{\"@type\":\"Person\",\"@id\":\"https:\/\/lifelonghearing.com\/sr\/#\/schema\/person\/bf63eda228b9e220de707e9ef974ed27\",\"name\":\"fjkdev\",\"image\":{\"@type\":\"ImageObject\",\"inLanguage\":\"en-US\",\"@id\":\"https:\/\/lifelonghearing.com\/sr\/#\/schema\/person\/image\/\",\"url\":\"https:\/\/secure.gravatar.com\/avatar\/a7434b53a4696595aad9b5066f6512c8?s=96&d=mm&r=g\",\"contentUrl\":\"https:\/\/secure.gravatar.com\/avatar\/a7434b53a4696595aad9b5066f6512c8?s=96&d=mm&r=g\",\"caption\":\"fjkdev\"},\"url\":\"https:\/\/lifelonghearing.com\/sr\/author\/fjkdev\/\"}]}<\/script>\n<!-- \/ Yoast SEO plugin. -->","yoast_head_json":{"title":"Da li prehlada mo\u017ee da uti\u010de na sluh? - Serbian","description":"Prehlada mo\u017ee da uti\u010de na sluh ljudi sa normalnim sluhom, kao i korisnika slu\u0161nih implantata.","robots":{"index":"index","follow":"follow","max-snippet":"max-snippet:-1","max-image-preview":"max-image-preview:large","max-video-preview":"max-video-preview:-1"},"canonical":"https:\/\/lifelonghearing.com\/sr\/da-li-prehlada-moze-da-utice-na-sluh\/","og_locale":"en_US","og_type":"article","og_title":"Da li prehlada mo\u017ee da uti\u010de na sluh? - Serbian","og_description":"Prehlada mo\u017ee da uti\u010de na sluh ljudi sa normalnim sluhom, kao i korisnika slu\u0161nih implantata.","og_url":"https:\/\/lifelonghearing.com\/sr\/da-li-prehlada-moze-da-utice-na-sluh\/","og_site_name":"Serbian","article_published_time":"2022-03-01T08:00:19+00:00","article_modified_time":"2025-05-15T07:56:10+00:00","og_image":[{"width":1200,"height":559,"url":"https:\/\/lifelonghearing.com\/sr\/wp-content\/uploads\/sites\/16\/2022\/03\/sick_featured-1200x559-1.jpg","type":"image\/jpeg"}],"author":"fjkdev","twitter_card":"summary_large_image","twitter_misc":{"Written by":"fjkdev","Est. reading time":"4 minutes"},"schema":{"@context":"https:\/\/schema.org","@graph":[{"@type":"WebPage","@id":"https:\/\/lifelonghearing.com\/sr\/da-li-prehlada-moze-da-utice-na-sluh\/","url":"https:\/\/lifelonghearing.com\/sr\/da-li-prehlada-moze-da-utice-na-sluh\/","name":"Da li prehlada mo\u017ee da uti\u010de na sluh? - Serbian","isPartOf":{"@id":"https:\/\/lifelonghearing.com\/sr\/#website"},"primaryImageOfPage":{"@id":"https:\/\/lifelonghearing.com\/sr\/da-li-prehlada-moze-da-utice-na-sluh\/#primaryimage"},"image":{"@id":"https:\/\/lifelonghearing.com\/sr\/da-li-prehlada-moze-da-utice-na-sluh\/#primaryimage"},"thumbnailUrl":"https:\/\/lifelonghearing.com\/sr\/wp-content\/uploads\/sites\/16\/2022\/03\/sick_featured-1200x559-1.jpg","datePublished":"2022-03-01T08:00:19+00:00","dateModified":"2025-05-15T07:56:10+00:00","author":{"@id":"https:\/\/lifelonghearing.com\/sr\/#\/schema\/person\/bf63eda228b9e220de707e9ef974ed27"},"description":"Prehlada mo\u017ee da uti\u010de na sluh ljudi sa normalnim sluhom, kao i korisnika slu\u0161nih implantata.","breadcrumb":{"@id":"https:\/\/lifelonghearing.com\/sr\/da-li-prehlada-moze-da-utice-na-sluh\/#breadcrumb"},"inLanguage":"en-US","potentialAction":[{"@type":"ReadAction","target":["https:\/\/lifelonghearing.com\/sr\/da-li-prehlada-moze-da-utice-na-sluh\/"]}]},{"@type":"ImageObject","inLanguage":"en-US","@id":"https:\/\/lifelonghearing.com\/sr\/da-li-prehlada-moze-da-utice-na-sluh\/#primaryimage","url":"https:\/\/lifelonghearing.com\/sr\/wp-content\/uploads\/sites\/16\/2022\/03\/sick_featured-1200x559-1.jpg","contentUrl":"https:\/\/lifelonghearing.com\/sr\/wp-content\/uploads\/sites\/16\/2022\/03\/sick_featured-1200x559-1.jpg","width":1200,"height":559},{"@type":"BreadcrumbList","@id":"https:\/\/lifelonghearing.com\/sr\/da-li-prehlada-moze-da-utice-na-sluh\/#breadcrumb","itemListElement":[{"@type":"ListItem","position":1,"name":"Home","item":"https:\/\/lifelonghearing.com\/sr\/"},{"@type":"ListItem","position":2,"name":"Da li prehlada mo\u017ee da uti\u010de na sluh?"}]},{"@type":"WebSite","@id":"https:\/\/lifelonghearing.com\/sr\/#website","url":"https:\/\/lifelonghearing.com\/sr\/","name":"Serbian","description":"","potentialAction":[{"@type":"SearchAction","target":{"@type":"EntryPoint","urlTemplate":"https:\/\/lifelonghearing.com\/sr\/?s={search_term_string}"},"query-input":{"@type":"PropertyValueSpecification","valueRequired":true,"valueName":"search_term_string"}}],"inLanguage":"en-US"},{"@type":"Person","@id":"https:\/\/lifelonghearing.com\/sr\/#\/schema\/person\/bf63eda228b9e220de707e9ef974ed27","name":"fjkdev","image":{"@type":"ImageObject","inLanguage":"en-US","@id":"https:\/\/lifelonghearing.com\/sr\/#\/schema\/person\/image\/","url":"https:\/\/secure.gravatar.com\/avatar\/a7434b53a4696595aad9b5066f6512c8?s=96&d=mm&r=g","contentUrl":"https:\/\/secure.gravatar.com\/avatar\/a7434b53a4696595aad9b5066f6512c8?s=96&d=mm&r=g","caption":"fjkdev"},"url":"https:\/\/lifelonghearing.com\/sr\/author\/fjkdev\/"}]}},"acf":[],"_links":{"self":[{"href":"https:\/\/lifelonghearing.com\/sr\/wp-json\/wp\/v2\/posts\/17657","targetHints":{"allow":["GET"]}}],"collection":[{"href":"https:\/\/lifelonghearing.com\/sr\/wp-json\/wp\/v2\/posts"}],"about":[{"href":"https:\/\/lifelonghearing.com\/sr\/wp-json\/wp\/v2\/types\/post"}],"author":[{"embeddable":true,"href":"https:\/\/lifelonghearing.com\/sr\/wp-json\/wp\/v2\/users\/4"}],"replies":[{"embeddable":true,"href":"https:\/\/lifelonghearing.com\/sr\/wp-json\/wp\/v2\/comments?post=17657"}],"version-history":[{"count":5,"href":"https:\/\/lifelonghearing.com\/sr\/wp-json\/wp\/v2\/posts\/17657\/revisions"}],"predecessor-version":[{"id":32403,"href":"https:\/\/lifelonghearing.com\/sr\/wp-json\/wp\/v2\/posts\/17657\/revisions\/32403"}],"wp:featuredmedia":[{"embeddable":true,"href":"https:\/\/lifelonghearing.com\/sr\/wp-json\/wp\/v2\/media\/31934"}],"wp:attachment":[{"href":"https:\/\/lifelonghearing.com\/sr\/wp-json\/wp\/v2\/media?parent=17657"}],"wp:term":[{"taxonomy":"category","embeddable":true,"href":"https:\/\/lifelonghearing.com\/sr\/wp-json\/wp\/v2\/categories?post=17657"},{"taxonomy":"post_tag","embeddable":true,"href":"https:\/\/lifelonghearing.com\/sr\/wp-json\/wp\/v2\/tags?post=17657"}],"curies":[{"name":"wp","href":"https:\/\/api.w.org\/{rel}","templated":true}]}}