{"id":32616,"date":"2026-04-27T08:31:50","date_gmt":"2026-04-27T08:31:50","guid":{"rendered":"https:\/\/lifelonghearing.com\/sl\/?p=32616"},"modified":"2026-04-27T08:32:41","modified_gmt":"2026-04-27T08:32:41","slug":"veselim-se-pretakanja-glasbe","status":"publish","type":"post","link":"https:\/\/lifelonghearing.com\/sl\/veselim-se-pretakanja-glasbe\/","title":{"rendered":"&quot;Veselim se pretakanja glasbe!&quot;"},"content":{"rendered":"<div class=\"fusion-fullwidth fullwidth-box fusion-builder-row-1 fusion-flex-container nonhundred-percent-fullwidth non-hundred-percent-height-scrolling\" style=\"--awb-border-radius-top-left:0px;--awb-border-radius-top-right:0px;--awb-border-radius-bottom-right:0px;--awb-border-radius-bottom-left:0px;--awb-flex-wrap:wrap;\" ><div class=\"fusion-builder-row fusion-row fusion-flex-align-items-flex-start fusion-flex-content-wrap\" style=\"max-width:1248px;margin-left: calc(-4% \/ 2 );margin-right: calc(-4% \/ 2 );\"><div class=\"fusion-layout-column fusion_builder_column fusion-builder-column-0 fusion_builder_column_1_1 1_1 fusion-flex-column\" style=\"--awb-bg-size:cover;--awb-width-large:100%;--awb-margin-top-large:0px;--awb-spacing-right-large:1.92%;--awb-margin-bottom-large:10px;--awb-spacing-left-large:1.92%;--awb-width-medium:100%;--awb-order-medium:0;--awb-spacing-right-medium:1.92%;--awb-spacing-left-medium:1.92%;--awb-width-small:100%;--awb-order-small:0;--awb-spacing-right-small:1.92%;--awb-spacing-left-small:1.92%;\"><div class=\"fusion-column-wrapper fusion-flex-justify-content-flex-start fusion-content-layout-column\"><div class=\"fusion-title title fusion-title-1 fusion-sep-none fusion-title-text fusion-title-size-one\" style=\"--awb-margin-top:0px;--awb-margin-bottom:10px;--awb-font-size:36px;\"><h1 class=\"fusion-title-heading title-heading-left fusion-responsive-typography-calculated\" style=\"margin:0;font-size:1em;--fontSize:36;line-height:1.4;\">Zaradi otoskleroze oglu\u0161el na eni strani \u2013 vsadek mu je povrnil obojestranski sluh<\/h1><\/div><div class=\"fusion-text fusion-text-1\"><p><strong>18 let je Christian Vogt iz Spodnje Avstrije na eno uho sli\u0161al zelo malo ali ni\u010d: &#8220;Kot bi mi zama\u0161ili uho.&#8221; V za\u010detku leta 2025 so mu povrnili sluh s pol\u017eevim vsadkom.<\/strong><\/p>\n<\/div><div class=\"fusion-separator fusion-full-width-sep\" style=\"align-self: center;margin-left: auto;margin-right: auto;width:100%;\"><\/div><div class=\"fusion-image-element \" style=\"--awb-caption-title-font-family:var(--h2_typography-font-family);--awb-caption-title-font-weight:var(--h2_typography-font-weight);--awb-caption-title-font-style:var(--h2_typography-font-style);--awb-caption-title-size:var(--h2_typography-font-size);--awb-caption-title-transform:var(--h2_typography-text-transform);--awb-caption-title-line-height:var(--h2_typography-line-height);--awb-caption-title-letter-spacing:var(--h2_typography-letter-spacing);\"><span class=\" fusion-imageframe imageframe-none imageframe-1 hover-type-none\"><img decoding=\"async\" width=\"1400\" height=\"652\" title=\"streaming_featured\" src=\"https:\/\/lifelonghearing.com\/sl\/wp-content\/uploads\/sites\/3\/2026\/03\/streaming_featured-1.jpg\" data-orig-src=\"https:\/\/lifelonghearing.com\/sl\/wp-content\/uploads\/sites\/3\/2026\/03\/streaming_featured-1.jpg\" alt class=\"lazyload img-responsive wp-image-32656\" srcset=\"data:image\/svg+xml,%3Csvg%20xmlns%3D%27http%3A%2F%2Fwww.w3.org%2F2000%2Fsvg%27%20width%3D%271400%27%20height%3D%27652%27%20viewBox%3D%270%200%201400%20652%27%3E%3Crect%20width%3D%271400%27%20height%3D%27652%27%20fill-opacity%3D%220%22%2F%3E%3C%2Fsvg%3E\" data-srcset=\"https:\/\/lifelonghearing.com\/sl\/wp-content\/uploads\/sites\/3\/2026\/03\/streaming_featured-1-200x93.jpg 200w, https:\/\/lifelonghearing.com\/sl\/wp-content\/uploads\/sites\/3\/2026\/03\/streaming_featured-1-400x186.jpg 400w, https:\/\/lifelonghearing.com\/sl\/wp-content\/uploads\/sites\/3\/2026\/03\/streaming_featured-1-600x279.jpg 600w, https:\/\/lifelonghearing.com\/sl\/wp-content\/uploads\/sites\/3\/2026\/03\/streaming_featured-1-800x373.jpg 800w, https:\/\/lifelonghearing.com\/sl\/wp-content\/uploads\/sites\/3\/2026\/03\/streaming_featured-1-1200x559.jpg 1200w, https:\/\/lifelonghearing.com\/sl\/wp-content\/uploads\/sites\/3\/2026\/03\/streaming_featured-1.jpg 1400w\" data-sizes=\"auto\" data-orig-sizes=\"(max-width: 1024px) 100vw, (max-width: 640px) 100vw, 1200px\" \/><\/span><\/div><div class=\"fusion-separator fusion-full-width-sep\" style=\"align-self: center;margin-left: auto;margin-right: auto;width:100%;\"><\/div><div class=\"fusion-text fusion-text-2\"><h3>&#8220;Zares se je za\u010delo leta 2006,&#8221; se spominja Christian Vogt.<\/h3>\n<p>Christian, ki je bil takrat star 31 let, je med vo\u017enjo nenadoma dobil ob\u010dutek, da v desnem u\u0161esu skoraj ni\u010d ne sli\u0161i. &#8220;Bilo je, kot da bi mi nekdo vtaknil \u010dep v uho \u2013 in to je bilo to.&#8221; \u010ceprav je voja\u0161ki zdravnik med naborni\u0161kim zdravni\u0161kim pregledom \u017ee odkril nekaj izgube sluha na enem u\u0161esu, je Christiana ozna\u010dil kot &#8220;sposobnega za voja\u0161ko slu\u017ebo z manj\u0161imi omejitvami&#8221; in ni dal nadaljnjih priporo\u010dil. Ker Vogt med slu\u017eenjem voja\u0161kega roka in v vsakdanjem \u017eivljenju okvare ni opazil, se z njo ni ukvarjal.<\/p>\n<p>Leta 2006 je oglu\u0161el na desno uho, zgodilo se je nenadoma, med tisto vo\u017enjo z avtomobilom. Ko se proti pri\u010dakovanjem njegov sluh ni vrnil sam od sebe, se je posvetoval s specialistom za ORL in kasneje s specialisti\u010dno kliniko. Toda s samo dvajsetimi odstotki preostalega sluha v desnem u\u0161esu in zdravim levim u\u0161esom mu strokovnjaki takrat niso mogli pomagati. &#8220;Verjetno je \u0161lo za malomarnost z moje strani,&#8221; prizna za nazaj, saj je moral od takrat \u017eiveti z znatnimi omejitvami v vsakdanjem \u017eivljenju.<\/p>\n<h3>&#8220;Ljudem z normalnim sluhom je te\u017eko razumeti!&#8221;<\/h3>\n<div id=\"attachment_32657\" style=\"width: 310px\" class=\"wp-caption alignleft\"><img decoding=\"async\" aria-describedby=\"caption-attachment-32657\" class=\"lazyload size-medium wp-image-32657\" src=\"https:\/\/lifelonghearing.com\/sl\/wp-content\/uploads\/sites\/3\/2026\/03\/IMG_6794-1-300x200.jpg\" data-orig-src=\"https:\/\/lifelonghearing.com\/sl\/wp-content\/uploads\/sites\/3\/2026\/03\/IMG_6794-1-300x200.jpg\" alt=\"\" width=\"300\" height=\"200\" srcset=\"data:image\/svg+xml,%3Csvg%20xmlns%3D%27http%3A%2F%2Fwww.w3.org%2F2000%2Fsvg%27%20width%3D%27300%27%20height%3D%27200%27%20viewBox%3D%270%200%20300%20200%27%3E%3Crect%20width%3D%27300%27%20height%3D%27200%27%20fill-opacity%3D%220%22%2F%3E%3C%2Fsvg%3E\" data-srcset=\"https:\/\/lifelonghearing.com\/sl\/wp-content\/uploads\/sites\/3\/2026\/03\/IMG_6794-1-200x133.jpg 200w, https:\/\/lifelonghearing.com\/sl\/wp-content\/uploads\/sites\/3\/2026\/03\/IMG_6794-1-300x200.jpg 300w, https:\/\/lifelonghearing.com\/sl\/wp-content\/uploads\/sites\/3\/2026\/03\/IMG_6794-1-400x267.jpg 400w, https:\/\/lifelonghearing.com\/sl\/wp-content\/uploads\/sites\/3\/2026\/03\/IMG_6794-1-600x400.jpg 600w, https:\/\/lifelonghearing.com\/sl\/wp-content\/uploads\/sites\/3\/2026\/03\/IMG_6794-1-768x512.jpg 768w, https:\/\/lifelonghearing.com\/sl\/wp-content\/uploads\/sites\/3\/2026\/03\/IMG_6794-1-800x533.jpg 800w, https:\/\/lifelonghearing.com\/sl\/wp-content\/uploads\/sites\/3\/2026\/03\/IMG_6794-1-1024x683.jpg 1024w, https:\/\/lifelonghearing.com\/sl\/wp-content\/uploads\/sites\/3\/2026\/03\/IMG_6794-1-1200x800.jpg 1200w, https:\/\/lifelonghearing.com\/sl\/wp-content\/uploads\/sites\/3\/2026\/03\/IMG_6794-1-1536x1024.jpg 1536w, https:\/\/lifelonghearing.com\/sl\/wp-content\/uploads\/sites\/3\/2026\/03\/IMG_6794-1-scaled.jpg 1916w\" data-sizes=\"auto\" data-orig-sizes=\"(max-width: 300px) 100vw, 300px\" \/><p id=\"caption-attachment-32657\" class=\"wp-caption-text\">Uporabnik PV Christian Vogt ima le pohvale za ekipo v Univerzitetni bolni\u0161nici St. P\u00f6lten, ki je oskrbela njegovo uho. \u00a9Eva Kohl<\/p><\/div>\n<p>Vogt je \u0161e posebej trpel zaradi stalnega ob\u010dutka pritiska v u\u0161esu. &#8220;Kot bi bilo z ne\u010dim zama\u0161eno, in \u010de bi mogel tisto izvle\u010di, bi lahko spet normalno sli\u0161al, tak\u0161en ob\u010dutek je bil.&#8221; V\u010dasih je bila \u017eelja &#8220;osvoboditi&#8221; uho tako mo\u010dna, da bi lahko, kot pravi, &#8220;vzel vilico in si jo zapi\u010dil v uho&#8221;.<\/p>\n<p>&#8220;Posebno te\u017eko je bilo v okolju z veliko hrupa,&#8221; se spominja, neprijetnih situacij ni manjkalo. &#8220;Ali pa, ko me je nekdo ogovoril z desne strani \u2013 preprosto nisem sli\u0161al. Seveda so mislili, da jih ignoriram, konec koncev na \u010delu ne nosim znaka, na katerem pi\u0161e, da sem gluh v eni strani.&#8221;<\/p>\n<p>Vogt, doma\u010din mesta St. P\u00f6lten, omeni tudi &#8220;dolo\u010dene vire trenj&#8221; v dru\u017eini \u2013 na primer raven glasnosti televizije zve\u010der, o kateri se niso mogli dogovoriti, ali ko je njegova \u017eena potiho ali mimogrede kaj pokomentirala. &#8220;Pogosto me je to razdra\u017eilo in sem rekel, \u2018Dobro ve\u0161, da tega nisem razumel!\u2019, prizna in nato doda: &#8220;Seveda razumem, da ljudje pozabljajo, vendar me je kljub temu jezilo.&#8221;<\/p>\n<p>V krogu prijateljev je Vogt postajal vse bolj zadr\u017ean: &#8220;Te\u017eko se je pridru\u017eiti pogovoru, \u010de enostavno ne razume\u0161, kaj drugi govorijo.&#8221; Ni hotel kar naprej prositi, naj ponovijo: &#8220;Vsi so bili razumevajo\u010di, a me je vseeno motilo. Zaradi tega sem se po\u010dutil izklju\u010denega.&#8221; Vendar je tako \u017eivel 16 let, ne da bi poiskal dodatno pomo\u010d: &#8220;Govoril sem si, da je to nekaj, kar moram sprejeti.&#8221;<\/p>\n<h3>&#8220;S PV se je moja kakovost \u017eivljenja izbolj\u0161ala za 70 odstotkov!&#8221;<\/h3>\n<p>\u0160ele ko je po ve\u010d kot desetletju in pol Vogt zaklju\u010dil, da je njegov sluh vedno slab\u0161i, se je obrnil na slu\u0161nega akustika. Preiskave, ki jih je ta opravil, in \u0161e tiste na ORL kliniki, so pokazale, da trpi za napredovalo otosklerozo, boleznijo s prekomerno rastjo kostnega tkiva, ki obi\u010dajno poslab\u0161a delovanje u\u0161esa. Po neuspe\u0161ni stapedektomiji, operaciji zamenjave okostenele strukture z ustrezno protezo za srednje uho, so zdravniki priporo\u010dli pol\u017eev vsadek (PV).<\/p>\n<p>Sistem pol\u017eevega vsadka pretvarja zvok v elektri\u010dne signale, ki stimulirajo slu\u0161ni \u017eivec in s tem nadomestijo funkcije srednjega in notranjega u\u0161esa. \u0160e vedno se \u017eivo spominja aktivacije PV v Univerzitetni bolni\u0161nici St. Polten. &#8220;Sli\u0161al sem lahko od prvega trenutka. Moje \u017eivljenje je zdaj toliko bolj\u0161e&#8230;&#8221; \u010ceprav je trajalo nekaj \u010dasa, preden je lahko razumel tudi govor, je takoj za\u010dutil: &#8220;\u017de samo to, da ni ve\u010d ob\u010dutka pritiska v desnem u\u0161esu, saj ta spet sprejema zvoke \u2013 \u017ee samo to je dovolj dober razlog, da bi pripomo\u010dek nosil cel dan.&#8221;<\/p>\n<p>&#8220;Zdaj se lahko odzovem tudi, ko me nekdo ogovori z desne strani,&#8221; pravi navdu\u0161eni triatlonec. Trenira od 12 do 14 ur na teden, kolesari najmanj dve uri in te\u010de eno uro vsak dan. PV mu med treningom pomaga: &#8220;Med tekom uporabljam slu\u0161alko AirPod na levi strani za poslu\u0161anje glasbe. &#8220;Prej nisem sli\u0161al avtomobilov, ki so pri\u0161li od zadaj.&#8221; Prej je tekel po levi strani ceste, da bi videl prihajajo\u010di promet. &#8220;Vendar to \u0161e vedno ni bilo povsem varno. Zdaj imam na desni strani procesor, na levi poslu\u0161am glasbo. Pomembno je, da na desni sli\u0161im, ko prihaja avto.&#8221;<\/p>\n<h3>&#8220;Ni treba pomilovati uporabnikov PV!&#8221;<\/h3>\n<p>Sedanji sistemi PV so sestavljeni iz implanta in govornega procesorja, ki se nosi na glavi. Nosi se ga, podobno kot slu\u0161ni aparat, na ali tik nad u\u0161esom. \u010ce ima uporabnik kratke lase ali pa je, kot triatlonec Vogt, brez las, je procesor jasno viden. Kar pa ne moti zadovoljnega uporabnika PV: &#8220;Nekateri tudi gledajo, a me redko kdo vpra\u0161a, kaj je to. In prav gotovo nisem ubo\u017eec, ker imam PV, saj sem z njim dobil nazaj pravo kvaliteto \u017eivljenja!&#8221;<\/p>\n<p>Vogt mora \u0161e vedno kdaj prositi, \u010de lahko sogovorec ponovi, kar je rekel. &#8220;Toda \u010de 16 let niste sli\u0161ali skoraj ni\u010desar, potem pa ste bili \u0161e dve leti popolnoma gluhi, kot sem bil jaz, ne morete pri\u010dakovati, da boste spet sli\u0161ali enako dobro kot prej kar \u010dez no\u010d,&#8221; pravi. &#8220;Sprva zaznava\u0161 samo zvoke.&#8221; Razumevanje se razvije postopoma. &#8220;Svojemu telesu, \u017eivcem in mo\u017eganom mora\u0161 dati \u010das, da se ponovno nau\u010dijo.&#8221; Za zdaj \u0161e vedno raje uporablja slu\u0161alko AirPod za poslu\u0161anje glasbe. &#8220;Se pa veselim, da bom lahko tekel brez slu\u0161alke in pretakal glasbo direktno v procesor PV! &#8221;<\/p>\n<\/div><div class=\"fusion-reading-box-container reading-box-container-1\" style=\"--awb-title-color:#3d3b3b;--awb-margin-top:0px;--awb-margin-bottom:84px;\"><div class=\"reading-box\" style=\"background-color:#ffffff;border-width:1px;border-color:#e0dede;border-left-width:3px;border-left-color:var(--primary_color);border-style:solid;\"><div class=\"reading-box-additional\">\n<p><strong>Pripravljeni za prihodnost<\/strong><\/p>\n<p>Otoskleroza obi\u010dajno prizadene obe u\u0161esi, \u010deprav pogosto ne v enaki meri. Zato so sistemi PV MED-EL \u0161e posebej primerni za osebe s to boleznijo: \u010de oseba potrebuje obi\u010dajen slu\u0161ni aparat na drugi strani, ni pri izbiri ni omejitev. Za aparat se lahko odlo\u010di na podlagi tega, kar najbolje ustreza izgubi sluha na tem u\u0161esu, ne pa glede na to, kateri vsadek ima na drugem u\u0161esu. Razlog za to je:<\/p>\n<ul>\n<li>MED-ELova obdelava zvoka je <a href=\"https:\/\/www.medel.com\/sk\/hearing-solutions\/cochlear-implants\/closest-to-natural-hearing\">zelo podobna naravnemu sluhu<\/a> &#8211; z dolgo elektrodo, atravmati\u010dno mo\u017enostjo za globoko vstavitev in kodiranjem signala Fine Structure Coding za bolj\u0161e zaznavanje nizkofrekven\u010dnih zvokov.<\/li>\n<li>Nastavljiva \u010dasovna zakasnitev v procesorju za pol\u017eev vsadek &#8211; <a href=\"https:\/\/www.medel.com\/sk\/hearing-solutions\/cochlear-implants\/sonnet3\">zauheljnem<\/a> ali <a href=\"https:\/\/www.medel.com\/sk\/hearing-solutions\/cochlear-implants\/rondo3\">enodelnem procesorju <\/a>&#8211; omogo\u010da sinhronizacijo katerim koli obi\u010dajnim slu\u0161nim aparatom.<\/li>\n<li>Z nara\u0161\u010dajo\u010dim \u0161tevilom slu\u0161nih aparatov in mobilnih naprav je brez te\u017eav mogo\u010de tudi hkrati pretakati <a href=\"https:\/\/www.medel.com\/press-room\/press-list\/press-details\/2025\/06\/11\/med-el-and-starkey-announce-all-new-dualsync-partnership--to-advance-bluetooth-connectivity-for-cochlear-implant-users\">zvok v obe u\u0161esi<\/a>.<\/li>\n<\/ul>\n<p>Proizvajalec se sklicuje na \u0161tevilne \u0161tudije, ki potrjujejo zlasti prvi dve to\u010dki. Zato so sistemi MED-EL popolnoma zdru\u017eljivi s katerim koli obi\u010dajnim slu\u0161nim aparatom. Nedavno so na seznam s pretakanjem zdru\u017eljivih pripomo\u010dkov dodali slu\u0161ne pripomo\u010dke Starkey &#8211; in nabor \u0161e naprej raste, da bi lahko zagotovili optimalno podporo vsakemu u\u0161esu.<\/p>\n<\/div><div class=\"fusion-clearfix\"><\/div><\/div><\/div><\/div><\/div><\/div><\/div>\n","protected":false},"excerpt":{"rendered":"<p>18 let je Christian Vogt iz Spodnje Avstrije na eno uho sli\u0161al zelo malo ali ni\u010d: &quot;Kot bi mi zama\u0161ili uho.&quot; V za\u010detku leta 2025 so mu povrnili sluh s pol\u017eevim vsadkom.<\/p>\n","protected":false},"author":10,"featured_media":32656,"comment_status":"open","ping_status":"open","sticky":false,"template":"","format":"standard","meta":{"_acf_changed":false,"footnotes":""},"categories":[518],"tags":[],"class_list":["post-32616","post","type-post","status-publish","format-standard","has-post-thumbnail","hentry","category-zdravje"],"yoast_head":"<!-- This site is optimized with the Yoast SEO plugin v24.3 - https:\/\/yoast.com\/wordpress\/plugins\/seo\/ -->\n<title>&quot;Veselim se pretakanja glasbe!&quot; - Slovenia<\/title>\n<meta name=\"robots\" content=\"index, follow, max-snippet:-1, max-image-preview:large, max-video-preview:-1\" \/>\n<link rel=\"canonical\" href=\"https:\/\/lifelonghearing.com\/sl\/veselim-se-pretakanja-glasbe\/\" \/>\n<meta property=\"og:locale\" content=\"en_US\" \/>\n<meta property=\"og:type\" content=\"article\" \/>\n<meta property=\"og:title\" content=\"&quot;Veselim se pretakanja glasbe!&quot; - Slovenia\" \/>\n<meta property=\"og:description\" content=\"18 let je Christian Vogt iz Spodnje Avstrije na eno uho sli\u0161al zelo malo ali ni\u010d: &quot;Kot bi mi zama\u0161ili uho.&quot; V za\u010detku leta 2025 so mu povrnili sluh s pol\u017eevim vsadkom.\" \/>\n<meta property=\"og:url\" content=\"https:\/\/lifelonghearing.com\/sl\/veselim-se-pretakanja-glasbe\/\" \/>\n<meta property=\"og:site_name\" content=\"Slovenia\" \/>\n<meta property=\"article:published_time\" content=\"2026-04-27T08:31:50+00:00\" \/>\n<meta property=\"article:modified_time\" content=\"2026-04-27T08:32:41+00:00\" \/>\n<meta property=\"og:image\" content=\"https:\/\/lifelonghearing.com\/sl\/wp-content\/uploads\/sites\/3\/2026\/03\/streaming_featured-1.jpg\" \/>\n\t<meta property=\"og:image:width\" content=\"1400\" \/>\n\t<meta property=\"og:image:height\" content=\"652\" \/>\n\t<meta property=\"og:image:type\" content=\"image\/jpeg\" \/>\n<meta name=\"author\" content=\"articleflow\" \/>\n<meta name=\"twitter:card\" content=\"summary_large_image\" \/>\n<meta name=\"twitter:label1\" content=\"Written by\" \/>\n\t<meta name=\"twitter:data1\" content=\"articleflow\" \/>\n\t<meta name=\"twitter:label2\" content=\"Est. reading time\" \/>\n\t<meta name=\"twitter:data2\" content=\"6 minutes\" \/>\n<script type=\"application\/ld+json\" class=\"yoast-schema-graph\">{\"@context\":\"https:\/\/schema.org\",\"@graph\":[{\"@type\":\"WebPage\",\"@id\":\"https:\/\/lifelonghearing.com\/sl\/veselim-se-pretakanja-glasbe\/\",\"url\":\"https:\/\/lifelonghearing.com\/sl\/veselim-se-pretakanja-glasbe\/\",\"name\":\"&quot;Veselim se pretakanja glasbe!&quot; - Slovenia\",\"isPartOf\":{\"@id\":\"https:\/\/lifelonghearing.com\/sl\/#website\"},\"primaryImageOfPage\":{\"@id\":\"https:\/\/lifelonghearing.com\/sl\/veselim-se-pretakanja-glasbe\/#primaryimage\"},\"image\":{\"@id\":\"https:\/\/lifelonghearing.com\/sl\/veselim-se-pretakanja-glasbe\/#primaryimage\"},\"thumbnailUrl\":\"https:\/\/lifelonghearing.com\/sl\/wp-content\/uploads\/sites\/3\/2026\/03\/streaming_featured-1.jpg\",\"datePublished\":\"2026-04-27T08:31:50+00:00\",\"dateModified\":\"2026-04-27T08:32:41+00:00\",\"author\":{\"@id\":\"https:\/\/lifelonghearing.com\/sl\/#\/schema\/person\/d0edcc0a625e2f23267e35d92373b717\"},\"breadcrumb\":{\"@id\":\"https:\/\/lifelonghearing.com\/sl\/veselim-se-pretakanja-glasbe\/#breadcrumb\"},\"inLanguage\":\"en-US\",\"potentialAction\":[{\"@type\":\"ReadAction\",\"target\":[\"https:\/\/lifelonghearing.com\/sl\/veselim-se-pretakanja-glasbe\/\"]}]},{\"@type\":\"ImageObject\",\"inLanguage\":\"en-US\",\"@id\":\"https:\/\/lifelonghearing.com\/sl\/veselim-se-pretakanja-glasbe\/#primaryimage\",\"url\":\"https:\/\/lifelonghearing.com\/sl\/wp-content\/uploads\/sites\/3\/2026\/03\/streaming_featured-1.jpg\",\"contentUrl\":\"https:\/\/lifelonghearing.com\/sl\/wp-content\/uploads\/sites\/3\/2026\/03\/streaming_featured-1.jpg\",\"width\":1400,\"height\":652},{\"@type\":\"BreadcrumbList\",\"@id\":\"https:\/\/lifelonghearing.com\/sl\/veselim-se-pretakanja-glasbe\/#breadcrumb\",\"itemListElement\":[{\"@type\":\"ListItem\",\"position\":1,\"name\":\"Home\",\"item\":\"https:\/\/lifelonghearing.com\/sl\/\"},{\"@type\":\"ListItem\",\"position\":2,\"name\":\"&quot;Veselim se pretakanja glasbe!&quot;\"}]},{\"@type\":\"WebSite\",\"@id\":\"https:\/\/lifelonghearing.com\/sl\/#website\",\"url\":\"https:\/\/lifelonghearing.com\/sl\/\",\"name\":\"Slovenia\",\"description\":\"\",\"potentialAction\":[{\"@type\":\"SearchAction\",\"target\":{\"@type\":\"EntryPoint\",\"urlTemplate\":\"https:\/\/lifelonghearing.com\/sl\/?s={search_term_string}\"},\"query-input\":{\"@type\":\"PropertyValueSpecification\",\"valueRequired\":true,\"valueName\":\"search_term_string\"}}],\"inLanguage\":\"en-US\"},{\"@type\":\"Person\",\"@id\":\"https:\/\/lifelonghearing.com\/sl\/#\/schema\/person\/d0edcc0a625e2f23267e35d92373b717\",\"name\":\"articleflow\",\"image\":{\"@type\":\"ImageObject\",\"inLanguage\":\"en-US\",\"@id\":\"https:\/\/lifelonghearing.com\/sl\/#\/schema\/person\/image\/\",\"url\":\"https:\/\/secure.gravatar.com\/avatar\/ce5adb94a89bcd93687bce9b019e3dd3?s=96&d=mm&r=g\",\"contentUrl\":\"https:\/\/secure.gravatar.com\/avatar\/ce5adb94a89bcd93687bce9b019e3dd3?s=96&d=mm&r=g\",\"caption\":\"articleflow\"},\"url\":\"https:\/\/lifelonghearing.com\/sl\/author\/articleflow\/\"}]}<\/script>\n<!-- \/ Yoast SEO plugin. -->","yoast_head_json":{"title":"&quot;Veselim se pretakanja glasbe!&quot; - Slovenia","robots":{"index":"index","follow":"follow","max-snippet":"max-snippet:-1","max-image-preview":"max-image-preview:large","max-video-preview":"max-video-preview:-1"},"canonical":"https:\/\/lifelonghearing.com\/sl\/veselim-se-pretakanja-glasbe\/","og_locale":"en_US","og_type":"article","og_title":"&quot;Veselim se pretakanja glasbe!&quot; - Slovenia","og_description":"18 let je Christian Vogt iz Spodnje Avstrije na eno uho sli\u0161al zelo malo ali ni\u010d: &quot;Kot bi mi zama\u0161ili uho.&quot; V za\u010detku leta 2025 so mu povrnili sluh s pol\u017eevim vsadkom.","og_url":"https:\/\/lifelonghearing.com\/sl\/veselim-se-pretakanja-glasbe\/","og_site_name":"Slovenia","article_published_time":"2026-04-27T08:31:50+00:00","article_modified_time":"2026-04-27T08:32:41+00:00","og_image":[{"width":1400,"height":652,"url":"https:\/\/lifelonghearing.com\/sl\/wp-content\/uploads\/sites\/3\/2026\/03\/streaming_featured-1.jpg","type":"image\/jpeg"}],"author":"articleflow","twitter_card":"summary_large_image","twitter_misc":{"Written by":"articleflow","Est. reading time":"6 minutes"},"schema":{"@context":"https:\/\/schema.org","@graph":[{"@type":"WebPage","@id":"https:\/\/lifelonghearing.com\/sl\/veselim-se-pretakanja-glasbe\/","url":"https:\/\/lifelonghearing.com\/sl\/veselim-se-pretakanja-glasbe\/","name":"&quot;Veselim se pretakanja glasbe!&quot; - Slovenia","isPartOf":{"@id":"https:\/\/lifelonghearing.com\/sl\/#website"},"primaryImageOfPage":{"@id":"https:\/\/lifelonghearing.com\/sl\/veselim-se-pretakanja-glasbe\/#primaryimage"},"image":{"@id":"https:\/\/lifelonghearing.com\/sl\/veselim-se-pretakanja-glasbe\/#primaryimage"},"thumbnailUrl":"https:\/\/lifelonghearing.com\/sl\/wp-content\/uploads\/sites\/3\/2026\/03\/streaming_featured-1.jpg","datePublished":"2026-04-27T08:31:50+00:00","dateModified":"2026-04-27T08:32:41+00:00","author":{"@id":"https:\/\/lifelonghearing.com\/sl\/#\/schema\/person\/d0edcc0a625e2f23267e35d92373b717"},"breadcrumb":{"@id":"https:\/\/lifelonghearing.com\/sl\/veselim-se-pretakanja-glasbe\/#breadcrumb"},"inLanguage":"en-US","potentialAction":[{"@type":"ReadAction","target":["https:\/\/lifelonghearing.com\/sl\/veselim-se-pretakanja-glasbe\/"]}]},{"@type":"ImageObject","inLanguage":"en-US","@id":"https:\/\/lifelonghearing.com\/sl\/veselim-se-pretakanja-glasbe\/#primaryimage","url":"https:\/\/lifelonghearing.com\/sl\/wp-content\/uploads\/sites\/3\/2026\/03\/streaming_featured-1.jpg","contentUrl":"https:\/\/lifelonghearing.com\/sl\/wp-content\/uploads\/sites\/3\/2026\/03\/streaming_featured-1.jpg","width":1400,"height":652},{"@type":"BreadcrumbList","@id":"https:\/\/lifelonghearing.com\/sl\/veselim-se-pretakanja-glasbe\/#breadcrumb","itemListElement":[{"@type":"ListItem","position":1,"name":"Home","item":"https:\/\/lifelonghearing.com\/sl\/"},{"@type":"ListItem","position":2,"name":"&quot;Veselim se pretakanja glasbe!&quot;"}]},{"@type":"WebSite","@id":"https:\/\/lifelonghearing.com\/sl\/#website","url":"https:\/\/lifelonghearing.com\/sl\/","name":"Slovenia","description":"","potentialAction":[{"@type":"SearchAction","target":{"@type":"EntryPoint","urlTemplate":"https:\/\/lifelonghearing.com\/sl\/?s={search_term_string}"},"query-input":{"@type":"PropertyValueSpecification","valueRequired":true,"valueName":"search_term_string"}}],"inLanguage":"en-US"},{"@type":"Person","@id":"https:\/\/lifelonghearing.com\/sl\/#\/schema\/person\/d0edcc0a625e2f23267e35d92373b717","name":"articleflow","image":{"@type":"ImageObject","inLanguage":"en-US","@id":"https:\/\/lifelonghearing.com\/sl\/#\/schema\/person\/image\/","url":"https:\/\/secure.gravatar.com\/avatar\/ce5adb94a89bcd93687bce9b019e3dd3?s=96&d=mm&r=g","contentUrl":"https:\/\/secure.gravatar.com\/avatar\/ce5adb94a89bcd93687bce9b019e3dd3?s=96&d=mm&r=g","caption":"articleflow"},"url":"https:\/\/lifelonghearing.com\/sl\/author\/articleflow\/"}]}},"acf":[],"_links":{"self":[{"href":"https:\/\/lifelonghearing.com\/sl\/wp-json\/wp\/v2\/posts\/32616","targetHints":{"allow":["GET"]}}],"collection":[{"href":"https:\/\/lifelonghearing.com\/sl\/wp-json\/wp\/v2\/posts"}],"about":[{"href":"https:\/\/lifelonghearing.com\/sl\/wp-json\/wp\/v2\/types\/post"}],"author":[{"embeddable":true,"href":"https:\/\/lifelonghearing.com\/sl\/wp-json\/wp\/v2\/users\/10"}],"replies":[{"embeddable":true,"href":"https:\/\/lifelonghearing.com\/sl\/wp-json\/wp\/v2\/comments?post=32616"}],"version-history":[{"count":3,"href":"https:\/\/lifelonghearing.com\/sl\/wp-json\/wp\/v2\/posts\/32616\/revisions"}],"predecessor-version":[{"id":32659,"href":"https:\/\/lifelonghearing.com\/sl\/wp-json\/wp\/v2\/posts\/32616\/revisions\/32659"}],"wp:featuredmedia":[{"embeddable":true,"href":"https:\/\/lifelonghearing.com\/sl\/wp-json\/wp\/v2\/media\/32656"}],"wp:attachment":[{"href":"https:\/\/lifelonghearing.com\/sl\/wp-json\/wp\/v2\/media?parent=32616"}],"wp:term":[{"taxonomy":"category","embeddable":true,"href":"https:\/\/lifelonghearing.com\/sl\/wp-json\/wp\/v2\/categories?post=32616"},{"taxonomy":"post_tag","embeddable":true,"href":"https:\/\/lifelonghearing.com\/sl\/wp-json\/wp\/v2\/tags?post=32616"}],"curies":[{"name":"wp","href":"https:\/\/api.w.org\/{rel}","templated":true}]}}