{"id":32612,"date":"2026-04-27T07:41:33","date_gmt":"2026-04-27T07:41:33","guid":{"rendered":"https:\/\/lifelonghearing.com\/sl\/?p=32612"},"modified":"2026-04-27T07:41:33","modified_gmt":"2026-04-27T07:41:33","slug":"zmajcek-kokos-in-sofija-imata-veliko-skupnega","status":"publish","type":"post","link":"https:\/\/lifelonghearing.com\/sl\/zmajcek-kokos-in-sofija-imata-veliko-skupnega\/","title":{"rendered":"Zmaj\u010dek Kokos in Sofija imata veliko skupnega!"},"content":{"rendered":"<div class=\"fusion-fullwidth fullwidth-box fusion-builder-row-1 fusion-flex-container nonhundred-percent-fullwidth non-hundred-percent-height-scrolling\" style=\"--awb-border-radius-top-left:0px;--awb-border-radius-top-right:0px;--awb-border-radius-bottom-right:0px;--awb-border-radius-bottom-left:0px;--awb-flex-wrap:wrap;\" ><div class=\"fusion-builder-row fusion-row fusion-flex-align-items-flex-start fusion-flex-content-wrap\" style=\"max-width:1248px;margin-left: calc(-4% \/ 2 );margin-right: calc(-4% \/ 2 );\"><div class=\"fusion-layout-column fusion_builder_column fusion-builder-column-0 fusion_builder_column_1_1 1_1 fusion-flex-column\" style=\"--awb-bg-size:cover;--awb-width-large:100%;--awb-margin-top-large:0px;--awb-spacing-right-large:1.92%;--awb-margin-bottom-large:10px;--awb-spacing-left-large:1.92%;--awb-width-medium:100%;--awb-order-medium:0;--awb-spacing-right-medium:1.92%;--awb-spacing-left-medium:1.92%;--awb-width-small:100%;--awb-order-small:0;--awb-spacing-right-small:1.92%;--awb-spacing-left-small:1.92%;\"><div class=\"fusion-column-wrapper fusion-flex-justify-content-flex-start fusion-content-layout-column\"><div class=\"fusion-title title fusion-title-1 fusion-sep-none fusion-title-text fusion-title-size-one\" style=\"--awb-margin-top:0px;--awb-margin-bottom:10px;--awb-font-size:36px;\"><h1 class=\"fusion-title-heading title-heading-left fusion-responsive-typography-calculated\" style=\"margin:0;font-size:1em;--fontSize:36;line-height:1.4;\">S pol\u017eevimi vsadki na poti na oder<\/h1><\/div><div class=\"fusion-text fusion-text-1\"><p><strong>Sofia Weber se je rodila gluha, vendar zaradi svojih dvostranskih (bilateralnih) pol\u017eevih vsadkov lahko sli\u0161i in razume v treh jezikih. Maja je sedemletnica igrala glavno vlogo v glasbenem nastopu svojega razreda.<\/strong><\/p>\n<\/div><div class=\"fusion-separator fusion-full-width-sep\" style=\"align-self: center;margin-left: auto;margin-right: auto;width:100%;\"><\/div><div class=\"fusion-image-element \" style=\"--awb-caption-title-font-family:var(--h2_typography-font-family);--awb-caption-title-font-weight:var(--h2_typography-font-weight);--awb-caption-title-font-style:var(--h2_typography-font-style);--awb-caption-title-size:var(--h2_typography-font-size);--awb-caption-title-transform:var(--h2_typography-text-transform);--awb-caption-title-line-height:var(--h2_typography-line-height);--awb-caption-title-letter-spacing:var(--h2_typography-letter-spacing);\"><span class=\" fusion-imageframe imageframe-none imageframe-1 hover-type-none\"><img decoding=\"async\" width=\"1400\" height=\"652\" title=\"template_featured\" src=\"https:\/\/lifelonghearing.com\/sl\/wp-content\/uploads\/sites\/3\/2026\/03\/template_featured.jpg\" data-orig-src=\"https:\/\/lifelonghearing.com\/sl\/wp-content\/uploads\/sites\/3\/2026\/03\/template_featured.jpg\" alt class=\"lazyload img-responsive wp-image-32631\" srcset=\"data:image\/svg+xml,%3Csvg%20xmlns%3D%27http%3A%2F%2Fwww.w3.org%2F2000%2Fsvg%27%20width%3D%271400%27%20height%3D%27652%27%20viewBox%3D%270%200%201400%20652%27%3E%3Crect%20width%3D%271400%27%20height%3D%27652%27%20fill-opacity%3D%220%22%2F%3E%3C%2Fsvg%3E\" data-srcset=\"https:\/\/lifelonghearing.com\/sl\/wp-content\/uploads\/sites\/3\/2026\/03\/template_featured-200x93.jpg 200w, https:\/\/lifelonghearing.com\/sl\/wp-content\/uploads\/sites\/3\/2026\/03\/template_featured-400x186.jpg 400w, https:\/\/lifelonghearing.com\/sl\/wp-content\/uploads\/sites\/3\/2026\/03\/template_featured-600x279.jpg 600w, https:\/\/lifelonghearing.com\/sl\/wp-content\/uploads\/sites\/3\/2026\/03\/template_featured-800x373.jpg 800w, https:\/\/lifelonghearing.com\/sl\/wp-content\/uploads\/sites\/3\/2026\/03\/template_featured-1200x559.jpg 1200w, https:\/\/lifelonghearing.com\/sl\/wp-content\/uploads\/sites\/3\/2026\/03\/template_featured.jpg 1400w\" data-sizes=\"auto\" data-orig-sizes=\"(max-width: 1024px) 100vw, (max-width: 640px) 100vw, 1200px\" \/><\/span><\/div><div class=\"fusion-separator fusion-full-width-sep\" style=\"align-self: center;margin-left: auto;margin-right: auto;width:100%;\"><\/div><div class=\"fusion-text fusion-text-2\"><h3><\/h3>\n<h3><em>&#8220;Prihaja zmaj\u010dek Kokos!&#8221; se zasli\u0161i z odra.<\/em><\/h3>\n<p>Inkluzivni drugi razred na Zveznem in\u0161titutu za izobra\u017eevanje gluhih &#8211; ali BIG na kratko &#8211; poje in izvaja <em>\u0160olski festival na Ognjeni skali<\/em> za svoje star\u0161e in brate. Dva fanta izmeni\u010dno bereta dalj\u0161i pripovedni del. Na odru je tudi sedemletna Sofia Weber, ki igra zmaj\u010dka Kokosa in mu posodi svoj zvene\u010di glasek.<\/p>\n<p>Za razliko od drugih zmajev, Kokos nima talenta za letenje. &#8220;Sovra\u017eim pe\u010dino,&#8221; se prito\u017euje, ko se zaleti vanjo. &#8220;Sovra\u017eim Ognjeno skalo, letenje pa itak sovra\u017eim.&#8221; Sofijin ton glasu prepri\u010dljivo odra\u017ea Kokosovo nejevoljo in njegovo razo\u010daranje nad nerazumevajo\u010dim u\u010diteljem letenja. Z veseljem bi se udele\u017eil festivala na Ognjeni skali, toda \u010de ne opravi preizkusa letenja, bo edini, ki bo moral tja potovati z raftom.<\/p>\n<h3>&#8220;Nismo poznali drugih otrok z vsadki&#8230;&#8221;<\/h3>\n<div id=\"attachment_32632\" style=\"width: 235px\" class=\"wp-caption alignleft\"><img decoding=\"async\" aria-describedby=\"caption-attachment-32632\" class=\"lazyload wp-image-32632 size-medium\" src=\"https:\/\/lifelonghearing.com\/sl\/wp-content\/uploads\/sites\/3\/2026\/03\/BIG-Schulauffuhrung-Sofia-Weber_2-@Lisa-Dorner-225x300.jpg\" data-orig-src=\"https:\/\/lifelonghearing.com\/sl\/wp-content\/uploads\/sites\/3\/2026\/03\/BIG-Schulauffuhrung-Sofia-Weber_2-@Lisa-Dorner-225x300.jpg\" alt=\"\" width=\"225\" height=\"300\" srcset=\"data:image\/svg+xml,%3Csvg%20xmlns%3D%27http%3A%2F%2Fwww.w3.org%2F2000%2Fsvg%27%20width%3D%27225%27%20height%3D%27300%27%20viewBox%3D%270%200%20225%20300%27%3E%3Crect%20width%3D%27225%27%20height%3D%27300%27%20fill-opacity%3D%220%22%2F%3E%3C%2Fsvg%3E\" data-srcset=\"https:\/\/lifelonghearing.com\/sl\/wp-content\/uploads\/sites\/3\/2026\/03\/BIG-Schulauffuhrung-Sofia-Weber_2-@Lisa-Dorner-200x267.jpg 200w, https:\/\/lifelonghearing.com\/sl\/wp-content\/uploads\/sites\/3\/2026\/03\/BIG-Schulauffuhrung-Sofia-Weber_2-@Lisa-Dorner-225x300.jpg 225w, https:\/\/lifelonghearing.com\/sl\/wp-content\/uploads\/sites\/3\/2026\/03\/BIG-Schulauffuhrung-Sofia-Weber_2-@Lisa-Dorner-400x533.jpg 400w, https:\/\/lifelonghearing.com\/sl\/wp-content\/uploads\/sites\/3\/2026\/03\/BIG-Schulauffuhrung-Sofia-Weber_2-@Lisa-Dorner-600x800.jpg 600w, https:\/\/lifelonghearing.com\/sl\/wp-content\/uploads\/sites\/3\/2026\/03\/BIG-Schulauffuhrung-Sofia-Weber_2-@Lisa-Dorner-768x1024.jpg 768w, https:\/\/lifelonghearing.com\/sl\/wp-content\/uploads\/sites\/3\/2026\/03\/BIG-Schulauffuhrung-Sofia-Weber_2-@Lisa-Dorner-800x1067.jpg 800w, https:\/\/lifelonghearing.com\/sl\/wp-content\/uploads\/sites\/3\/2026\/03\/BIG-Schulauffuhrung-Sofia-Weber_2-@Lisa-Dorner-1152x1536.jpg 1152w, https:\/\/lifelonghearing.com\/sl\/wp-content\/uploads\/sites\/3\/2026\/03\/BIG-Schulauffuhrung-Sofia-Weber_2-@Lisa-Dorner-1200x1600.jpg 1200w, https:\/\/lifelonghearing.com\/sl\/wp-content\/uploads\/sites\/3\/2026\/03\/BIG-Schulauffuhrung-Sofia-Weber_2-@Lisa-Dorner-scaled.jpg 1437w, https:\/\/lifelonghearing.com\/sl\/wp-content\/uploads\/sites\/3\/2026\/03\/BIG-Schulauffuhrung-Sofia-Weber_2-@Lisa-Dorner-1536x2048.jpg 1536w\" data-sizes=\"auto\" data-orig-sizes=\"(max-width: 225px) 100vw, 225px\" \/><p id=\"caption-attachment-32632\" class=\"wp-caption-text\">Sofia je dobila pol\u017eeve vsadke pri samo sedmih mesecih. \u00a9Lisa Dorner<\/p><\/div>\n<p>Prav tako kot Kokos, ki na za\u010detku zgodbe ne zna leteti, medtem ko njegovi vrstniki s tem nimajo te\u017eav, tudi Sofija na za\u010detku svoje \u017eivljenjske zgodbe ni sli\u0161ala. Po zaslugi presejalnega testiranja sluha pri novorojen\u010dkih so njeni star\u0161i kmalu po rojstvu izvedeli za okvaro. A za star\u0161e to ni bila nova zgodba, saj se je zanje za\u010dela \u017ee \u0161est let prej \u2013 s Sofijino starej\u0161o sestro Anastasio.<\/p>\n<p>Leta 2013 sta se Tatjana in Aleksander Weber razveselila rojstva svoje najstarej\u0161e h\u010derke Anastasie. Kmalu so zdravniki spoznali, da je njen sluh mo\u010dno okvarjen, zato so priporo\u010dili pol\u017eev vsadek. &#8220;Nismo pa poznali drugih otrok z vsadkom,&#8221; razlaga njena mama. &#8220;Bali smo se.&#8221; \u0160ele na dru\u017einskih po\u010ditnicah so spoznali dru\u017eino z otrokom s PV: &#8220;Potem smo hitro sprejeli odlo\u010ditev.&#8221;<\/p>\n<h3>&#8220;S Sofijo smo vse to \u017ee poznali.&#8221;<\/h3>\n<p>Anastasia je bila stara skoraj dve leti, ko je kon\u010dno dobila dvostranske (bilateralne) vsadke. &#8220;Po tem smo se osredoto\u010dili na intenzivno podporo. Hodili smo na govorno terapijo in vsak dan delali z u\u010diteljem. Bilo je zelo zahtevno,&#8221; se spominja Tatiana Weber.<\/p>\n<p>Junija 2017 se je brez sluha rodila tudi Anastasijina sestrica Sofija. &#8220;Takrat smo \u017ee vedeli, kaj lahko pri\u010dakujemo,&#8221; se spominja njen o\u010de. Sofija je dobila dva pol\u017eeva vsadka pri ne\u017eni starosti sedmih mesecev. Dva tedna kasneje smo imeli prvo nastavitev in Sofija je prvi\u010d sli\u0161ala. Hitro je nadoknadila manj\u0161o zamudo pri razvoju sluha in govora, pri \u010demer je potrebovala veliko manj podpore kot sestra: &#8220;Ko je bila stara dve leti,&#8221; toliko kot sestra ob implantaciji, &#8220;je Sofiji \u017ee zelo dobro \u0161lo.&#8221;<\/p>\n<h3>Zgodnja implantacija olaj\u0161a razvoj sluha<\/h3>\n<p>\u0160tudije in izku\u0161nje ka\u017eejo, da se pri otrocih s PV po implantaciji slu\u0161no razumevanje in govor hitreje razvijata kot pa se to odvija pri otrocih z normalnim sluhom. V nekaj mesecih ali letih so pogosto \u017ee na isti ravni kot njihovi vrstniki. Toda prej ko je zagotovljena oskrba, prej bodo dohiteli. Otroci, ki jim PV vsadijo kasneje, se morajo pogosto bolj truditi, ko poslu\u0161ajo, po vsaditvi pa obi\u010dajno potrebujejo ve\u010d podpore.<\/p>\n<p>Dru\u017eina Weber je hvale\u017ena za podporo, ki sta jo njuni h\u010deri prejeli v vrtcu BIG. Danes starej\u0161a h\u010di Anastasia obiskuje srednjo \u0161olo, medtem ko je Sofia u\u010denka v inkluzivnem osnovno\u0161olskem razredu, kjer lahko v\u010dasih tudi stoji na odru in poje.<\/p>\n<h3>&#8220;Presene\u010deni smo nad tem, kako otroci u\u017eivajo!&#8221;<\/h3>\n<p>&#8220;Leti, Kokos, poleti na Ognjeno skalo! Tudi ti bo\u0161 zmogel!&#8221; Gledalci dobijo kurjo polt, ko otroci vzklikajo besede spodbude pojo\u010demu zmaj\u010dku. Dva prijatelja in nov in\u0161truktor letenja so Kokosu pomagali, da je vadil letenje. Dobil je pogum, zato lahko zdaj poka\u017ee, da zna tudi on leteti. To mu je omogo\u010dila prava podpora.<\/p>\n<p>Krepitev ob\u010dutka skupnosti v razredu je eden klju\u010dnih ciljev gledali\u0161kega projekta, ki ga vzgojiteljici Carolyn Harrison in Katharina D\u00fcrrer redno izvajata s svojimi razredi. Gre tudi za povezovanje z drugimi razredi, na primer ko udele\u017eenci skupine za razvoj komunikacijskih ve\u0161\u010din in podporo oblikujejo odrske kulise. Gledali\u0161ka predstava ima velik \u010dar: &#8220;Vsaki\u010d nas preseneti, kako zelo otroci u\u017eivajo v tem, \u0161e posebej v tej kombinaciji besedila in glasbe.&#8221;<\/p>\n<h3>Igranje vlog spodbuja dobro artikulacijo in dru\u017ebeno komunikacijo<\/h3>\n<p>Z izobra\u017eevalnega vidika ima projekt \u0161tevilne prednosti: vadba branja in artikulacije je dragocena tako za otroke z okvaro sluha kot tiste, ki teh te\u017eav nimajo. Tudi glasba na razli\u010dne na\u010dine podpira vse otroke, zlasti pri razvoju sluha in govora. Prevzemanje razli\u010dnih vlog, izra\u017eanje sebe in u\u010denje na pamet so vse spretnosti, ki jih razvijamo s tem projektom. &#8220;Velika predstava in potem \u0161e slavje pa je na\u0161a nagrada,&#8221; zaklju\u010di specialna pedagoginja Harrison.<\/p>\n<p>Za ve\u010dino mladih nastopajo\u010dih je to prvi nastop na odru. Obe u\u010diteljici se strinjata: &#8220;Po predstavi se nam vedno zdi, da so otroci zrasli vsaj za pet centimetrov!&#8221;<\/p>\n<h3>Sre\u010den konec krat dva \u2013 s pol\u017eevim vsadkom<\/h3>\n<p>&#8220;Sofia je zelo samozavestna,&#8221; pojasnjuje njena mama. Nastopanje zanjo ni problem. Navajena je velikega ob\u010dinstva, saj pogosto sodeluje na ve\u010djih tekmovanjih v ritmi\u010dni gimnastiki, tako kot starej\u0161a sestra Anastasia. Ta \u0161port zdru\u017euje gimnastiko in plesne elemente in zahteva ne le nadzor telesa in ravnote\u017eje, temve\u010d tudi ob\u010dutek za ritem: vse vaje je treba izvajati v ritmu spremljevalne glasbe, kar brez sluha ne bi bilo mogo\u010de.<\/p>\n<p>Jezikovno sta obe sestri zelo bogati, saj govorita tri jezike, kar je ve\u010d kot ve\u010dina vrstnikov. &#8220;Smo mednarodna dru\u017eina. Prvi jezik obeh je ru\u0161\u010dina,&#8221; pojasnjuje mati. &#8220;In zaradi o\u010deta znata nem\u0161ko. S prijatelji pogosto govorimo angle\u0161ko, ta jezik je obema blizu.&#8221; &#8220;V vsakdanjem \u017eivljenju razlike med njima ni ve\u010d mogo\u010de opaziti. Oba imata enako raven jezika in besedi\u0161\u010da,&#8221; pravi Alexander Weber, ko primerja slu\u0161ne sposobnosti svojih h\u010dera. &#8220;Toda pri Sofiji ima\u0161 ob\u010dutek, kot da se je sli\u0161e\u010da \u017ee rodila.&#8221;<\/p>\n<p>Divji aplavz nagradi mlade izvajalce na odru, ko se priklanjajo po zadnji pesmi. Potem Sofija ste\u010de v garderobo z drugimi, preden se pridru\u017ei svojim star\u0161em. Pravi, da se je na odru po\u010dutila &#8220;dobro&#8221;. &#8220;Ampak tudi malo razburjeno.&#8221; &#8220;Rada poje, rada bi hodila v dramsko \u0161olo,&#8221; se nasmehne mama. Njen o\u010de doda: &#8220;Zdaj je lahko poskusila in u\u017eiva v tem.&#8221; Kdo ve, morda bo Sofija nekega dne zastopala Avstrijo na Pesmi Evrovizije.<strong>\u00a0<\/strong><\/p>\n<\/div><div class=\"fusion-reading-box-container reading-box-container-1\" style=\"--awb-title-color:#3d3b3b;--awb-margin-top:0px;--awb-margin-bottom:84px;\"><div class=\"reading-box\" style=\"background-color:#ffffff;border-width:1px;border-color:#e0dede;border-left-width:3px;border-left-color:var(--primary_color);border-style:solid;\"><div class=\"reading-box-additional\">\n<p><strong>Spoznajte uporabnike PV in njihove dru\u017eine<\/strong><\/p>\n<p>Sprejetje odgovorne in dobro premi\u0161ljene odlo\u010ditve glede operacije \u2014 \u0161e posebej, ko gre za majhnega otroka \u2014 zahteva skrben premislek. To vklju\u010duje ne le strokovne medicinske informacije, temve\u010d tudi stik z izku\u0161enimi uporabniki pol\u017eevega vsadka (PV) ter izmenjavo izku\u0161enj z njimi in njihovimi dru\u017einami. Tak\u0161ne izku\u0161nje so lahko \u0161e posebej dragocene, kadar pravo\u010dasna odlo\u010ditev prina\u0161a velike koristi \u2014 kot je na primer pri sluhu.<\/p>\n<p>CIA (Cochlear Implant Austria) ponuja prilo\u017enosti za to: ve\u010dine sre\u010danj se udele\u017eujejo odrasli, ki so gluhi in imajo vsadke, medtem ko njihovoi Poletni dnevi in &#8220;Podpora otrokom in mladini&#8221; ponujajo prilo\u017enost za sre\u010danje z otroki in njihovimi star\u0161i. Ve\u010d informacij je na voljo na <strong><a href=\"mailto:summerdays@ci-a.at\">summerdays@ci-a.at<\/a>.<\/strong><\/p>\n<p>Druga mo\u017enost je, da si posamezniki in star\u0161i osebno izmenjujejo izku\u0161nje prek svetovalcev na naslovu<strong> <a href=\"https:\/\/www.hoerverlust.at\/\">www.hoerverlust.at<\/a>.<\/strong><\/p>\n<\/div><div class=\"fusion-clearfix\"><\/div><\/div><\/div><\/div><\/div><\/div><\/div>\n","protected":false},"excerpt":{"rendered":"<p>Sofia Weber se je rodila gluha, vendar zaradi svojih dvostranskih (bilateralnih) pol\u017eevih vsadkov lahko sli\u0161i in razume v treh jezikih. Maja je sedemletnica igrala glavno vlogo v glasbenem nastopu svojega razreda.<\/p>\n","protected":false},"author":10,"featured_media":32631,"comment_status":"open","ping_status":"open","sticky":false,"template":"","format":"standard","meta":{"_acf_changed":false,"footnotes":""},"categories":[415],"tags":[],"class_list":["post-32612","post","type-post","status-publish","format-standard","has-post-thumbnail","hentry","category-zivljenje"],"yoast_head":"<!-- This site is optimized with the Yoast SEO plugin v24.3 - https:\/\/yoast.com\/wordpress\/plugins\/seo\/ -->\n<title>Zmaj\u010dek Kokos in Sofija imata veliko skupnega! - Slovenia<\/title>\n<meta name=\"robots\" content=\"index, follow, max-snippet:-1, max-image-preview:large, max-video-preview:-1\" \/>\n<link rel=\"canonical\" href=\"https:\/\/lifelonghearing.com\/sl\/zmajcek-kokos-in-sofija-imata-veliko-skupnega\/\" \/>\n<meta property=\"og:locale\" content=\"en_US\" \/>\n<meta property=\"og:type\" content=\"article\" \/>\n<meta property=\"og:title\" content=\"Zmaj\u010dek Kokos in Sofija imata veliko skupnega! - Slovenia\" \/>\n<meta property=\"og:description\" content=\"Sofia Weber se je rodila gluha, vendar zaradi svojih dvostranskih (bilateralnih) pol\u017eevih vsadkov lahko sli\u0161i in razume v treh jezikih. Maja je sedemletnica igrala glavno vlogo v glasbenem nastopu svojega razreda.\" \/>\n<meta property=\"og:url\" content=\"https:\/\/lifelonghearing.com\/sl\/zmajcek-kokos-in-sofija-imata-veliko-skupnega\/\" \/>\n<meta property=\"og:site_name\" content=\"Slovenia\" \/>\n<meta property=\"article:published_time\" content=\"2026-04-27T07:41:33+00:00\" \/>\n<meta property=\"og:image\" content=\"https:\/\/lifelonghearing.com\/sl\/wp-content\/uploads\/sites\/3\/2026\/03\/template_featured.jpg\" \/>\n\t<meta property=\"og:image:width\" content=\"1400\" \/>\n\t<meta property=\"og:image:height\" content=\"652\" \/>\n\t<meta property=\"og:image:type\" content=\"image\/jpeg\" \/>\n<meta name=\"author\" content=\"articleflow\" \/>\n<meta name=\"twitter:card\" content=\"summary_large_image\" \/>\n<meta name=\"twitter:label1\" content=\"Written by\" \/>\n\t<meta name=\"twitter:data1\" content=\"articleflow\" \/>\n\t<meta name=\"twitter:label2\" content=\"Est. reading time\" \/>\n\t<meta name=\"twitter:data2\" content=\"6 minutes\" \/>\n<script type=\"application\/ld+json\" class=\"yoast-schema-graph\">{\"@context\":\"https:\/\/schema.org\",\"@graph\":[{\"@type\":\"WebPage\",\"@id\":\"https:\/\/lifelonghearing.com\/sl\/zmajcek-kokos-in-sofija-imata-veliko-skupnega\/\",\"url\":\"https:\/\/lifelonghearing.com\/sl\/zmajcek-kokos-in-sofija-imata-veliko-skupnega\/\",\"name\":\"Zmaj\u010dek Kokos in Sofija imata veliko skupnega! - Slovenia\",\"isPartOf\":{\"@id\":\"https:\/\/lifelonghearing.com\/sl\/#website\"},\"primaryImageOfPage\":{\"@id\":\"https:\/\/lifelonghearing.com\/sl\/zmajcek-kokos-in-sofija-imata-veliko-skupnega\/#primaryimage\"},\"image\":{\"@id\":\"https:\/\/lifelonghearing.com\/sl\/zmajcek-kokos-in-sofija-imata-veliko-skupnega\/#primaryimage\"},\"thumbnailUrl\":\"https:\/\/lifelonghearing.com\/sl\/wp-content\/uploads\/sites\/3\/2026\/03\/template_featured.jpg\",\"datePublished\":\"2026-04-27T07:41:33+00:00\",\"dateModified\":\"2026-04-27T07:41:33+00:00\",\"author\":{\"@id\":\"https:\/\/lifelonghearing.com\/sl\/#\/schema\/person\/d0edcc0a625e2f23267e35d92373b717\"},\"breadcrumb\":{\"@id\":\"https:\/\/lifelonghearing.com\/sl\/zmajcek-kokos-in-sofija-imata-veliko-skupnega\/#breadcrumb\"},\"inLanguage\":\"en-US\",\"potentialAction\":[{\"@type\":\"ReadAction\",\"target\":[\"https:\/\/lifelonghearing.com\/sl\/zmajcek-kokos-in-sofija-imata-veliko-skupnega\/\"]}]},{\"@type\":\"ImageObject\",\"inLanguage\":\"en-US\",\"@id\":\"https:\/\/lifelonghearing.com\/sl\/zmajcek-kokos-in-sofija-imata-veliko-skupnega\/#primaryimage\",\"url\":\"https:\/\/lifelonghearing.com\/sl\/wp-content\/uploads\/sites\/3\/2026\/03\/template_featured.jpg\",\"contentUrl\":\"https:\/\/lifelonghearing.com\/sl\/wp-content\/uploads\/sites\/3\/2026\/03\/template_featured.jpg\",\"width\":1400,\"height\":652},{\"@type\":\"BreadcrumbList\",\"@id\":\"https:\/\/lifelonghearing.com\/sl\/zmajcek-kokos-in-sofija-imata-veliko-skupnega\/#breadcrumb\",\"itemListElement\":[{\"@type\":\"ListItem\",\"position\":1,\"name\":\"Home\",\"item\":\"https:\/\/lifelonghearing.com\/sl\/\"},{\"@type\":\"ListItem\",\"position\":2,\"name\":\"Zmaj\u010dek Kokos in Sofija imata veliko skupnega!\"}]},{\"@type\":\"WebSite\",\"@id\":\"https:\/\/lifelonghearing.com\/sl\/#website\",\"url\":\"https:\/\/lifelonghearing.com\/sl\/\",\"name\":\"Slovenia\",\"description\":\"\",\"potentialAction\":[{\"@type\":\"SearchAction\",\"target\":{\"@type\":\"EntryPoint\",\"urlTemplate\":\"https:\/\/lifelonghearing.com\/sl\/?s={search_term_string}\"},\"query-input\":{\"@type\":\"PropertyValueSpecification\",\"valueRequired\":true,\"valueName\":\"search_term_string\"}}],\"inLanguage\":\"en-US\"},{\"@type\":\"Person\",\"@id\":\"https:\/\/lifelonghearing.com\/sl\/#\/schema\/person\/d0edcc0a625e2f23267e35d92373b717\",\"name\":\"articleflow\",\"image\":{\"@type\":\"ImageObject\",\"inLanguage\":\"en-US\",\"@id\":\"https:\/\/lifelonghearing.com\/sl\/#\/schema\/person\/image\/\",\"url\":\"https:\/\/secure.gravatar.com\/avatar\/ce5adb94a89bcd93687bce9b019e3dd3?s=96&d=mm&r=g\",\"contentUrl\":\"https:\/\/secure.gravatar.com\/avatar\/ce5adb94a89bcd93687bce9b019e3dd3?s=96&d=mm&r=g\",\"caption\":\"articleflow\"},\"url\":\"https:\/\/lifelonghearing.com\/sl\/author\/articleflow\/\"}]}<\/script>\n<!-- \/ Yoast SEO plugin. -->","yoast_head_json":{"title":"Zmaj\u010dek Kokos in Sofija imata veliko skupnega! - Slovenia","robots":{"index":"index","follow":"follow","max-snippet":"max-snippet:-1","max-image-preview":"max-image-preview:large","max-video-preview":"max-video-preview:-1"},"canonical":"https:\/\/lifelonghearing.com\/sl\/zmajcek-kokos-in-sofija-imata-veliko-skupnega\/","og_locale":"en_US","og_type":"article","og_title":"Zmaj\u010dek Kokos in Sofija imata veliko skupnega! - Slovenia","og_description":"Sofia Weber se je rodila gluha, vendar zaradi svojih dvostranskih (bilateralnih) pol\u017eevih vsadkov lahko sli\u0161i in razume v treh jezikih. Maja je sedemletnica igrala glavno vlogo v glasbenem nastopu svojega razreda.","og_url":"https:\/\/lifelonghearing.com\/sl\/zmajcek-kokos-in-sofija-imata-veliko-skupnega\/","og_site_name":"Slovenia","article_published_time":"2026-04-27T07:41:33+00:00","og_image":[{"width":1400,"height":652,"url":"https:\/\/lifelonghearing.com\/sl\/wp-content\/uploads\/sites\/3\/2026\/03\/template_featured.jpg","type":"image\/jpeg"}],"author":"articleflow","twitter_card":"summary_large_image","twitter_misc":{"Written by":"articleflow","Est. reading time":"6 minutes"},"schema":{"@context":"https:\/\/schema.org","@graph":[{"@type":"WebPage","@id":"https:\/\/lifelonghearing.com\/sl\/zmajcek-kokos-in-sofija-imata-veliko-skupnega\/","url":"https:\/\/lifelonghearing.com\/sl\/zmajcek-kokos-in-sofija-imata-veliko-skupnega\/","name":"Zmaj\u010dek Kokos in Sofija imata veliko skupnega! - Slovenia","isPartOf":{"@id":"https:\/\/lifelonghearing.com\/sl\/#website"},"primaryImageOfPage":{"@id":"https:\/\/lifelonghearing.com\/sl\/zmajcek-kokos-in-sofija-imata-veliko-skupnega\/#primaryimage"},"image":{"@id":"https:\/\/lifelonghearing.com\/sl\/zmajcek-kokos-in-sofija-imata-veliko-skupnega\/#primaryimage"},"thumbnailUrl":"https:\/\/lifelonghearing.com\/sl\/wp-content\/uploads\/sites\/3\/2026\/03\/template_featured.jpg","datePublished":"2026-04-27T07:41:33+00:00","dateModified":"2026-04-27T07:41:33+00:00","author":{"@id":"https:\/\/lifelonghearing.com\/sl\/#\/schema\/person\/d0edcc0a625e2f23267e35d92373b717"},"breadcrumb":{"@id":"https:\/\/lifelonghearing.com\/sl\/zmajcek-kokos-in-sofija-imata-veliko-skupnega\/#breadcrumb"},"inLanguage":"en-US","potentialAction":[{"@type":"ReadAction","target":["https:\/\/lifelonghearing.com\/sl\/zmajcek-kokos-in-sofija-imata-veliko-skupnega\/"]}]},{"@type":"ImageObject","inLanguage":"en-US","@id":"https:\/\/lifelonghearing.com\/sl\/zmajcek-kokos-in-sofija-imata-veliko-skupnega\/#primaryimage","url":"https:\/\/lifelonghearing.com\/sl\/wp-content\/uploads\/sites\/3\/2026\/03\/template_featured.jpg","contentUrl":"https:\/\/lifelonghearing.com\/sl\/wp-content\/uploads\/sites\/3\/2026\/03\/template_featured.jpg","width":1400,"height":652},{"@type":"BreadcrumbList","@id":"https:\/\/lifelonghearing.com\/sl\/zmajcek-kokos-in-sofija-imata-veliko-skupnega\/#breadcrumb","itemListElement":[{"@type":"ListItem","position":1,"name":"Home","item":"https:\/\/lifelonghearing.com\/sl\/"},{"@type":"ListItem","position":2,"name":"Zmaj\u010dek Kokos in Sofija imata veliko skupnega!"}]},{"@type":"WebSite","@id":"https:\/\/lifelonghearing.com\/sl\/#website","url":"https:\/\/lifelonghearing.com\/sl\/","name":"Slovenia","description":"","potentialAction":[{"@type":"SearchAction","target":{"@type":"EntryPoint","urlTemplate":"https:\/\/lifelonghearing.com\/sl\/?s={search_term_string}"},"query-input":{"@type":"PropertyValueSpecification","valueRequired":true,"valueName":"search_term_string"}}],"inLanguage":"en-US"},{"@type":"Person","@id":"https:\/\/lifelonghearing.com\/sl\/#\/schema\/person\/d0edcc0a625e2f23267e35d92373b717","name":"articleflow","image":{"@type":"ImageObject","inLanguage":"en-US","@id":"https:\/\/lifelonghearing.com\/sl\/#\/schema\/person\/image\/","url":"https:\/\/secure.gravatar.com\/avatar\/ce5adb94a89bcd93687bce9b019e3dd3?s=96&d=mm&r=g","contentUrl":"https:\/\/secure.gravatar.com\/avatar\/ce5adb94a89bcd93687bce9b019e3dd3?s=96&d=mm&r=g","caption":"articleflow"},"url":"https:\/\/lifelonghearing.com\/sl\/author\/articleflow\/"}]}},"acf":[],"_links":{"self":[{"href":"https:\/\/lifelonghearing.com\/sl\/wp-json\/wp\/v2\/posts\/32612","targetHints":{"allow":["GET"]}}],"collection":[{"href":"https:\/\/lifelonghearing.com\/sl\/wp-json\/wp\/v2\/posts"}],"about":[{"href":"https:\/\/lifelonghearing.com\/sl\/wp-json\/wp\/v2\/types\/post"}],"author":[{"embeddable":true,"href":"https:\/\/lifelonghearing.com\/sl\/wp-json\/wp\/v2\/users\/10"}],"replies":[{"embeddable":true,"href":"https:\/\/lifelonghearing.com\/sl\/wp-json\/wp\/v2\/comments?post=32612"}],"version-history":[{"count":2,"href":"https:\/\/lifelonghearing.com\/sl\/wp-json\/wp\/v2\/posts\/32612\/revisions"}],"predecessor-version":[{"id":32630,"href":"https:\/\/lifelonghearing.com\/sl\/wp-json\/wp\/v2\/posts\/32612\/revisions\/32630"}],"wp:featuredmedia":[{"embeddable":true,"href":"https:\/\/lifelonghearing.com\/sl\/wp-json\/wp\/v2\/media\/32631"}],"wp:attachment":[{"href":"https:\/\/lifelonghearing.com\/sl\/wp-json\/wp\/v2\/media?parent=32612"}],"wp:term":[{"taxonomy":"category","embeddable":true,"href":"https:\/\/lifelonghearing.com\/sl\/wp-json\/wp\/v2\/categories?post=32612"},{"taxonomy":"post_tag","embeddable":true,"href":"https:\/\/lifelonghearing.com\/sl\/wp-json\/wp\/v2\/tags?post=32612"}],"curies":[{"name":"wp","href":"https:\/\/api.w.org\/{rel}","templated":true}]}}