{"id":32611,"date":"2026-04-27T07:46:14","date_gmt":"2026-04-27T07:46:14","guid":{"rendered":"https:\/\/lifelonghearing.com\/sl\/?p=32611"},"modified":"2026-04-27T07:46:14","modified_gmt":"2026-04-27T07:46:14","slug":"izguba-sluha-in-demenca-dober-sluh-sciti-spomin","status":"publish","type":"post","link":"https:\/\/lifelonghearing.com\/sl\/izguba-sluha-in-demenca-dober-sluh-sciti-spomin\/","title":{"rendered":"Izguba sluha in demenca: Dober sluh \u0161\u010diti spomin"},"content":{"rendered":"<div class=\"fusion-fullwidth fullwidth-box fusion-builder-row-1 fusion-flex-container nonhundred-percent-fullwidth non-hundred-percent-height-scrolling\" style=\"--awb-border-radius-top-left:0px;--awb-border-radius-top-right:0px;--awb-border-radius-bottom-right:0px;--awb-border-radius-bottom-left:0px;--awb-flex-wrap:wrap;\" ><div class=\"fusion-builder-row fusion-row fusion-flex-align-items-flex-start fusion-flex-content-wrap\" style=\"max-width:1248px;margin-left: calc(-4% \/ 2 );margin-right: calc(-4% \/ 2 );\"><div class=\"fusion-layout-column fusion_builder_column fusion-builder-column-0 fusion_builder_column_1_1 1_1 fusion-flex-column\" style=\"--awb-bg-size:cover;--awb-width-large:100%;--awb-margin-top-large:0px;--awb-spacing-right-large:1.92%;--awb-margin-bottom-large:10px;--awb-spacing-left-large:1.92%;--awb-width-medium:100%;--awb-order-medium:0;--awb-spacing-right-medium:1.92%;--awb-spacing-left-medium:1.92%;--awb-width-small:100%;--awb-order-small:0;--awb-spacing-right-small:1.92%;--awb-spacing-left-small:1.92%;\"><div class=\"fusion-column-wrapper fusion-flex-justify-content-flex-start fusion-content-layout-column\"><div class=\"fusion-title title fusion-title-1 fusion-sep-none fusion-title-text fusion-title-size-one\" style=\"--awb-margin-top:0px;--awb-margin-bottom:10px;--awb-font-size:36px;\"><h1 class=\"fusion-title-heading title-heading-left fusion-responsive-typography-calculated\" style=\"margin:0;font-size:1em;--fontSize:36;line-height:1.4;\">Slu\u0161ni aparat in slu\u0161ni vsadek zmanj\u0161ata tveganje za demenco<\/h1><\/div><div class=\"fusion-text fusion-text-1\"><p><strong>Izguba sluha ne vpliva le na komunikacijo, temve\u010d tudi na kognitivne sposobnosti. To je dejavnik tveganja za nevrokognitivne bolezni, ki je pogosto spregledan. Prim. Dr. Thomas Keintzel je o tej pomembni temi razpravljal na Forumu znanja &#8220;Mit allen Sinnen&#8221; v Klinikum Wels-Grieskirchnu.<\/strong><br \/>\n<em>Eva Kohl<\/em><\/p>\n<\/div><div class=\"fusion-separator fusion-full-width-sep\" style=\"align-self: center;margin-left: auto;margin-right: auto;width:100%;\"><\/div><div class=\"fusion-image-element \" style=\"--awb-caption-title-font-family:var(--h2_typography-font-family);--awb-caption-title-font-weight:var(--h2_typography-font-weight);--awb-caption-title-font-style:var(--h2_typography-font-style);--awb-caption-title-size:var(--h2_typography-font-size);--awb-caption-title-transform:var(--h2_typography-text-transform);--awb-caption-title-line-height:var(--h2_typography-line-height);--awb-caption-title-letter-spacing:var(--h2_typography-letter-spacing);\"><span class=\" fusion-imageframe imageframe-none imageframe-1 hover-type-none\"><img decoding=\"async\" width=\"1400\" height=\"652\" title=\"template_featured\" src=\"https:\/\/lifelonghearing.com\/sl\/wp-content\/uploads\/sites\/3\/2026\/03\/template_featured-1.jpg\" data-orig-src=\"https:\/\/lifelonghearing.com\/sl\/wp-content\/uploads\/sites\/3\/2026\/03\/template_featured-1.jpg\" alt class=\"lazyload img-responsive wp-image-32634\" srcset=\"data:image\/svg+xml,%3Csvg%20xmlns%3D%27http%3A%2F%2Fwww.w3.org%2F2000%2Fsvg%27%20width%3D%271400%27%20height%3D%27652%27%20viewBox%3D%270%200%201400%20652%27%3E%3Crect%20width%3D%271400%27%20height%3D%27652%27%20fill-opacity%3D%220%22%2F%3E%3C%2Fsvg%3E\" data-srcset=\"https:\/\/lifelonghearing.com\/sl\/wp-content\/uploads\/sites\/3\/2026\/03\/template_featured-1-200x93.jpg 200w, https:\/\/lifelonghearing.com\/sl\/wp-content\/uploads\/sites\/3\/2026\/03\/template_featured-1-400x186.jpg 400w, https:\/\/lifelonghearing.com\/sl\/wp-content\/uploads\/sites\/3\/2026\/03\/template_featured-1-600x279.jpg 600w, https:\/\/lifelonghearing.com\/sl\/wp-content\/uploads\/sites\/3\/2026\/03\/template_featured-1-800x373.jpg 800w, https:\/\/lifelonghearing.com\/sl\/wp-content\/uploads\/sites\/3\/2026\/03\/template_featured-1-1200x559.jpg 1200w, https:\/\/lifelonghearing.com\/sl\/wp-content\/uploads\/sites\/3\/2026\/03\/template_featured-1.jpg 1400w\" data-sizes=\"auto\" data-orig-sizes=\"(max-width: 1024px) 100vw, (max-width: 640px) 100vw, 1200px\" \/><\/span><\/div><div class=\"fusion-separator fusion-full-width-sep\" style=\"align-self: center;margin-left: auto;margin-right: auto;width:100%;\"><\/div><div class=\"fusion-text fusion-text-2\"><h3>Povezava med izgubo sluha in demenco<\/h3>\n<p>Med 300 in 400 udele\u017eenci je spremljalo predstavitve na forumu &#8220;Mit allen Sinnen&#8221; v Klinikum Wels-Grieskirchen. Strokovnjaki so delili svoja spoznanja o temah kot so trdovraten ka\u0161elj, pogoste o\u010desne bolezni, prepre\u010devanje in zdravljenje hudih ko\u017enih bolezni ter o povezavi med slu\u0161no sposobnostjo in demenco. Med razpravo z vpra\u0161anji in odgovori se je pozornost preusmerila na izgubo sluha. Kot je povzel dr. Thomas Keintzel, vodja oddelka za bolezni u\u0161es, nosu in grla na kliniki, je ve\u010dina vpra\u0161anj pri\u0161la od ljudi, &#8220;ki sami trpijo zaradi izgube sluha in so nezadovoljni s svojo trenutno oskrbo.&#8221;<\/p>\n<h3>Slu\u0161no zaznavanje in razmi\u0161ljanje sta tesno povezana<\/h3>\n<p>Mnogi udele\u017eenci so delili svoje opa\u017eanje, da je izguba sluha pri njih \u017ee povzro\u010dila dolo\u010deno kognitivno spremembo. Sluh in nevrokognitivne funkcije so tesno povezane. Sprememba v kognitivnem procesiranju zvoka \u0161e ni demenca, lahko pa privede do demence ali pa je njen prvi znak. \u0160tevilne \u0161tudije ka\u017eejo, da obstaja vzajemni vpliv med izgubo sluha in demenco.<\/p>\n<h3>Zgodnja oskrba sluha \u0161\u010diti mo\u017egane<\/h3>\n<p>Kot pojasnjuje dr. Keintzel, je mogo\u010de nevrokognitivne spremembe zaznati s slikovno diagnostiko: &#8220;Hipokampus se kr\u010di.&#8221; To velja tako za blago kognitivno okvaro kot za demenco. Z zgodnjo oskrbo sluha, npr. s slu\u0161nimi aparati ali pol\u017eevimi vsadki, se lahko kognitivna zmogljivost stabilizira in zmanj\u0161a tveganje za demenco.<\/p>\n<h3>Kakovost \u017eivljenja v starosti<\/h3>\n<p>&#8220;\u0160tudija Svetovne zdravstvene organizacije o globalnem bremenu bolezni je pokazala, da sta izguba sluha in demenca med najpomembnej\u0161imi boleznimi v razvitih dr\u017eavah, obe pa prineseta resne omejitve kakovosti \u017eivljenja,&#8221; poro\u010da Keintzel. Je ORL specialist, ki velja za strokovnjaka za slu\u0161ne vsadke in svoje delo posve\u010da tako mladim kot starej\u0161im osebam z izgubo sluha.<\/p>\n<p>V Avstriji po podatkih avstrijskega ministrstva za zdravje trenutno \u017eivi z demenco okoli 130.000 do 150.000 ljudi, pri \u010demer se trend mo\u010dno pove\u010duje. &#8220;Do leta 2050 naj bi se ta \u0161tevilka podvojila,&#8221; pojasnjuje Keintzel in kot glavni razlog za ta trend navaja staranje prebivalstva.<\/p>\n<h3>Dejavniki tveganja za demenco in zakaj je del tega tudi sluh<\/h3>\n<p>Primarna demenca se razvije neposredno kot posledica smrti \u017eiv\u010dnih celic. Sekundarno demenco pa po drugi strani spro\u017eijo okoljski vplivi ali druge bolezni. Lancetovo poro\u010dilo za leto 2024 opredeljuje 14 znanstveno dokazanih dejavnikov tveganja, vklju\u010dno z izgubo sluha. Keintzel poudarja: &#8220;Na nas je, da aktivno za\u0161\u010ditimo svoje mo\u017egane.&#8221; Redni testi sluha in zgodnje zdravljenje znatno zmanj\u0161ajo tveganje za izgubo sluha in demenco.<\/p>\n<h3>Izguba sluha: ve\u010d kot mu\u010dno starostno stanje<\/h3>\n<p>&#8220;Sluha in kognicije ni mogo\u010de obravnavati lo\u010deno. Niti pri mladih,&#8221; poudarja dr. Keintzel. \u0160tudije ka\u017eejo, da imajo ljudje z nezdravljeno izgubo sluha bistveno pove\u010dano tveganje za demenco. Od 60. leta starosti se sposobnost slu\u0161nega zaznavanja vsako leto zmanj\u0161a za pribli\u017eno en decibel. Prizadetih je 30 % oseb, starih med 60 in 70 let, po 70. letu pa se ta dele\u017e \u0161e znatno pove\u010da. Starost ne vpliva le na uho, temve\u010d tudi na osrednje slu\u0161no procesiranje v mo\u017eganih, ki predstavlja pomemben dejavnik pri izgubi sluha in razvoju demence.<\/p>\n<h3>Slu\u0161ni vsadki za ohranjanje kognitivnih sposobnosti<\/h3>\n<p>&#8220;Akusti\u010dni dra\u017eljaji ohranjajo mo\u017egane aktivne. \u010ce jih ni, za\u010dnejo hitreje propadati,&#8221; opozarja Keintzel. Slu\u0161ni pripomo\u010dki ali pol\u017eevi vsadki v kombinaciji s pravilno slu\u0161no vadbo lahko upo\u010dasnijo upad nevrokognitivnih sposobnosti. Primeri iz prakse so pokazali, da starej\u0161i bolnik po implantaciji lahko do\u017eivi izbolj\u0161anje nevrokognitivnih sposobnosti, kar ka\u017ee, da pravo\u010dasna oskrba sluha lahko pomaga prepre\u010diti demenco.<\/p>\n<h3>Zgodnja diagnoza zaradi dvojnega presejanja<\/h3>\n<p>Izguba sluha in demenca se ka\u017eeta s podobnimi simptomi: socialno umikanje, po\u010dasno razmi\u0161ljanje, pogosto ponavljanje vpra\u0161anj. Zato Keintzel priporo\u010da dodatni kognitivni pregled v primeru te\u017eav s sluhom. S posebnim testom O-DEM lahko demenco zaznate \u017ee v zgodnji fazi. Na ta na\u010din lahko uvedemo u\u010dinkovito zdravljenje in upo\u010dasnimo upadanje du\u0161evnega zdravja.<\/p>\n<p>\u017de leta 2014 so ameri\u0161ki raziskovalci<sup><a id=\"footnote-ref-1\" href=\"#footnote-1\" name=\"footnote-ref-1\">[1]<\/a><\/sup> na\u0161li povezave:<\/p>\n<ul>\n<li>V primeru izgube sluha si morajo prizadeti posamezniki bolj prizadevati za pravilno razlago tega, kar sli\u0161ijo: poslu\u0161anje je zanje hkratno opravljanje ve\u010d nalog ali &#8220;multitasking&#8221;.<\/li>\n<li>Spremembe v u\u0161esu vodijo do sprememb v osrednjem slu\u0161nem procesiranju, kar pomeni kognitivne spremembe.<\/li>\n<li>Te\u017eave s sluhom lahko vodijo v socialno umikanje.<\/li>\n<\/ul>\n<p>Vsak od teh dejavnikov negativno vpliva na splo\u0161ne kognitivne funkcije, ki jih dodatno krepijo dodatne zdravstvene te\u017eave, kot so motnje krvnega obtoka ali starost. Kdor se mora zaradi okvare sluha bolj osredoto\u010dati na poslu\u0161anje in razumevanje, nima dovolj kognitivnih zmogljivosti za druge funkcije.<sup><a id=\"footnote-ref-2\" href=\"#footnote-2\" name=\"footnote-ref-2\">[2]<\/a><\/sup> \u010ce ima oseba manj kognitivnih rezerv, postane ta sprememba opazna drugim. &#8220;Ne gre za inteligenco, temve\u010d za to, ali je nekdo v dobri kognitivni kondiciji,&#8221; poudarja Prim. Keintzel.<\/p>\n<h3>Aktivno prepre\u010devanje demence s slu\u0161nim vsadkom<\/h3>\n<p>Ljudje, ki so v dobri kognitivni kondiciji, lahko dlje kompenzirajo za izgubo sluha, vendar je prav, da ukrepajo, ne glede na starost! Spominja se pacienta, ki je bil star 80 let, bil je dru\u017eaben in poln \u017eivljenja, a se je za\u010del umikati, ko je za\u010del slab\u0161e sli\u0161ati. Ko je kon\u010dno pri\u0161el na kliniko, je bil \u017ee funkcionalno gluh in se je zdel ravnodu\u0161en do \u017eivljenja. Ekipa na kliniki ga je prepri\u010dala, da je pristal na vsaditev pol\u017eevega vsadka. Zdravnik opisuje, kako je z bolj\u0161im sluhom napredovalo tudi njegovo du\u0161evno zdravje. &#8220;Brez PV bi njegove kognitivne sposobnosti zagotovo za\u010dele upadati.&#8221;<\/p>\n<p>Te\u017eave s sluhom so lahko tudi zgodnji opozorilni znak za demenco. &#8220;\u0160tudije, kot je Baltimore Longitudinal Study<sup><a id=\"footnote-ref-3\" href=\"#footnote-3\" name=\"footnote-ref-3\">[3]<\/a><\/sup> <sup><a id=\"footnote-ref-4\" href=\"#footnote-4\" name=\"footnote-ref-4\">[4]<\/a><\/sup> , ka\u017eejo, da imajo kognitivno zdravi ljudje z okvaro sluha kasneje v \u017eivljenju bistveno ve\u010dje tveganje za razvoj bolezni, povezanih z demenco.&#8221; Simptomi obeh so podobni: socialno umikanje, po\u010dasno razmi\u0161ljanje, pri obeh oseba pogosto prosi druge, naj ponovijo, kar so rekli, te\u017eko sledijo pogovoru. Pravo\u010dasna oskrba sluha je obetaven protiukrep.<\/p>\n<h3>Sluh omogo\u010da dobro kognitivno kondicijo in je pokazatelj kognitivnega zdravja<\/h3>\n<p>&#8220;Akusti\u010dni dra\u017eljaji spodbujajo aktivnost v mo\u017eganih. \u010ce jih ni, gre na slab\u0161e,&#8221; opozarja dr. Keintzel. Slu\u0161ni pripomo\u010dki ali slu\u0161ni vsadki v kombinaciji s primerno slu\u0161no vadbo lahko upo\u010dasnijo nevrokognitivni upad pri ljudeh z okvaro sluha. Za starej\u0161e odrasle sodobne slu\u0161ne re\u0161itve prina\u0161ajo \u0161e posebej veliko korist. &#8220;Kljub u\u010dinkovitosti so ljudje \u0161e vedno polni predsodkov do slu\u0161nih aparatov. V Avstriji jih uporablja le pribli\u017eno 15 do 20 odstotkov prizadetih! &#8221;<\/p>\n<p>\u010ce bolnik ni zadovoljen s svojim(i) slu\u0161nim(i) aparatom(i), Prim. Keintzel meni, da je dol\u017enost specialista za ORL, da opravi skrbno diferencialno diagnostiko:<\/p>\n<ul>\n<li>Ali pripomo\u010dek ni dobro nastavljen?<\/li>\n<li>Ali je priporo\u010dljivo preiti na drug pripomo\u010dek ali vsadek?<\/li>\n<li>Ali so nevrokognitivne motnje \u017ee prisotne?<\/li>\n<\/ul>\n<p>V slednjem primeru Keintzel priporo\u010da vadbo sluha v kombinaciji s kognitivno vadbo. Mo\u017egani imajo radi izzive, podobno kot druge mi\u0161ice; kadar njihove sposobnosti nazadujejo, jih je mogo\u010de ponovno aktivirati le z vajami. &#8220;Podobno kot vaje z ute\u017emi, a za \u017eiv\u010dno obdelavo,&#8221; se po\u0161ali.<\/p>\n<p>Po drugi strani pa se nekatere oblike demence obi\u010dajno za\u010dnejo z okvaro sluha. Vodja avdiolo\u0161ke delovne skupine Avstrijskega ORL dru\u0161tva zato priporo\u010da naslednje: &#8220;Kadarkoli je prisotna kognitivna okvara, je treba vedno opraviti dodatno presejanje sluha. Nasprotno pa je treba pri okvari sluha in klini\u010dnem sumu na dodatno kognitivno okvaro opraviti presejalni test za demenco. &#8221; \u010ce prizadete osebe ne le slab\u0161e razumejo, ampak tudi bolj po\u010dasi reagirajo na splo\u0161no, se nujno priporo\u010da O-DEM test &#8211; poseben kognitivni pregled za bolnike z okvaro sluha.<\/p>\n<div class=\"fusion-separator fusion-fullwidth-sep custom-ref-marker\" style=\"margin-top: 40px;margin-bottom: 20px;border-top: 1px solid #e2e2e2\"><\/div>\n<div class=\"custom-footnotes\" style=\"margin-top: 20px\">\n<h4 style=\"margin-bottom: 15px\">Reference<\/h4>\n<ol>\n<li><a id=\"footnote-1\" name=\"footnote-1\"><\/a>Livingston G Huntley J Liu KY et al. Dementia prevention, intervention, and care: 2024 report of the Lancet standing Commission. Lancet. 2024, <a href=\"https:\/\/doi.org\/10.1016\/S0140-6736(24)01296-0\">https:\/\/doi.org\/10.1016\/S0140-6736(24)01296-0<\/a> <a href=\"#footnote-ref-1\">\u2191<\/a><\/li>\n<li><a id=\"footnote-2\" name=\"footnote-2\"><\/a>Lin, F. R. in Albert, M. 2014. Hearing loss and dementia \u2013 who is listening? Ageing &amp; Mental Health, 18(6), 671-673. <a href=\"https:\/\/doi.org\/10.1080\/13607863.2014.915924\">https:\/\/doi.org\/10.1080\/13607863.2014.915924<\/a> <a href=\"#footnote-ref-2\">\u2191<\/a><\/li>\n<li><a id=\"footnote-3\" name=\"footnote-3\"><\/a>Tun, Patricia idr. (2009). Ageing, hearing acuity, and the attentional costs of effortful listening. Psychol ageing. 24. 761-766, psihologija in staranje. 24. 761-6. <a href=\"https:\/\/doi.org\/10.1037\/a0014802\">https:\/\/doi.org\/10.1037\/a0014802<\/a>. <a href=\"#footnote-ref-3\">\u2191<\/a><\/li>\n<li><a id=\"footnote-4\" name=\"footnote-4\"><\/a>The Baltimore Longitudinal Study of Ageing BLSA, National Institute on Ageing, https:\/\/www.nia.nih.gov\/research\/labs\/blsa <a href=\"#footnote-ref-4\">\u2191<\/a><\/li>\n<\/ol>\n<\/div>\n<\/div><div class=\"fusion-reading-box-container reading-box-container-1\" style=\"--awb-title-color:#3d3b3b;--awb-margin-top:0px;--awb-margin-bottom:84px;\"><div class=\"reading-box\" style=\"background-color:#ffffff;border-width:1px;border-color:#e0dede;border-left-width:3px;border-left-color:var(--primary_color);border-style:solid;\"><div class=\"reading-box-additional\">\n<h3>11 opozorilnih znakov demence<\/h3>\n<p>\u00b7 Izguba spomina in pozabljivost<br \/>\n\u00b7 Te\u017eave s spremljanjem pogovora<br \/>\n\u00b7 Dezorientacija v \u010dasu ali neznanem okolju<br \/>\n\u00b7 Te\u017eave pri iskanju pravih besed med pogovorom (npr. &#8220;tisto&#8230;&#8221;)<br \/>\n\u00b7 Zmanj\u0161ana sposobnost presoje in odlo\u010danja<br \/>\n\u00b7 Pogosto izgubljanje predmetov<br \/>\n\u00b7 Te\u017eave z vidno-prostorsko percepcijo<br \/>\n\u00b7 Te\u017eave pri vsakdanjih opravilih<br \/>\n\u00b7 Nihanje razpolo\u017eenja in spremembe v vedenju<br \/>\n\u00b7 Te\u017eave pri sledenju procesom in nalogam<br \/>\n\u00b7 Opustitev dela in dru\u017eabnih dejavnosti<\/p>\n<\/div><div class=\"fusion-clearfix\"><\/div><\/div><\/div><\/div><\/div><\/div><\/div>\n","protected":false},"excerpt":{"rendered":"<p>Izguba sluha ne vpliva le na komunikacijo, temve\u010d tudi na kognitivne sposobnosti. To je dejavnik tveganja za nevrokognitivne bolezni, ki je pogosto spregledan. Prim. Dr. Thomas Keintzel je o tej pomembni temi razpravljal na Forumu znanja &quot;Mit allen Sinnen&quot; v Klinikum Wels-Grieskirchnu.<\/p>\n","protected":false},"author":10,"featured_media":32634,"comment_status":"open","ping_status":"open","sticky":false,"template":"","format":"standard","meta":{"_acf_changed":false,"footnotes":""},"categories":[518],"tags":[],"class_list":["post-32611","post","type-post","status-publish","format-standard","has-post-thumbnail","hentry","category-zdravje"],"yoast_head":"<!-- This site is optimized with the Yoast SEO plugin v24.3 - https:\/\/yoast.com\/wordpress\/plugins\/seo\/ -->\n<title>Izguba sluha in demenca: Dober sluh \u0161\u010diti spomin - Slovenia<\/title>\n<meta name=\"robots\" content=\"index, follow, max-snippet:-1, max-image-preview:large, max-video-preview:-1\" \/>\n<link rel=\"canonical\" href=\"https:\/\/lifelonghearing.com\/sl\/izguba-sluha-in-demenca-dober-sluh-sciti-spomin\/\" \/>\n<meta property=\"og:locale\" content=\"en_US\" \/>\n<meta property=\"og:type\" content=\"article\" \/>\n<meta property=\"og:title\" content=\"Izguba sluha in demenca: Dober sluh \u0161\u010diti spomin - Slovenia\" \/>\n<meta property=\"og:description\" content=\"Izguba sluha ne vpliva le na komunikacijo, temve\u010d tudi na kognitivne sposobnosti. To je dejavnik tveganja za nevrokognitivne bolezni, ki je pogosto spregledan. Prim. Dr. Thomas Keintzel je o tej pomembni temi razpravljal na Forumu znanja &quot;Mit allen Sinnen&quot; v Klinikum Wels-Grieskirchnu.\" \/>\n<meta property=\"og:url\" content=\"https:\/\/lifelonghearing.com\/sl\/izguba-sluha-in-demenca-dober-sluh-sciti-spomin\/\" \/>\n<meta property=\"og:site_name\" content=\"Slovenia\" \/>\n<meta property=\"article:published_time\" content=\"2026-04-27T07:46:14+00:00\" \/>\n<meta property=\"og:image\" content=\"https:\/\/lifelonghearing.com\/sl\/wp-content\/uploads\/sites\/3\/2026\/03\/template_featured-1.jpg\" \/>\n\t<meta property=\"og:image:width\" content=\"1400\" \/>\n\t<meta property=\"og:image:height\" content=\"652\" \/>\n\t<meta property=\"og:image:type\" content=\"image\/jpeg\" \/>\n<meta name=\"author\" content=\"articleflow\" \/>\n<meta name=\"twitter:card\" content=\"summary_large_image\" \/>\n<meta name=\"twitter:label1\" content=\"Written by\" \/>\n\t<meta name=\"twitter:data1\" content=\"articleflow\" \/>\n\t<meta name=\"twitter:label2\" content=\"Est. reading time\" \/>\n\t<meta name=\"twitter:data2\" content=\"7 minutes\" \/>\n<script type=\"application\/ld+json\" class=\"yoast-schema-graph\">{\"@context\":\"https:\/\/schema.org\",\"@graph\":[{\"@type\":\"WebPage\",\"@id\":\"https:\/\/lifelonghearing.com\/sl\/izguba-sluha-in-demenca-dober-sluh-sciti-spomin\/\",\"url\":\"https:\/\/lifelonghearing.com\/sl\/izguba-sluha-in-demenca-dober-sluh-sciti-spomin\/\",\"name\":\"Izguba sluha in demenca: Dober sluh \u0161\u010diti spomin - Slovenia\",\"isPartOf\":{\"@id\":\"https:\/\/lifelonghearing.com\/sl\/#website\"},\"primaryImageOfPage\":{\"@id\":\"https:\/\/lifelonghearing.com\/sl\/izguba-sluha-in-demenca-dober-sluh-sciti-spomin\/#primaryimage\"},\"image\":{\"@id\":\"https:\/\/lifelonghearing.com\/sl\/izguba-sluha-in-demenca-dober-sluh-sciti-spomin\/#primaryimage\"},\"thumbnailUrl\":\"https:\/\/lifelonghearing.com\/sl\/wp-content\/uploads\/sites\/3\/2026\/03\/template_featured-1.jpg\",\"datePublished\":\"2026-04-27T07:46:14+00:00\",\"dateModified\":\"2026-04-27T07:46:14+00:00\",\"author\":{\"@id\":\"https:\/\/lifelonghearing.com\/sl\/#\/schema\/person\/d0edcc0a625e2f23267e35d92373b717\"},\"breadcrumb\":{\"@id\":\"https:\/\/lifelonghearing.com\/sl\/izguba-sluha-in-demenca-dober-sluh-sciti-spomin\/#breadcrumb\"},\"inLanguage\":\"en-US\",\"potentialAction\":[{\"@type\":\"ReadAction\",\"target\":[\"https:\/\/lifelonghearing.com\/sl\/izguba-sluha-in-demenca-dober-sluh-sciti-spomin\/\"]}]},{\"@type\":\"ImageObject\",\"inLanguage\":\"en-US\",\"@id\":\"https:\/\/lifelonghearing.com\/sl\/izguba-sluha-in-demenca-dober-sluh-sciti-spomin\/#primaryimage\",\"url\":\"https:\/\/lifelonghearing.com\/sl\/wp-content\/uploads\/sites\/3\/2026\/03\/template_featured-1.jpg\",\"contentUrl\":\"https:\/\/lifelonghearing.com\/sl\/wp-content\/uploads\/sites\/3\/2026\/03\/template_featured-1.jpg\",\"width\":1400,\"height\":652},{\"@type\":\"BreadcrumbList\",\"@id\":\"https:\/\/lifelonghearing.com\/sl\/izguba-sluha-in-demenca-dober-sluh-sciti-spomin\/#breadcrumb\",\"itemListElement\":[{\"@type\":\"ListItem\",\"position\":1,\"name\":\"Home\",\"item\":\"https:\/\/lifelonghearing.com\/sl\/\"},{\"@type\":\"ListItem\",\"position\":2,\"name\":\"Izguba sluha in demenca: Dober sluh \u0161\u010diti spomin\"}]},{\"@type\":\"WebSite\",\"@id\":\"https:\/\/lifelonghearing.com\/sl\/#website\",\"url\":\"https:\/\/lifelonghearing.com\/sl\/\",\"name\":\"Slovenia\",\"description\":\"\",\"potentialAction\":[{\"@type\":\"SearchAction\",\"target\":{\"@type\":\"EntryPoint\",\"urlTemplate\":\"https:\/\/lifelonghearing.com\/sl\/?s={search_term_string}\"},\"query-input\":{\"@type\":\"PropertyValueSpecification\",\"valueRequired\":true,\"valueName\":\"search_term_string\"}}],\"inLanguage\":\"en-US\"},{\"@type\":\"Person\",\"@id\":\"https:\/\/lifelonghearing.com\/sl\/#\/schema\/person\/d0edcc0a625e2f23267e35d92373b717\",\"name\":\"articleflow\",\"image\":{\"@type\":\"ImageObject\",\"inLanguage\":\"en-US\",\"@id\":\"https:\/\/lifelonghearing.com\/sl\/#\/schema\/person\/image\/\",\"url\":\"https:\/\/secure.gravatar.com\/avatar\/ce5adb94a89bcd93687bce9b019e3dd3?s=96&d=mm&r=g\",\"contentUrl\":\"https:\/\/secure.gravatar.com\/avatar\/ce5adb94a89bcd93687bce9b019e3dd3?s=96&d=mm&r=g\",\"caption\":\"articleflow\"},\"url\":\"https:\/\/lifelonghearing.com\/sl\/author\/articleflow\/\"}]}<\/script>\n<!-- \/ Yoast SEO plugin. -->","yoast_head_json":{"title":"Izguba sluha in demenca: Dober sluh \u0161\u010diti spomin - Slovenia","robots":{"index":"index","follow":"follow","max-snippet":"max-snippet:-1","max-image-preview":"max-image-preview:large","max-video-preview":"max-video-preview:-1"},"canonical":"https:\/\/lifelonghearing.com\/sl\/izguba-sluha-in-demenca-dober-sluh-sciti-spomin\/","og_locale":"en_US","og_type":"article","og_title":"Izguba sluha in demenca: Dober sluh \u0161\u010diti spomin - Slovenia","og_description":"Izguba sluha ne vpliva le na komunikacijo, temve\u010d tudi na kognitivne sposobnosti. To je dejavnik tveganja za nevrokognitivne bolezni, ki je pogosto spregledan. Prim. Dr. Thomas Keintzel je o tej pomembni temi razpravljal na Forumu znanja &quot;Mit allen Sinnen&quot; v Klinikum Wels-Grieskirchnu.","og_url":"https:\/\/lifelonghearing.com\/sl\/izguba-sluha-in-demenca-dober-sluh-sciti-spomin\/","og_site_name":"Slovenia","article_published_time":"2026-04-27T07:46:14+00:00","og_image":[{"width":1400,"height":652,"url":"https:\/\/lifelonghearing.com\/sl\/wp-content\/uploads\/sites\/3\/2026\/03\/template_featured-1.jpg","type":"image\/jpeg"}],"author":"articleflow","twitter_card":"summary_large_image","twitter_misc":{"Written by":"articleflow","Est. reading time":"7 minutes"},"schema":{"@context":"https:\/\/schema.org","@graph":[{"@type":"WebPage","@id":"https:\/\/lifelonghearing.com\/sl\/izguba-sluha-in-demenca-dober-sluh-sciti-spomin\/","url":"https:\/\/lifelonghearing.com\/sl\/izguba-sluha-in-demenca-dober-sluh-sciti-spomin\/","name":"Izguba sluha in demenca: Dober sluh \u0161\u010diti spomin - Slovenia","isPartOf":{"@id":"https:\/\/lifelonghearing.com\/sl\/#website"},"primaryImageOfPage":{"@id":"https:\/\/lifelonghearing.com\/sl\/izguba-sluha-in-demenca-dober-sluh-sciti-spomin\/#primaryimage"},"image":{"@id":"https:\/\/lifelonghearing.com\/sl\/izguba-sluha-in-demenca-dober-sluh-sciti-spomin\/#primaryimage"},"thumbnailUrl":"https:\/\/lifelonghearing.com\/sl\/wp-content\/uploads\/sites\/3\/2026\/03\/template_featured-1.jpg","datePublished":"2026-04-27T07:46:14+00:00","dateModified":"2026-04-27T07:46:14+00:00","author":{"@id":"https:\/\/lifelonghearing.com\/sl\/#\/schema\/person\/d0edcc0a625e2f23267e35d92373b717"},"breadcrumb":{"@id":"https:\/\/lifelonghearing.com\/sl\/izguba-sluha-in-demenca-dober-sluh-sciti-spomin\/#breadcrumb"},"inLanguage":"en-US","potentialAction":[{"@type":"ReadAction","target":["https:\/\/lifelonghearing.com\/sl\/izguba-sluha-in-demenca-dober-sluh-sciti-spomin\/"]}]},{"@type":"ImageObject","inLanguage":"en-US","@id":"https:\/\/lifelonghearing.com\/sl\/izguba-sluha-in-demenca-dober-sluh-sciti-spomin\/#primaryimage","url":"https:\/\/lifelonghearing.com\/sl\/wp-content\/uploads\/sites\/3\/2026\/03\/template_featured-1.jpg","contentUrl":"https:\/\/lifelonghearing.com\/sl\/wp-content\/uploads\/sites\/3\/2026\/03\/template_featured-1.jpg","width":1400,"height":652},{"@type":"BreadcrumbList","@id":"https:\/\/lifelonghearing.com\/sl\/izguba-sluha-in-demenca-dober-sluh-sciti-spomin\/#breadcrumb","itemListElement":[{"@type":"ListItem","position":1,"name":"Home","item":"https:\/\/lifelonghearing.com\/sl\/"},{"@type":"ListItem","position":2,"name":"Izguba sluha in demenca: Dober sluh \u0161\u010diti spomin"}]},{"@type":"WebSite","@id":"https:\/\/lifelonghearing.com\/sl\/#website","url":"https:\/\/lifelonghearing.com\/sl\/","name":"Slovenia","description":"","potentialAction":[{"@type":"SearchAction","target":{"@type":"EntryPoint","urlTemplate":"https:\/\/lifelonghearing.com\/sl\/?s={search_term_string}"},"query-input":{"@type":"PropertyValueSpecification","valueRequired":true,"valueName":"search_term_string"}}],"inLanguage":"en-US"},{"@type":"Person","@id":"https:\/\/lifelonghearing.com\/sl\/#\/schema\/person\/d0edcc0a625e2f23267e35d92373b717","name":"articleflow","image":{"@type":"ImageObject","inLanguage":"en-US","@id":"https:\/\/lifelonghearing.com\/sl\/#\/schema\/person\/image\/","url":"https:\/\/secure.gravatar.com\/avatar\/ce5adb94a89bcd93687bce9b019e3dd3?s=96&d=mm&r=g","contentUrl":"https:\/\/secure.gravatar.com\/avatar\/ce5adb94a89bcd93687bce9b019e3dd3?s=96&d=mm&r=g","caption":"articleflow"},"url":"https:\/\/lifelonghearing.com\/sl\/author\/articleflow\/"}]}},"acf":[],"_links":{"self":[{"href":"https:\/\/lifelonghearing.com\/sl\/wp-json\/wp\/v2\/posts\/32611","targetHints":{"allow":["GET"]}}],"collection":[{"href":"https:\/\/lifelonghearing.com\/sl\/wp-json\/wp\/v2\/posts"}],"about":[{"href":"https:\/\/lifelonghearing.com\/sl\/wp-json\/wp\/v2\/types\/post"}],"author":[{"embeddable":true,"href":"https:\/\/lifelonghearing.com\/sl\/wp-json\/wp\/v2\/users\/10"}],"replies":[{"embeddable":true,"href":"https:\/\/lifelonghearing.com\/sl\/wp-json\/wp\/v2\/comments?post=32611"}],"version-history":[{"count":2,"href":"https:\/\/lifelonghearing.com\/sl\/wp-json\/wp\/v2\/posts\/32611\/revisions"}],"predecessor-version":[{"id":32636,"href":"https:\/\/lifelonghearing.com\/sl\/wp-json\/wp\/v2\/posts\/32611\/revisions\/32636"}],"wp:featuredmedia":[{"embeddable":true,"href":"https:\/\/lifelonghearing.com\/sl\/wp-json\/wp\/v2\/media\/32634"}],"wp:attachment":[{"href":"https:\/\/lifelonghearing.com\/sl\/wp-json\/wp\/v2\/media?parent=32611"}],"wp:term":[{"taxonomy":"category","embeddable":true,"href":"https:\/\/lifelonghearing.com\/sl\/wp-json\/wp\/v2\/categories?post=32611"},{"taxonomy":"post_tag","embeddable":true,"href":"https:\/\/lifelonghearing.com\/sl\/wp-json\/wp\/v2\/tags?post=32611"}],"curies":[{"name":"wp","href":"https:\/\/api.w.org\/{rel}","templated":true}]}}