{"id":28052,"date":"2024-10-21T08:00:06","date_gmt":"2024-10-21T06:00:06","guid":{"rendered":"https:\/\/lifelonghearing.com\/?p=28052"},"modified":"2025-02-21T09:20:58","modified_gmt":"2025-02-21T09:20:58","slug":"sonnet-3-un-amplificator-universal-pentru-ureche","status":"publish","type":"post","link":"https:\/\/lifelonghearing.com\/ro\/sonnet-3-un-amplificator-universal-pentru-ureche\/","title":{"rendered":"SONNET 3 &#8211; un \u201eamplificator universal pentru ureche\u201d"},"content":{"rendered":"<p><div class=\"fusion-fullwidth fullwidth-box fusion-builder-row-1 fusion-flex-container nonhundred-percent-fullwidth non-hundred-percent-height-scrolling\" style=\"--awb-border-radius-top-left:0px;--awb-border-radius-top-right:0px;--awb-border-radius-bottom-right:0px;--awb-border-radius-bottom-left:0px;--awb-flex-wrap:wrap;\" ><div class=\"fusion-builder-row fusion-row fusion-flex-align-items-flex-start fusion-flex-content-wrap\" style=\"max-width:1248px;margin-left: calc(-4% \/ 2 );margin-right: calc(-4% \/ 2 );\"><div class=\"fusion-layout-column fusion_builder_column fusion-builder-column-0 fusion_builder_column_1_1 1_1 fusion-flex-column\" style=\"--awb-bg-size:cover;--awb-width-large:100%;--awb-margin-top-large:0px;--awb-spacing-right-large:1.92%;--awb-margin-bottom-large:10px;--awb-spacing-left-large:1.92%;--awb-width-medium:100%;--awb-order-medium:0;--awb-spacing-right-medium:1.92%;--awb-spacing-left-medium:1.92%;--awb-width-small:100%;--awb-order-small:0;--awb-spacing-right-small:1.92%;--awb-spacing-left-small:1.92%;\"><div class=\"fusion-column-wrapper fusion-column-has-shadow fusion-flex-justify-content-flex-start fusion-content-layout-column\"><div class=\"fusion-title title fusion-title-1 fusion-sep-none fusion-title-text fusion-title-size-one\" style=\"--awb-margin-top:0px;--awb-font-size:38px;\"><h1 class=\"fusion-title-heading title-heading-left fusion-responsive-typography-calculated\" style=\"margin:0;font-size:1em;--fontSize:38;line-height:1.3;\">MED-EL prezint\u0103 SONNET 3: un procesor audio BTE rezistent la ap\u0103 pentru implanturi cohleare<\/h1><\/div><div class=\"fusion-text fusion-text-1\"><p><strong>Mai mic, mai u\u0219or \u0219i mai performant ca niciodat\u0103, acum poate fi purtat \u0219i la piscin\u0103: Noul procesor audio IC de la MED-EL este acum disponibil! Pe l\u00e2ng\u0103 o utilizare u\u0219oar\u0103 de neegalat, acesta asigur\u0103 o calitate superioar\u0103 a sunetului \u0219i este compatibil cu toate aparatele auditive. <\/strong><\/p>\n<\/div><div class=\"fusion-image-element \" style=\"--awb-caption-title-font-family:var(--h2_typography-font-family);--awb-caption-title-font-weight:var(--h2_typography-font-weight);--awb-caption-title-font-style:var(--h2_typography-font-style);--awb-caption-title-size:var(--h2_typography-font-size);--awb-caption-title-transform:var(--h2_typography-text-transform);--awb-caption-title-line-height:var(--h2_typography-line-height);--awb-caption-title-letter-spacing:var(--h2_typography-letter-spacing);\"><span class=\" fusion-imageframe imageframe-none imageframe-1 hover-type-none\"><img decoding=\"async\" width=\"1916\" height=\"651\" title=\"Matthias-scaled-e1728995616988\" src=\"https:\/\/lifelonghearing.com\/ro\/wp-content\/uploads\/sites\/5\/2024\/10\/Matthias-scaled-e1728995616988.jpg\" data-orig-src=\"https:\/\/lifelonghearing.com\/ro\/wp-content\/uploads\/sites\/5\/2024\/10\/Matthias-scaled-e1728995616988.jpg\" alt class=\"lazyload img-responsive wp-image-31632\" srcset=\"data:image\/svg+xml,%3Csvg%20xmlns%3D%27http%3A%2F%2Fwww.w3.org%2F2000%2Fsvg%27%20width%3D%271916%27%20height%3D%27651%27%20viewBox%3D%270%200%201916%20651%27%3E%3Crect%20width%3D%271916%27%20height%3D%27651%27%20fill-opacity%3D%220%22%2F%3E%3C%2Fsvg%3E\" data-srcset=\"https:\/\/lifelonghearing.com\/ro\/wp-content\/uploads\/sites\/5\/2024\/10\/Matthias-scaled-e1728995616988-200x68.jpg 200w, https:\/\/lifelonghearing.com\/ro\/wp-content\/uploads\/sites\/5\/2024\/10\/Matthias-scaled-e1728995616988-400x136.jpg 400w, https:\/\/lifelonghearing.com\/ro\/wp-content\/uploads\/sites\/5\/2024\/10\/Matthias-scaled-e1728995616988-600x204.jpg 600w, https:\/\/lifelonghearing.com\/ro\/wp-content\/uploads\/sites\/5\/2024\/10\/Matthias-scaled-e1728995616988-800x272.jpg 800w, https:\/\/lifelonghearing.com\/ro\/wp-content\/uploads\/sites\/5\/2024\/10\/Matthias-scaled-e1728995616988-1200x408.jpg 1200w, https:\/\/lifelonghearing.com\/ro\/wp-content\/uploads\/sites\/5\/2024\/10\/Matthias-scaled-e1728995616988.jpg 1916w\" data-sizes=\"auto\" data-orig-sizes=\"(max-width: 1024px) 100vw, (max-width: 640px) 100vw, 1200px\" \/><\/span><\/div><\/div><\/div><\/div><\/div><div class=\"fusion-fullwidth fullwidth-box fusion-builder-row-2 fusion-flex-container nonhundred-percent-fullwidth non-hundred-percent-height-scrolling\" style=\"--awb-border-radius-top-left:0px;--awb-border-radius-top-right:0px;--awb-border-radius-bottom-right:0px;--awb-border-radius-bottom-left:0px;--awb-flex-wrap:wrap;\" ><div class=\"fusion-builder-row fusion-row fusion-flex-align-items-flex-start fusion-flex-content-wrap\" style=\"max-width:1248px;margin-left: calc(-4% \/ 2 );margin-right: calc(-4% \/ 2 );\"><div class=\"fusion-layout-column fusion_builder_column fusion-builder-column-1 fusion_builder_column_1_1 1_1 fusion-flex-column\" style=\"--awb-bg-size:cover;--awb-width-large:100%;--awb-margin-top-large:0px;--awb-spacing-right-large:1.92%;--awb-margin-bottom-large:0px;--awb-spacing-left-large:1.92%;--awb-width-medium:100%;--awb-spacing-right-medium:1.92%;--awb-spacing-left-medium:1.92%;--awb-width-small:100%;--awb-spacing-right-small:1.92%;--awb-spacing-left-small:1.92%;\"><div class=\"fusion-column-wrapper fusion-flex-justify-content-flex-start fusion-content-layout-column\"><div class=\"fusion-text fusion-text-2\"><p>\u201eWow, \u0219i acesta pare at\u00e2t de mic!\u201d a fost primul g\u00e2nd al lui Valentin Stehle c\u00e2nd a v\u0103zut pentru prima dat\u0103 noul SONNET 3. Micu\u021bul OPUS XS a fost primul procesor audio al t\u00e2n\u0103rului de 18 ani din landul Nieder\u00f6sterreich. Pentru a face loc noilor func\u021bii, modelele ulterioare de procesoare au fost construite pu\u021bin mai mari; p\u00e2n\u0103 acum: Noul SONNET 3 combin\u0103 cea mai recent\u0103 metod\u0103 de procesare a semnalului \u0219i o serie de func\u021bionalit\u0103\u021bi noi \u00eentr-o carcas\u0103 extrem de mic\u0103. \u201eC\u00e2nd am \u021binut SONNET 3 \u00een m\u00e2n\u0103, am avut imediat o senza\u021bie pl\u0103cut\u0103. Se sim\u021bea u\u0219or ca o pan\u0103 \u0219i totu\u0219i foarte performant. \u0218i de \u00eendat\u0103 ce l-am pus pe ureche, am fost cuprins uimire: era ca \u0219i cum a\u0219 fi fost \u00eentr-o alt\u0103 dimensiune.\u201d Produc\u0103torul de implanturi MED-EL din Innsbruck a prezentat procesorul audio SONNET 3 IC \u00een designul BTE \u00een septembrie 2024. Zece utilizatori de IC cu experien\u021b\u0103 au fost autoriza\u021bi s\u0103 testeze \u00een prealabil procesorul audio, inclusiv pre\u0219edintele nostru CIA, Hans Horak, \u00eempreun\u0103 cu c\u00e2\u021biva membri activi ai CIA. Ace\u0219tia relateaz\u0103 entuziasma\u021bi despre experien\u021bele lor site-ului geh\u00f6rt.gelesen!<\/p>\n<h2>\u201eMic, u\u0219or ca o pan\u0103 \u0219i totu\u0219i foarte performant!\u201d<\/h2>\n<div id=\"attachment_28083\" style=\"width: 310px\" class=\"wp-caption alignleft\"><img decoding=\"async\" aria-describedby=\"caption-attachment-28083\" class=\"lazyload size-medium wp-image-28070\" src=\"data:image\/svg+xml,%3Csvg%20xmlns%3D%27http%3A%2F%2Fwww.w3.org%2F2000%2Fsvg%27%20width%3D%27300%27%20height%3D%27200%27%20viewBox%3D%270%200%20300%20200%27%3E%3Crect%20width%3D%27300%27%20height%3D%27200%27%20fill-opacity%3D%220%22%2F%3E%3C%2Fsvg%3E\" data-orig-src=\"https:\/\/lifelonghearing.com\/wp-content\/uploads\/2024\/10\/Hans_Sonnet-3-300x200.jpg\" alt=\"\" width=\"300\" height=\"200\" \/><p id=\"caption-attachment-28083\" class=\"wp-caption-text\">\u201eCu SONNET 3 pot asculta muzic\u0103 chiar \u0219i \u00een cad\u0103 f\u0103r\u0103 s\u0103-mi fac griji!\u201d \u00a9Carmen Kronawettleitner<\/p><\/div>\n<p>\u00cen\u021belegerea vorbirii \u0219i calitatea sunetului sunt cele mai importante caracteristici ale unui procesor IC. \u201eLa fel de bun ca procesorul meu anterior\u201d, spune inginerul Felix Fischer, care locuie\u0219te \u00een Tirol, iar Valentin confirm\u0103: \u201eLa fel de performant ca urechea mea s\u0103n\u0103toas\u0103!\u201d \u201eCalitatea sunetului este at\u00e2t de pl\u0103cut\u0103 \u00eenc\u00e2t imediat am ascultat muzic\u0103 ore \u00een \u0219ir!\u201d, spune \u00eenc\u00e2ntat pre\u0219edintele nostru CIA. Eleva Melanie Fraisl este de acord: \u201eNu am mai ascultat niciodat\u0103 muzica at\u00e2t de clar ca \u0219i cu SONNET 3!\u201d C\u00e2nd vine vorba de confortul de zi cu zi, familia SONNET a excelat prin individualitate \u0219i flexibilitate \u00eenc\u0103 de la lansarea sa \u00een urm\u0103 cu zece ani datorit\u0103 sistemului s\u0103u modular testat. Versiunile anterioare SONNET sunt suficient de delicate pentru a se putea amplasa confortabil sub <a href=\"https:\/\/lifelonghearing.com\/life\/an-extreme-athletes-plan-b\/\">casca standard pentru biciclete \u0219i alte sporturi<\/a>. Cu toate acestea, la a treia sa genera\u021bie, SONNET a mai fost mic\u0219orat cu \u00eenc\u0103 zece procente \u0219i a devenit mai u\u0219or. Valentin este sceptic: \u201ePentru c\u0103 este at\u00e2t de mic, alunec\u0103 \u0219i mai u\u0219or\u201d. Totu\u0219i, o selec\u021bie de diferite c\u00e2rlige de ureche asigur\u0103 o potrivire \u0219i mai bun\u0103, cu un confort optim la purtare. \u201eCu c\u00e2rligul de ureche flexibil, SONNET 3 se potrive\u0219te la fel de bine ca \u0219i SONNET-ul anterior dotat cu un c\u00e2rlig de ureche pentru sportivi\u201d, confirm\u0103 Melanie. \u201eC\u00e2rligul de ureche reglabil a fost veriga care ne-a lipsit mereu\u201d, adaug\u0103 Hans. \u201e Cum abia sim\u021bi procesorul, am uitat s\u0103 \u00eel dau jos \u00eenainte de a face un du\u0219. Dar asta nu a fost deloc o problem\u0103!\u201d SONNET 3 este totodat\u0103 rezistent la ap\u0103!<\/p>\n<h2>Butonul de senzor: un auz bun mereu sub control<\/h2>\n<p>Butonul cu senzor de pe procesor pentru a controla sistemul IC este complet nou. O parte din utilizatorii fideli de IC care au \u00eenceput s\u0103 utilizeze procesoarele Tempo+ duc \u00eenc\u0103 dorul op\u021biunii de a porni direct procesorul: schimbarea volumului sau a programului \u00een orice moment, f\u0103r\u0103 a fi nevoi\u021bi s\u0103 de\u021bin\u0103 alte accesorii. Cu toate acestea, comutatoarele basculante precum cele de pe Tempo+ permit praful \u0219i umezeala s\u0103 p\u0103trund\u0103 u\u0219or \u00een interiorul dispozitivului. Acesta este motivul pentru care comutatorul de pe procesoarele OPUS \u0219i SONNET a fost \u00eenlocuit de o telecomand\u0103 \u0219i apoi \u0219i de o aplica\u021bie pentru telefonul mobil. Noul SONNET 3 dispune acum de un buton touch care func\u021bioneaz\u0103 \u00eentr-un mod similar tastaturii de pe smartphone-uri. Prin urmare, pentru utilizatorii obi\u0219nui\u021bi cu procesoarele OPUS sau SONNET, cum ar fi Felix Fischer, \u201e utilizarea butonului senzorial poate necesita ceva timp de acomodare \u201d - \u0219i poate fi totodat\u0103 dep\u0103\u0219it\u0103. La reglarea procesorului, ace\u0219tia pot dezactiva butonul - telecomanda \u0219i aplica\u021bia mobil\u0103 le permit \u00een continuare s\u0103 acceseze u\u0219or toate set\u0103rile. Dar dac\u0103 nu ave\u021bi o telecomand\u0103 sau un smartphone la dispozi\u021bie \u0219i dori\u021bi totu\u0219i s\u0103 comuta\u021bi programele sau s\u0103 trece\u021bi procesorul \u00een modul de repaus, pute\u021bi face acest lucru prin simpla atingere a butonului. Hans Horak este pl\u0103cut surprins: \u201eC\u00e2t de u\u0219or \u0219i rapid este s\u0103 \u00eemi schimb set\u0103rile!\u201d<\/p>\n<h2>\u201eLibertatea \u0219i confortul sunt de nepre\u021buit!\u201d<\/h2>\n<div id=\"attachment_28100\" style=\"width: 310px\" class=\"wp-caption alignright\"><img decoding=\"async\" aria-describedby=\"caption-attachment-28100\" class=\"lazyload size-medium wp-image-28087\" src=\"data:image\/svg+xml,%3Csvg%20xmlns%3D%27http%3A%2F%2Fwww.w3.org%2F2000%2Fsvg%27%20width%3D%27300%27%20height%3D%27200%27%20viewBox%3D%270%200%20300%20200%27%3E%3Crect%20width%3D%27300%27%20height%3D%27200%27%20fill-opacity%3D%220%22%2F%3E%3C%2Fsvg%3E\" data-orig-src=\"https:\/\/lifelonghearing.com\/wp-content\/uploads\/2024\/10\/med-el_24_day1_eye5_danielzangerl_231-300x200.jpg\" alt=\"\" width=\"300\" height=\"200\" \/><p id=\"caption-attachment-28100\" class=\"wp-caption-text\">Lejeritate des\u0103v\u00e2r\u0219it\u0103 cu noul SONNET 3 \u0219i cu suportul s\u0103u flexibil pentru urechi \u00a9MED-EL\/Daniel Zangerl<\/p><\/div>\n<p>Un procesor rezistent la stropire apar\u021bine trecutului: noul SONNET 3 a fost testat \u00een clasa de protec\u021bie IP68 \u0219i a fost chiar supus unui scurt test sub ap\u0103 de ad\u00e2ncime mic\u0103. Dar acest lucru este valabil numai at\u00e2ta timp c\u00e2t procesorul este complet nev\u0103t\u0103mat, \u00eensemn\u00e2nd f\u0103r\u0103 zg\u00e2rieturi inofensive de la ultima c\u0103z\u0103tur\u0103. Cu toate acestea, produc\u0103torul ne asigur\u0103 c\u0103 acest lucru nu va fi o problem\u0103 la du\u0219 sau \u00een cazul \u00een care un utilizator este surprins de o ploaie toren\u021bial\u0103. Totu\u0219i, evaluatorii no\u0219tri au vrut s\u0103 se asigure. Cum ar fi Melanie: \u201eAm testat SONNET 3 \u00een ap\u0103 cu clor\u201d. \u201eA fost o senza\u021bie deosebit\u0103 c\u00e2nd am intrat sub ap\u0103\u201d, spune Hans, care descrie \u00eenotul cu procesorul. El a fost surprins de c\u00e2t de bine putea auzi: \u201eC\u00e2nd so\u021bia mea a vorbit cu mine, chiar m-am speriat pentru c\u0103 era at\u00e2t de tare\u201d. \u201eEste pur \u0219i simplu minunat s\u0103 \u0219tiu c\u0103 pot face du\u0219 f\u0103r\u0103 probleme cu implantul meu auditiv.<br \/>\nLibertatea \u0219i u\u0219urin\u021ba pe care mi le ofer\u0103 sunt de nepre\u021buit\u201d, se entuziasmeaz\u0103 unul dintre cei mai tineri participan\u021bi la testare. Utilizatorii de IC care au prieteni cu auz predominant normal \u0219i c\u0103rora le place s\u0103-\u0219i petreac\u0103 timpul la ap\u0103 \u00een timpul verii sunt deosebit de \u00eenc\u00e2nta\u021bi s\u0103 poat\u0103 \u00eenota cu procesorul audio: S\u0103 \u00eenoate f\u0103r\u0103 s\u0103 rateze nimic. Melanie nu este o excep\u021bie, declar\u0103 ea z\u00e2mbind: \u201e Vorbim \u00een timp ce \u00eenot\u0103m!\u201d SONNET 3 este rezistent la ap\u0103 chiar \u0219i cu baterii zinc-aer, de exemplu \u00een cazul \u00een care utilizatorul cade accidental \u00een ap\u0103. Cu toate acestea, bateriile se golesc rapid de aer sub ap\u0103, motiv pentru care bateriile re\u00eenc\u0103rcabile sunt mai potrivite pentru \u00eenot. Pentru scufund\u0103ri cu un IC, WaterWear este prev\u0103zut \u0219i pentru SONNET 3. C\u00e2nd \u00eenota\u021bi \u00een ape curg\u0103toare, nu este indicat s\u0103 fixa\u021bi foarte bine procesorul pentru a evita pierderea acestuia - sau s\u0103 \u00eel \u00eendep\u0103rta\u021bi \u00een prealabil! Cu siguran\u021b\u0103 este dificil s\u0103 g\u0103si\u021bi un dispozitiv at\u00e2t de mic \u0219i compact pe fundul m\u0103rii sau pe fundul unui lac. \u00cen plus, apele naturale sunt de obicei mai ad\u00e2nci dec\u00e2t clasa de protec\u021bie IP68.<\/p>\n<h2>Streaming de ultim\u0103 genera\u021bie<\/h2>\n<p>Func\u021bia Bluetooth \u00eencorporat\u0103 este, la r\u00e2ndul ei, nou\u0103. \u00cen timp ce persoanele cu auz normal \u00ee\u0219i caut\u0103 \u00eenc\u0103 c\u0103\u0219tile \u00een buzunar, utilizatorii SONNET 3 sunt deja online. \u201eEste at\u00e2t de cool!\u201d, se entuziasmeaz\u0103 Valentin. \u201eDoar \u00eemi deschid telefonul \u0219i SONNET 3 este deja conectat la el! Pot difuza con\u021binut imediat. Absolut fantastic - sunt at\u00e2t de fericit!\u201d Tehnologiile de conectare wireless sunt \u00een prezent utilizate foarte des \u00een combina\u021bie cu smartphone-urile. Tehnologiile disponibile sunt \u00een continu\u0103 dezvoltare: ceea ce \u00eenainte era domeniul principal de aplicare pentru buclele de induc\u021bie este acum implementat cu ajutorul transmisiei Bluetooth. \u00cen prezent, versiunea Bluetooth BTLE \u00een combina\u021bie cu protocoalele de transmisie MFI pentru Apple \u0219i ASHA pentru sistemele Android este cea mai obi\u0219nuit\u0103. Aceste tehnologii sunt disponibile \u0219i \u00een noul SONNET 3: implementat direct, bilateral pentru ambele urechi \u0219i poate fi utilizat f\u0103r\u0103 un dispozitiv suplimentar.<\/p>\n<p>Cu SONNET 3, utilizatorii IC au posibilitatea de a alege dac\u0103 \u0219i \u00een ce m\u0103sur\u0103 doresc s\u0103 atenueze zgomotul din mediul \u00eenconjur\u0103tor \u00een timpul convorbirilor telefonice sau c\u00e2nd ascult\u0103 muzic\u0103. \u201e Conectarea multifunc\u021bional\u0103 merge bine\u201d, spune bucuros Felix Fischer. \u201e Posibilitatea de reglare a raportului de combinare este un avantaj evident!\u201d Studentul Alexander Pusker este \u00eenc\u00e2ntat: \u201eNu mai trebuie s\u0103 folosesc c\u0103\u0219ti!\u201d \u00cen plus, AudioLink XT este din nou disponibil ca \u0219i un accesoriu corespunz\u0103tor: poate fi folosit ca microfon extern, c\u00e2t \u0219i pentru transmisia Bluetooth de la un sistem stereo, un televizor sau alte surse audio clasice. \u201eSt\u0103team \u00een cad\u0103 \u0219i ascultam programul TV din camera al\u0103turat\u0103\u201d, spune Hans Horak, uimit de gama oferit\u0103. \u00cen AudioLink XT este implementat \u0219i un receptor pentru semnale de induc\u021bie - provenind de la o bucl\u0103 de induc\u021bie sau teleloop - iar un adaptor FM este inclus. Pre\u0219edintele CIA recomand\u0103: \u201eAudioLink XT este cu siguran\u021b\u0103 un ajutor nepre\u021buit pentru elevi \u0219i studen\u021bi, dar \u0219i pentru \u0219edin\u021be.\u201d<\/p>\n<h2>\u201eA\u0219tept cu ner\u0103bdare SONNET 3!\u201d<\/h2>\n<div id=\"attachment_28117\" style=\"width: 310px\" class=\"wp-caption alignleft\"><img decoding=\"async\" aria-describedby=\"caption-attachment-28117\" class=\"lazyload size-medium wp-image-28104\" src=\"data:image\/svg+xml,%3Csvg%20xmlns%3D%27http%3A%2F%2Fwww.w3.org%2F2000%2Fsvg%27%20width%3D%27300%27%20height%3D%27169%27%20viewBox%3D%270%200%20300%20169%27%3E%3Crect%20width%3D%27300%27%20height%3D%27169%27%20fill-opacity%3D%220%22%2F%3E%3C%2Fsvg%3E\" data-orig-src=\"https:\/\/lifelonghearing.com\/wp-content\/uploads\/2024\/10\/035_S3_v010_S3-an-flexH-dlcoil_an_Per-300x169.jpg\" alt=\"\" width=\"300\" height=\"169\" \/><p id=\"caption-attachment-28117\" class=\"wp-caption-text\">SONNET 3 este disponibil \u00een \u0219ase culori; iar numeroase modele adi\u021bionale sunt disponibile pentru bobina transmi\u021b\u0103torului. \u00a9MED-EL<\/p><\/div>\n<p>\u201eAm fost impresionat de durata de via\u021b\u0103 a bateriei!\u201d, se entuziasmeaz\u0103 Valentin. \u201eDe\u0219i am difuzat foarte mult \u0219i am folosit dispozitivele timp de aproximativ 16 ore pe zi, bateriile au durat aproape patru zile!\u201d MED-EL promite p\u00e2n\u0103 la 17 ore de func\u021bionare continu\u0103 pentru fiecare \u00eenc\u0103rcare cu ajutorul bateriilor din cel mai mare model. Datorit\u0103 compartimentului mai mic pentru microbaterii, SONNET 3 este un dispozitiv deosebit de u\u0219or, care permite totu\u0219i un auz ce nu afecteaz\u0103 mediul \u00eenconjur\u0103tor. Cu toate c\u0103 protec\u021bia mediului \u0219i conservarea resurselor nu sunt cele mai importante criterii atunci c\u00e2nd alegem un sistem auditiv, tot putem fi \u00eenc\u00e2nta\u021bi! \u0218i c\u00e2nd vine vorba de consumul de baterii \u0219i de bateriile re\u00eenc\u0103rcabile, protec\u021bia mediului este benefic\u0103 \u0219i pentru portofelul nostru. Alexander Pusker \u00ee\u0219i prezint\u0103 pe scurt experien\u021ba: \u201eFoarte confortabil \u0219i cu inova\u021bii tehnice bune care simplific\u0103 via\u021ba unui purt\u0103tor de IC.\u201d \u201eSunt at\u00e2t de recunosc\u0103tor c\u0103 am avut ocazia s\u0103 testez acest \u00aball-round ear woofer\u00bb\u201d, spune Valentin fericit. \u201eMi-a oferit un auz at\u00e2t de bun, ca \u0219i \u00een urechea mea s\u0103n\u0103toas\u0103. Nu am vrut s\u0103 renun\u021b deloc la el\u201d. \u201e Deja \u00eemi era dor de el la o or\u0103 dup\u0103 ce l-am dat \u00eenapoi\u201d, recunoa\u0219te Melanie. \u0218i Hans Horak a fost la r\u00e2ndul s\u0103u reticent \u00een a da \u00eenapoi dispozitivul de testare: \u201eAbia a\u0219tept ziua \u00een care voi putea purta permanent SONNET 3!\u201d Acest lucru este deja disponibil \u00een Austria: \u00een configura\u021bia ini\u021bial\u0103 a IC sau ca parte a actualiz\u0103rii ulterioare a procesorului.<\/p>\n<\/div><div class=\"fusion-separator fusion-full-width-sep\" style=\"align-self: center;margin-left: auto;margin-right: auto;width:100%;\"><\/div><div class=\"fusion-reading-box-container reading-box-container-1\" style=\"--awb-title-color:#3d3b3b;--awb-margin-top:0px;--awb-margin-bottom:84px;\"><div class=\"reading-box\" style=\"background-color:#ffffff;border-width:1px;border-color:#e0dede;border-left-width:3px;border-left-color:var(--primary_color);border-style:solid;\"><h2> <\/h2><div class=\"reading-box-description fusion-reading-box-additional\"> <\/div><div class=\"reading-box-additional\">\n<h3>6 informa\u021bii utile despre SONNET 3<\/h3>\n<ul>\n<li>Cel mai mic \u0219i mai ergonomic procesor MED-EL BTE: cel mai mic procesor dotat cu o micro baterie<\/li>\n<li>Comunicare de neegalat: tehnologie de streaming Bluetooth implementat\u0103 \u0219i conectare testat\u0103<\/li>\n<li>Rezistent la ap\u0103: Testat la IP68, SONNET 3 este rezistent la ap\u0103, iar tehnologia dovedit\u0103 WaterWare este de asemenea compatibil\u0103<\/li>\n<li>Personalizare particular\u0103: diferite posibilit\u0103\u021bi de purtare \u0219i o selec\u021bie de c\u00e2rlige pentru urechi diverse, incluz\u00e2nd c\u00e2rlige flexibile<\/li>\n<li>Utilizare mai convenabil\u0103: \u00een plus fa\u021b\u0103 de telecomenzile testate \u0219i de aplica\u021bia pentru telefonul mobil, SONNET 3 ofer\u0103 un ecran de tip touchscreen pentru selectarea programelor f\u0103r\u0103 ajutorul unor accesorii suplimentare<\/li>\n<li>Performan\u021b\u0103 auditiv\u0103 excep\u021bional\u0103: ASM 3.0, FineHearing \u0219i ajustarea anatomic\u0103 sunt incluse ca dot\u0103ri standard: \u00centre\u021binere de la distan\u021b\u0103 prin programul HearCare<\/li>\n<\/ul>\n<\/div><div class=\"fusion-clearfix\"><\/div><\/div><\/div><\/div><\/div><\/div><\/div><\/p>\n","protected":false},"excerpt":{"rendered":"","protected":false},"author":2,"featured_media":31632,"comment_status":"open","ping_status":"open","sticky":false,"template":"","format":"standard","meta":{"_acf_changed":false,"footnotes":""},"categories":[488],"tags":[],"class_list":["post-28052","post","type-post","status-publish","format-standard","has-post-thumbnail","hentry","category-stiinta"],"yoast_head":"<!-- This site is optimized with the Yoast SEO plugin v24.3 - https:\/\/yoast.com\/wordpress\/plugins\/seo\/ -->\n<title>SONNET 3 - un \u201eamplificator universal pentru ureche\u201d - Romanian<\/title>\n<meta name=\"description\" content=\"Smaller, lighter and better than ever, it can now also be taken swimming: The new CI audio processor from MED-EL is here!\" \/>\n<meta name=\"robots\" content=\"index, follow, max-snippet:-1, max-image-preview:large, max-video-preview:-1\" \/>\n<link rel=\"canonical\" href=\"https:\/\/lifelonghearing.com\/ro\/sonnet-3-un-amplificator-universal-pentru-ureche\/\" \/>\n<meta property=\"og:locale\" content=\"en_US\" \/>\n<meta property=\"og:type\" content=\"article\" \/>\n<meta property=\"og:title\" content=\"SONNET 3 - un \u201eamplificator universal pentru ureche\u201d - Romanian\" \/>\n<meta property=\"og:description\" content=\"Smaller, lighter and better than ever, it can now also be taken swimming: The new CI audio processor from MED-EL is here!\" \/>\n<meta property=\"og:url\" content=\"https:\/\/lifelonghearing.com\/ro\/sonnet-3-un-amplificator-universal-pentru-ureche\/\" \/>\n<meta property=\"og:site_name\" content=\"Romanian\" \/>\n<meta property=\"article:published_time\" content=\"2024-10-21T06:00:06+00:00\" \/>\n<meta property=\"article:modified_time\" content=\"2025-02-21T09:20:58+00:00\" \/>\n<meta property=\"og:image\" content=\"https:\/\/lifelonghearing.com\/ro\/wp-content\/uploads\/sites\/5\/2024\/10\/Matthias-scaled-e1728995616988.jpg\" \/>\n\t<meta property=\"og:image:width\" content=\"1916\" \/>\n\t<meta property=\"og:image:height\" content=\"651\" \/>\n\t<meta property=\"og:image:type\" content=\"image\/jpeg\" \/>\n<meta name=\"author\" content=\"lifelonghearadmin\" \/>\n<meta name=\"twitter:card\" content=\"summary_large_image\" \/>\n<meta name=\"twitter:label1\" content=\"Written by\" \/>\n\t<meta name=\"twitter:data1\" content=\"lifelonghearadmin\" \/>\n\t<meta name=\"twitter:label2\" content=\"Est. reading time\" \/>\n\t<meta name=\"twitter:data2\" content=\"9 minutes\" \/>\n<script type=\"application\/ld+json\" class=\"yoast-schema-graph\">{\"@context\":\"https:\/\/schema.org\",\"@graph\":[{\"@type\":\"WebPage\",\"@id\":\"https:\/\/lifelonghearing.com\/ro\/sonnet-3-un-amplificator-universal-pentru-ureche\/\",\"url\":\"https:\/\/lifelonghearing.com\/ro\/sonnet-3-un-amplificator-universal-pentru-ureche\/\",\"name\":\"SONNET 3 - un \u201eamplificator universal pentru ureche\u201d - Romanian\",\"isPartOf\":{\"@id\":\"https:\/\/lifelonghearing.com\/ro\/#website\"},\"primaryImageOfPage\":{\"@id\":\"https:\/\/lifelonghearing.com\/ro\/sonnet-3-un-amplificator-universal-pentru-ureche\/#primaryimage\"},\"image\":{\"@id\":\"https:\/\/lifelonghearing.com\/ro\/sonnet-3-un-amplificator-universal-pentru-ureche\/#primaryimage\"},\"thumbnailUrl\":\"https:\/\/lifelonghearing.com\/ro\/wp-content\/uploads\/sites\/5\/2024\/10\/Matthias-scaled-e1728995616988.jpg\",\"datePublished\":\"2024-10-21T06:00:06+00:00\",\"dateModified\":\"2025-02-21T09:20:58+00:00\",\"author\":{\"@id\":\"https:\/\/lifelonghearing.com\/ro\/#\/schema\/person\/f8b757daaeff08ac5d86fd76d4b65bb7\"},\"description\":\"Smaller, lighter and better than ever, it can now also be taken swimming: The new CI audio processor from MED-EL is here!\",\"breadcrumb\":{\"@id\":\"https:\/\/lifelonghearing.com\/ro\/sonnet-3-un-amplificator-universal-pentru-ureche\/#breadcrumb\"},\"inLanguage\":\"en-US\",\"potentialAction\":[{\"@type\":\"ReadAction\",\"target\":[\"https:\/\/lifelonghearing.com\/ro\/sonnet-3-un-amplificator-universal-pentru-ureche\/\"]}]},{\"@type\":\"ImageObject\",\"inLanguage\":\"en-US\",\"@id\":\"https:\/\/lifelonghearing.com\/ro\/sonnet-3-un-amplificator-universal-pentru-ureche\/#primaryimage\",\"url\":\"https:\/\/lifelonghearing.com\/ro\/wp-content\/uploads\/sites\/5\/2024\/10\/Matthias-scaled-e1728995616988.jpg\",\"contentUrl\":\"https:\/\/lifelonghearing.com\/ro\/wp-content\/uploads\/sites\/5\/2024\/10\/Matthias-scaled-e1728995616988.jpg\",\"width\":1916,\"height\":651},{\"@type\":\"BreadcrumbList\",\"@id\":\"https:\/\/lifelonghearing.com\/ro\/sonnet-3-un-amplificator-universal-pentru-ureche\/#breadcrumb\",\"itemListElement\":[{\"@type\":\"ListItem\",\"position\":1,\"name\":\"Home\",\"item\":\"https:\/\/lifelonghearing.com\/ro\/\"},{\"@type\":\"ListItem\",\"position\":2,\"name\":\"SONNET 3 &#8211; un \u201eamplificator universal pentru ureche\u201d\"}]},{\"@type\":\"WebSite\",\"@id\":\"https:\/\/lifelonghearing.com\/ro\/#website\",\"url\":\"https:\/\/lifelonghearing.com\/ro\/\",\"name\":\"Romanian\",\"description\":\"\",\"potentialAction\":[{\"@type\":\"SearchAction\",\"target\":{\"@type\":\"EntryPoint\",\"urlTemplate\":\"https:\/\/lifelonghearing.com\/ro\/?s={search_term_string}\"},\"query-input\":{\"@type\":\"PropertyValueSpecification\",\"valueRequired\":true,\"valueName\":\"search_term_string\"}}],\"inLanguage\":\"en-US\"},{\"@type\":\"Person\",\"@id\":\"https:\/\/lifelonghearing.com\/ro\/#\/schema\/person\/f8b757daaeff08ac5d86fd76d4b65bb7\",\"name\":\"lifelonghearadmin\",\"image\":{\"@type\":\"ImageObject\",\"inLanguage\":\"en-US\",\"@id\":\"https:\/\/lifelonghearing.com\/ro\/#\/schema\/person\/image\/\",\"url\":\"https:\/\/secure.gravatar.com\/avatar\/6fa8982be4f6fc035221785630430277?s=96&d=mm&r=g\",\"contentUrl\":\"https:\/\/secure.gravatar.com\/avatar\/6fa8982be4f6fc035221785630430277?s=96&d=mm&r=g\",\"caption\":\"lifelonghearadmin\"},\"url\":\"https:\/\/lifelonghearing.com\/ro\/author\/lifelonghearadmin\/\"}]}<\/script>\n<!-- \/ Yoast SEO plugin. -->","yoast_head_json":{"title":"SONNET 3 - un \u201eamplificator universal pentru ureche\u201d - Romanian","description":"Smaller, lighter and better than ever, it can now also be taken swimming: The new CI audio processor from MED-EL is here!","robots":{"index":"index","follow":"follow","max-snippet":"max-snippet:-1","max-image-preview":"max-image-preview:large","max-video-preview":"max-video-preview:-1"},"canonical":"https:\/\/lifelonghearing.com\/ro\/sonnet-3-un-amplificator-universal-pentru-ureche\/","og_locale":"en_US","og_type":"article","og_title":"SONNET 3 - un \u201eamplificator universal pentru ureche\u201d - Romanian","og_description":"Smaller, lighter and better than ever, it can now also be taken swimming: The new CI audio processor from MED-EL is here!","og_url":"https:\/\/lifelonghearing.com\/ro\/sonnet-3-un-amplificator-universal-pentru-ureche\/","og_site_name":"Romanian","article_published_time":"2024-10-21T06:00:06+00:00","article_modified_time":"2025-02-21T09:20:58+00:00","og_image":[{"width":1916,"height":651,"url":"https:\/\/lifelonghearing.com\/ro\/wp-content\/uploads\/sites\/5\/2024\/10\/Matthias-scaled-e1728995616988.jpg","type":"image\/jpeg"}],"author":"lifelonghearadmin","twitter_card":"summary_large_image","twitter_misc":{"Written by":"lifelonghearadmin","Est. reading time":"9 minutes"},"schema":{"@context":"https:\/\/schema.org","@graph":[{"@type":"WebPage","@id":"https:\/\/lifelonghearing.com\/ro\/sonnet-3-un-amplificator-universal-pentru-ureche\/","url":"https:\/\/lifelonghearing.com\/ro\/sonnet-3-un-amplificator-universal-pentru-ureche\/","name":"SONNET 3 - un \u201eamplificator universal pentru ureche\u201d - Romanian","isPartOf":{"@id":"https:\/\/lifelonghearing.com\/ro\/#website"},"primaryImageOfPage":{"@id":"https:\/\/lifelonghearing.com\/ro\/sonnet-3-un-amplificator-universal-pentru-ureche\/#primaryimage"},"image":{"@id":"https:\/\/lifelonghearing.com\/ro\/sonnet-3-un-amplificator-universal-pentru-ureche\/#primaryimage"},"thumbnailUrl":"https:\/\/lifelonghearing.com\/ro\/wp-content\/uploads\/sites\/5\/2024\/10\/Matthias-scaled-e1728995616988.jpg","datePublished":"2024-10-21T06:00:06+00:00","dateModified":"2025-02-21T09:20:58+00:00","author":{"@id":"https:\/\/lifelonghearing.com\/ro\/#\/schema\/person\/f8b757daaeff08ac5d86fd76d4b65bb7"},"description":"Smaller, lighter and better than ever, it can now also be taken swimming: The new CI audio processor from MED-EL is here!","breadcrumb":{"@id":"https:\/\/lifelonghearing.com\/ro\/sonnet-3-un-amplificator-universal-pentru-ureche\/#breadcrumb"},"inLanguage":"en-US","potentialAction":[{"@type":"ReadAction","target":["https:\/\/lifelonghearing.com\/ro\/sonnet-3-un-amplificator-universal-pentru-ureche\/"]}]},{"@type":"ImageObject","inLanguage":"en-US","@id":"https:\/\/lifelonghearing.com\/ro\/sonnet-3-un-amplificator-universal-pentru-ureche\/#primaryimage","url":"https:\/\/lifelonghearing.com\/ro\/wp-content\/uploads\/sites\/5\/2024\/10\/Matthias-scaled-e1728995616988.jpg","contentUrl":"https:\/\/lifelonghearing.com\/ro\/wp-content\/uploads\/sites\/5\/2024\/10\/Matthias-scaled-e1728995616988.jpg","width":1916,"height":651},{"@type":"BreadcrumbList","@id":"https:\/\/lifelonghearing.com\/ro\/sonnet-3-un-amplificator-universal-pentru-ureche\/#breadcrumb","itemListElement":[{"@type":"ListItem","position":1,"name":"Home","item":"https:\/\/lifelonghearing.com\/ro\/"},{"@type":"ListItem","position":2,"name":"SONNET 3 &#8211; un \u201eamplificator universal pentru ureche\u201d"}]},{"@type":"WebSite","@id":"https:\/\/lifelonghearing.com\/ro\/#website","url":"https:\/\/lifelonghearing.com\/ro\/","name":"Romanian","description":"","potentialAction":[{"@type":"SearchAction","target":{"@type":"EntryPoint","urlTemplate":"https:\/\/lifelonghearing.com\/ro\/?s={search_term_string}"},"query-input":{"@type":"PropertyValueSpecification","valueRequired":true,"valueName":"search_term_string"}}],"inLanguage":"en-US"},{"@type":"Person","@id":"https:\/\/lifelonghearing.com\/ro\/#\/schema\/person\/f8b757daaeff08ac5d86fd76d4b65bb7","name":"lifelonghearadmin","image":{"@type":"ImageObject","inLanguage":"en-US","@id":"https:\/\/lifelonghearing.com\/ro\/#\/schema\/person\/image\/","url":"https:\/\/secure.gravatar.com\/avatar\/6fa8982be4f6fc035221785630430277?s=96&d=mm&r=g","contentUrl":"https:\/\/secure.gravatar.com\/avatar\/6fa8982be4f6fc035221785630430277?s=96&d=mm&r=g","caption":"lifelonghearadmin"},"url":"https:\/\/lifelonghearing.com\/ro\/author\/lifelonghearadmin\/"}]}},"acf":[],"_links":{"self":[{"href":"https:\/\/lifelonghearing.com\/ro\/wp-json\/wp\/v2\/posts\/28052","targetHints":{"allow":["GET"]}}],"collection":[{"href":"https:\/\/lifelonghearing.com\/ro\/wp-json\/wp\/v2\/posts"}],"about":[{"href":"https:\/\/lifelonghearing.com\/ro\/wp-json\/wp\/v2\/types\/post"}],"author":[{"embeddable":true,"href":"https:\/\/lifelonghearing.com\/ro\/wp-json\/wp\/v2\/users\/2"}],"replies":[{"embeddable":true,"href":"https:\/\/lifelonghearing.com\/ro\/wp-json\/wp\/v2\/comments?post=28052"}],"version-history":[{"count":3,"href":"https:\/\/lifelonghearing.com\/ro\/wp-json\/wp\/v2\/posts\/28052\/revisions"}],"predecessor-version":[{"id":32326,"href":"https:\/\/lifelonghearing.com\/ro\/wp-json\/wp\/v2\/posts\/28052\/revisions\/32326"}],"wp:featuredmedia":[{"embeddable":true,"href":"https:\/\/lifelonghearing.com\/ro\/wp-json\/wp\/v2\/media\/31632"}],"wp:attachment":[{"href":"https:\/\/lifelonghearing.com\/ro\/wp-json\/wp\/v2\/media?parent=28052"}],"wp:term":[{"taxonomy":"category","embeddable":true,"href":"https:\/\/lifelonghearing.com\/ro\/wp-json\/wp\/v2\/categories?post=28052"},{"taxonomy":"post_tag","embeddable":true,"href":"https:\/\/lifelonghearing.com\/ro\/wp-json\/wp\/v2\/tags?post=28052"}],"curies":[{"name":"wp","href":"https:\/\/api.w.org\/{rel}","templated":true}]}}