{"id":25409,"date":"2024-01-30T12:33:26","date_gmt":"2024-01-30T11:33:26","guid":{"rendered":"https:\/\/lifelonghearing.com\/?p=25409"},"modified":"2025-05-15T11:17:54","modified_gmt":"2025-05-15T11:17:54","slug":"locatia-pentru-simpozionul-euro-uic-din-acest-an-este-viena","status":"publish","type":"post","link":"https:\/\/lifelonghearing.com\/ro\/locatia-pentru-simpozionul-euro-uic-din-acest-an-este-viena\/","title":{"rendered":"Loca\u021bia pentru Simpozionul EURO-UIC din acest an este Viena!"},"content":{"rendered":"<p><div class=\"fusion-fullwidth fullwidth-box fusion-builder-row-1 fusion-flex-container nonhundred-percent-fullwidth non-hundred-percent-height-scrolling\" style=\"--awb-border-radius-top-left:0px;--awb-border-radius-top-right:0px;--awb-border-radius-bottom-right:0px;--awb-border-radius-bottom-left:0px;--awb-flex-wrap:wrap;\" ><div class=\"fusion-builder-row fusion-row fusion-flex-align-items-flex-start fusion-flex-content-wrap\" style=\"max-width:1248px;margin-left: calc(-4% \/ 2 );margin-right: calc(-4% \/ 2 );\"><div class=\"fusion-layout-column fusion_builder_column fusion-builder-column-0 fusion_builder_column_1_1 1_1 fusion-flex-column\" style=\"--awb-bg-size:cover;--awb-width-large:100%;--awb-margin-top-large:0px;--awb-spacing-right-large:1.92%;--awb-margin-bottom-large:10px;--awb-spacing-left-large:1.92%;--awb-width-medium:100%;--awb-order-medium:0;--awb-spacing-right-medium:1.92%;--awb-spacing-left-medium:1.92%;--awb-width-small:100%;--awb-order-small:0;--awb-spacing-right-small:1.92%;--awb-spacing-left-small:1.92%;\"><div class=\"fusion-column-wrapper fusion-column-has-shadow fusion-flex-justify-content-flex-start fusion-content-layout-column\"><div class=\"fusion-title title fusion-title-1 fusion-sep-none fusion-title-text fusion-title-size-one\" style=\"--awb-margin-top:0px;--awb-font-size:38px;\"><h1 class=\"fusion-title-heading title-heading-left fusion-responsive-typography-calculated\" style=\"margin:0;font-size:1em;--fontSize:38;line-height:1.3;\">Loca\u021bia pentru Simpozionul EURO-UIC din acest an este Viena!<\/h1><\/div><div class=\"fusion-text fusion-text-1\"><p><strong>Anul acesta AIC organizeaz\u0103 cel de-al 14-lea simpozion al EURO-UIC, Asocia\u021bia European\u0103 a Utilizatorilor de Implanturi Cochleare, la Viena. V\u0103 invit\u0103m s\u0103 face\u021bi parte din acesta!<\/strong><\/p>\n<\/div><div class=\"fusion-image-element \" style=\"--awb-caption-title-font-family:var(--h2_typography-font-family);--awb-caption-title-font-weight:var(--h2_typography-font-weight);--awb-caption-title-font-style:var(--h2_typography-font-style);--awb-caption-title-size:var(--h2_typography-font-size);--awb-caption-title-transform:var(--h2_typography-text-transform);--awb-caption-title-line-height:var(--h2_typography-line-height);--awb-caption-title-letter-spacing:var(--h2_typography-letter-spacing);\"><span class=\" fusion-imageframe imageframe-none imageframe-1 hover-type-none\"><img decoding=\"async\" width=\"1200\" height=\"558\" title=\"Wien-1200&#215;558\" src=\"https:\/\/lifelonghearing.com\/ro\/wp-content\/uploads\/sites\/5\/2024\/01\/Wien-1200x558-1.png\" data-orig-src=\"https:\/\/lifelonghearing.com\/ro\/wp-content\/uploads\/sites\/5\/2024\/01\/Wien-1200x558-1.png\" alt class=\"lazyload img-responsive wp-image-31767\" srcset=\"data:image\/svg+xml,%3Csvg%20xmlns%3D%27http%3A%2F%2Fwww.w3.org%2F2000%2Fsvg%27%20width%3D%271200%27%20height%3D%27558%27%20viewBox%3D%270%200%201200%20558%27%3E%3Crect%20width%3D%271200%27%20height%3D%27558%27%20fill-opacity%3D%220%22%2F%3E%3C%2Fsvg%3E\" data-srcset=\"https:\/\/lifelonghearing.com\/ro\/wp-content\/uploads\/sites\/5\/2024\/01\/Wien-1200x558-1-200x93.png 200w, https:\/\/lifelonghearing.com\/ro\/wp-content\/uploads\/sites\/5\/2024\/01\/Wien-1200x558-1-400x186.png 400w, https:\/\/lifelonghearing.com\/ro\/wp-content\/uploads\/sites\/5\/2024\/01\/Wien-1200x558-1-600x279.png 600w, https:\/\/lifelonghearing.com\/ro\/wp-content\/uploads\/sites\/5\/2024\/01\/Wien-1200x558-1-800x372.png 800w, https:\/\/lifelonghearing.com\/ro\/wp-content\/uploads\/sites\/5\/2024\/01\/Wien-1200x558-1.png 1200w\" data-sizes=\"auto\" data-orig-sizes=\"(max-width: 1024px) 100vw, (max-width: 640px) 100vw, 1200px\" \/><\/span><\/div><\/div><\/div><\/div><\/div><div class=\"fusion-fullwidth fullwidth-box fusion-builder-row-2 fusion-flex-container nonhundred-percent-fullwidth non-hundred-percent-height-scrolling\" style=\"--awb-border-radius-top-left:0px;--awb-border-radius-top-right:0px;--awb-border-radius-bottom-right:0px;--awb-border-radius-bottom-left:0px;--awb-flex-wrap:wrap;\" ><div class=\"fusion-builder-row fusion-row fusion-flex-align-items-flex-start fusion-flex-content-wrap\" style=\"max-width:1248px;margin-left: calc(-4% \/ 2 );margin-right: calc(-4% \/ 2 );\"><div class=\"fusion-layout-column fusion_builder_column fusion-builder-column-1 fusion_builder_column_1_1 1_1 fusion-flex-column\" style=\"--awb-bg-size:cover;--awb-width-large:100%;--awb-margin-top-large:0px;--awb-spacing-right-large:1.92%;--awb-margin-bottom-large:0px;--awb-spacing-left-large:1.92%;--awb-width-medium:100%;--awb-spacing-right-medium:1.92%;--awb-spacing-left-medium:1.92%;--awb-width-small:100%;--awb-spacing-right-small:1.92%;--awb-spacing-left-small:1.92%;\"><div class=\"fusion-column-wrapper fusion-flex-justify-content-flex-start fusion-content-layout-column\"><div class=\"fusion-text fusion-text-2\"><p>Asocia\u021bia European\u0103 a Utilizatorilor de IC, cunoscut\u0103 \u0219i sub numele de EURO-UIC, a fost \u00eenfiin\u021bat\u0103 \u00een 1995. AIC a fost una dintre membrii fondatori. Misiunea EURO-UIC este de a u\u0219ura accesul la implanturile cohleare prin intermediul educa\u021biei \u0219i a cercet\u0103rii pentru cet\u0103\u021benii europeni care ar putea beneficia de IC.<\/p>\n<p>\u00cen prezent 33 de asocia\u021bii din 25 de \u021b\u0103ri sunt membre ale EURO-UIC, la fel ca \u0219i numeroase persoane fizice. O dat\u0103 la doi ani asocia\u021bia de la nivel european organizeaz\u0103 un simpozion \u00een cadrul c\u0103ruia exper\u021bii medicali \u0219i din domeniul \u0219tiin\u021bific, precum \u0219i utilizatorii de IC au ocazia de a-\u0219i \u00eemp\u0103rt\u0103\u0219i impresiile. Ca de fiecare dat\u0103, simpozionul are loc \u00eentr-o alt\u0103 \u021bar\u0103 european\u0103, iar anul acesta, \u00een data de 5 aprilie 2024, va avea loc la Viena.<\/p>\n<h2>Medicin\u0103, reabilitare auditiv\u0103 \u0219i via\u021ba de zi cu zi cu ajutorul IC<\/h2>\n<p>Programul simpozionului din acest an, intitulat \"Pa\u0219ii pe drumul spre auz cu ajutorul IC\", include prezent\u0103ri ale exper\u021bilor \u00een implantare cohlear\u0103 \u0219i reabilitare, m\u0103rturii ale utilizatorilor de IC - inclusiv ale unor membri CIA - \u0219i grupuri de discu\u021bii mixte. Printre subiectele abordate se num\u0103r\u0103 screening-ul auditiv, indica\u021biile pentru implantarea cohlear\u0103, muzica, problemele de reabilitare, provoc\u0103rile zilnice cu un IC \u0219i posibilele solu\u021bii la aceste provoc\u0103ri.<\/p>\n<p>Simpozionul \u0219i programul aferent sunt deschise tuturor celor interesa\u021bi. Taxa de \u00eenscriere la simpozion se limiteaz\u0103 la costul r\u0103coritoarelor din timpul pauzelor, iar programul suplimentar este accesibil printr-o plat\u0103 suplimentar\u0103.<\/p>\n<\/div><div class=\"fusion-separator fusion-full-width-sep\" style=\"align-self: center;margin-left: auto;margin-right: auto;width:100%;\"><\/div><div class=\"fusion-reading-box-container reading-box-container-1\" style=\"--awb-title-color:#3d3b3b;--awb-margin-top:0px;--awb-margin-bottom:84px;\"><div class=\"reading-box\" style=\"background-color:#ffffff;border-width:1px;border-color:#e0dede;border-left-width:3px;border-left-color:var(--primary_color);border-style:solid;\"><h2> <\/h2><div class=\"reading-box-description fusion-reading-box-additional\"> <\/div><div class=\"reading-box-additional\">\n<h3><img decoding=\"async\" class=\"lazyload wp-image-25419 size-full aligncenter\" src=\"data:image\/svg+xml,%3Csvg%20xmlns%3D%27http%3A%2F%2Fwww.w3.org%2F2000%2Fsvg%27%20width%3D%272362%27%20height%3D%27591%27%20viewBox%3D%270%200%202362%20591%27%3E%3Crect%20width%3D%272362%27%20height%3D%27591%27%20fill-opacity%3D%220%22%2F%3E%3C%2Fsvg%3E\" data-orig-src=\"https:\/\/lifelonghearing.com\/wp-content\/uploads\/2024\/01\/MicrosoftTeams-image.png\" alt=\"\" width=\"2362\" height=\"591\" \/><\/h3>\n<h3>\u00cenregistra\u021bi-v\u0103 acum! Asigura\u021bi-v\u0103 o camer\u0103!<\/h3>\n<p>Simpozionul g\u0103zduit de AIC va avea loc pe 5 aprilie 2024 la Viena, la hotelul Novotel Hauptbahnhof, unde va avea loc o festivitate de primire pe 4 aprilie. Programul detaliat \u0219i formularul de \u00eenscriere pot fi g\u0103site pe <a href=\"https:\/\/eurociu2024.com\">https:\/\/eurociu2024.com<\/a>.<\/p>\n<p>Pentru participan\u021bii care au o c\u0103l\u0103torie mai lung\u0103, sunt disponibile \u0219i dou\u0103 recomand\u0103ri de hoteluri pentru o noapte de cazare. Acolo sunt rezervate camere pentru participan\u021bii la simpozion p\u00e2n\u0103 la data de 22 februarie 2024. A\u0219adar, nu pierde\u021bi ocazia de a v\u0103 rezerva locul de cazare! A\u0219tept\u0103m cu ner\u0103bdare vizita dumneavoastr\u0103!<\/p>\n<\/div><div class=\"fusion-clearfix\"><\/div><\/div><\/div><\/div><\/div><\/div><\/div><\/p>\n","protected":false},"excerpt":{"rendered":"","protected":false},"author":2,"featured_media":31767,"comment_status":"open","ping_status":"open","sticky":false,"template":"","format":"standard","meta":{"_acf_changed":false,"footnotes":""},"categories":[449],"tags":[],"class_list":["post-25409","post","type-post","status-publish","format-standard","has-post-thumbnail","hentry","category-sanatate"],"yoast_head":"<!-- This site is optimized with the Yoast SEO plugin v24.3 - https:\/\/yoast.com\/wordpress\/plugins\/seo\/ -->\n<title>Loca\u021bia pentru Simpozionul EURO-UIC din acest an este Viena! - Romanian<\/title>\n<meta name=\"description\" content=\"This year, CIA is organizing the 14th symposium of the EURO-CIU, the European Association of Cochlear Implant Users, in Vienna.\" \/>\n<meta name=\"robots\" content=\"index, follow, max-snippet:-1, max-image-preview:large, max-video-preview:-1\" \/>\n<link rel=\"canonical\" href=\"https:\/\/lifelonghearing.com\/ro\/locatia-pentru-simpozionul-euro-uic-din-acest-an-este-viena\/\" \/>\n<meta property=\"og:locale\" content=\"en_US\" \/>\n<meta property=\"og:type\" content=\"article\" \/>\n<meta property=\"og:title\" content=\"Loca\u021bia pentru Simpozionul EURO-UIC din acest an este Viena! - Romanian\" \/>\n<meta property=\"og:description\" content=\"This year, CIA is organizing the 14th symposium of the EURO-CIU, the European Association of Cochlear Implant Users, in Vienna.\" \/>\n<meta property=\"og:url\" content=\"https:\/\/lifelonghearing.com\/ro\/locatia-pentru-simpozionul-euro-uic-din-acest-an-este-viena\/\" \/>\n<meta property=\"og:site_name\" content=\"Romanian\" \/>\n<meta property=\"article:published_time\" content=\"2024-01-30T11:33:26+00:00\" \/>\n<meta property=\"article:modified_time\" content=\"2025-05-15T11:17:54+00:00\" \/>\n<meta property=\"og:image\" content=\"https:\/\/lifelonghearing.com\/ro\/wp-content\/uploads\/sites\/5\/2024\/01\/Wien-1200x558-1.png\" \/>\n\t<meta property=\"og:image:width\" content=\"1200\" \/>\n\t<meta property=\"og:image:height\" content=\"558\" \/>\n\t<meta property=\"og:image:type\" content=\"image\/png\" \/>\n<meta name=\"author\" content=\"lifelonghearadmin\" \/>\n<meta name=\"twitter:card\" content=\"summary_large_image\" \/>\n<meta name=\"twitter:label1\" content=\"Written by\" \/>\n\t<meta name=\"twitter:data1\" content=\"lifelonghearadmin\" \/>\n\t<meta name=\"twitter:label2\" content=\"Est. reading time\" \/>\n\t<meta name=\"twitter:data2\" content=\"3 minutes\" \/>\n<script type=\"application\/ld+json\" class=\"yoast-schema-graph\">{\"@context\":\"https:\/\/schema.org\",\"@graph\":[{\"@type\":\"WebPage\",\"@id\":\"https:\/\/lifelonghearing.com\/ro\/locatia-pentru-simpozionul-euro-uic-din-acest-an-este-viena\/\",\"url\":\"https:\/\/lifelonghearing.com\/ro\/locatia-pentru-simpozionul-euro-uic-din-acest-an-este-viena\/\",\"name\":\"Loca\u021bia pentru Simpozionul EURO-UIC din acest an este Viena! - Romanian\",\"isPartOf\":{\"@id\":\"https:\/\/lifelonghearing.com\/ro\/#website\"},\"primaryImageOfPage\":{\"@id\":\"https:\/\/lifelonghearing.com\/ro\/locatia-pentru-simpozionul-euro-uic-din-acest-an-este-viena\/#primaryimage\"},\"image\":{\"@id\":\"https:\/\/lifelonghearing.com\/ro\/locatia-pentru-simpozionul-euro-uic-din-acest-an-este-viena\/#primaryimage\"},\"thumbnailUrl\":\"https:\/\/lifelonghearing.com\/ro\/wp-content\/uploads\/sites\/5\/2024\/01\/Wien-1200x558-1.png\",\"datePublished\":\"2024-01-30T11:33:26+00:00\",\"dateModified\":\"2025-05-15T11:17:54+00:00\",\"author\":{\"@id\":\"https:\/\/lifelonghearing.com\/ro\/#\/schema\/person\/f8b757daaeff08ac5d86fd76d4b65bb7\"},\"description\":\"This year, CIA is organizing the 14th symposium of the EURO-CIU, the European Association of Cochlear Implant Users, in Vienna.\",\"breadcrumb\":{\"@id\":\"https:\/\/lifelonghearing.com\/ro\/locatia-pentru-simpozionul-euro-uic-din-acest-an-este-viena\/#breadcrumb\"},\"inLanguage\":\"en-US\",\"potentialAction\":[{\"@type\":\"ReadAction\",\"target\":[\"https:\/\/lifelonghearing.com\/ro\/locatia-pentru-simpozionul-euro-uic-din-acest-an-este-viena\/\"]}]},{\"@type\":\"ImageObject\",\"inLanguage\":\"en-US\",\"@id\":\"https:\/\/lifelonghearing.com\/ro\/locatia-pentru-simpozionul-euro-uic-din-acest-an-este-viena\/#primaryimage\",\"url\":\"https:\/\/lifelonghearing.com\/ro\/wp-content\/uploads\/sites\/5\/2024\/01\/Wien-1200x558-1.png\",\"contentUrl\":\"https:\/\/lifelonghearing.com\/ro\/wp-content\/uploads\/sites\/5\/2024\/01\/Wien-1200x558-1.png\",\"width\":1200,\"height\":558},{\"@type\":\"BreadcrumbList\",\"@id\":\"https:\/\/lifelonghearing.com\/ro\/locatia-pentru-simpozionul-euro-uic-din-acest-an-este-viena\/#breadcrumb\",\"itemListElement\":[{\"@type\":\"ListItem\",\"position\":1,\"name\":\"Home\",\"item\":\"https:\/\/lifelonghearing.com\/ro\/\"},{\"@type\":\"ListItem\",\"position\":2,\"name\":\"Loca\u021bia pentru Simpozionul EURO-UIC din acest an este Viena!\"}]},{\"@type\":\"WebSite\",\"@id\":\"https:\/\/lifelonghearing.com\/ro\/#website\",\"url\":\"https:\/\/lifelonghearing.com\/ro\/\",\"name\":\"Romanian\",\"description\":\"\",\"potentialAction\":[{\"@type\":\"SearchAction\",\"target\":{\"@type\":\"EntryPoint\",\"urlTemplate\":\"https:\/\/lifelonghearing.com\/ro\/?s={search_term_string}\"},\"query-input\":{\"@type\":\"PropertyValueSpecification\",\"valueRequired\":true,\"valueName\":\"search_term_string\"}}],\"inLanguage\":\"en-US\"},{\"@type\":\"Person\",\"@id\":\"https:\/\/lifelonghearing.com\/ro\/#\/schema\/person\/f8b757daaeff08ac5d86fd76d4b65bb7\",\"name\":\"lifelonghearadmin\",\"image\":{\"@type\":\"ImageObject\",\"inLanguage\":\"en-US\",\"@id\":\"https:\/\/lifelonghearing.com\/ro\/#\/schema\/person\/image\/\",\"url\":\"https:\/\/secure.gravatar.com\/avatar\/6fa8982be4f6fc035221785630430277?s=96&d=mm&r=g\",\"contentUrl\":\"https:\/\/secure.gravatar.com\/avatar\/6fa8982be4f6fc035221785630430277?s=96&d=mm&r=g\",\"caption\":\"lifelonghearadmin\"},\"url\":\"https:\/\/lifelonghearing.com\/ro\/author\/lifelonghearadmin\/\"}]}<\/script>\n<!-- \/ Yoast SEO plugin. -->","yoast_head_json":{"title":"Loca\u021bia pentru Simpozionul EURO-UIC din acest an este Viena! - Romanian","description":"This year, CIA is organizing the 14th symposium of the EURO-CIU, the European Association of Cochlear Implant Users, in Vienna.","robots":{"index":"index","follow":"follow","max-snippet":"max-snippet:-1","max-image-preview":"max-image-preview:large","max-video-preview":"max-video-preview:-1"},"canonical":"https:\/\/lifelonghearing.com\/ro\/locatia-pentru-simpozionul-euro-uic-din-acest-an-este-viena\/","og_locale":"en_US","og_type":"article","og_title":"Loca\u021bia pentru Simpozionul EURO-UIC din acest an este Viena! - Romanian","og_description":"This year, CIA is organizing the 14th symposium of the EURO-CIU, the European Association of Cochlear Implant Users, in Vienna.","og_url":"https:\/\/lifelonghearing.com\/ro\/locatia-pentru-simpozionul-euro-uic-din-acest-an-este-viena\/","og_site_name":"Romanian","article_published_time":"2024-01-30T11:33:26+00:00","article_modified_time":"2025-05-15T11:17:54+00:00","og_image":[{"width":1200,"height":558,"url":"https:\/\/lifelonghearing.com\/ro\/wp-content\/uploads\/sites\/5\/2024\/01\/Wien-1200x558-1.png","type":"image\/png"}],"author":"lifelonghearadmin","twitter_card":"summary_large_image","twitter_misc":{"Written by":"lifelonghearadmin","Est. reading time":"3 minutes"},"schema":{"@context":"https:\/\/schema.org","@graph":[{"@type":"WebPage","@id":"https:\/\/lifelonghearing.com\/ro\/locatia-pentru-simpozionul-euro-uic-din-acest-an-este-viena\/","url":"https:\/\/lifelonghearing.com\/ro\/locatia-pentru-simpozionul-euro-uic-din-acest-an-este-viena\/","name":"Loca\u021bia pentru Simpozionul EURO-UIC din acest an este Viena! - Romanian","isPartOf":{"@id":"https:\/\/lifelonghearing.com\/ro\/#website"},"primaryImageOfPage":{"@id":"https:\/\/lifelonghearing.com\/ro\/locatia-pentru-simpozionul-euro-uic-din-acest-an-este-viena\/#primaryimage"},"image":{"@id":"https:\/\/lifelonghearing.com\/ro\/locatia-pentru-simpozionul-euro-uic-din-acest-an-este-viena\/#primaryimage"},"thumbnailUrl":"https:\/\/lifelonghearing.com\/ro\/wp-content\/uploads\/sites\/5\/2024\/01\/Wien-1200x558-1.png","datePublished":"2024-01-30T11:33:26+00:00","dateModified":"2025-05-15T11:17:54+00:00","author":{"@id":"https:\/\/lifelonghearing.com\/ro\/#\/schema\/person\/f8b757daaeff08ac5d86fd76d4b65bb7"},"description":"This year, CIA is organizing the 14th symposium of the EURO-CIU, the European Association of Cochlear Implant Users, in Vienna.","breadcrumb":{"@id":"https:\/\/lifelonghearing.com\/ro\/locatia-pentru-simpozionul-euro-uic-din-acest-an-este-viena\/#breadcrumb"},"inLanguage":"en-US","potentialAction":[{"@type":"ReadAction","target":["https:\/\/lifelonghearing.com\/ro\/locatia-pentru-simpozionul-euro-uic-din-acest-an-este-viena\/"]}]},{"@type":"ImageObject","inLanguage":"en-US","@id":"https:\/\/lifelonghearing.com\/ro\/locatia-pentru-simpozionul-euro-uic-din-acest-an-este-viena\/#primaryimage","url":"https:\/\/lifelonghearing.com\/ro\/wp-content\/uploads\/sites\/5\/2024\/01\/Wien-1200x558-1.png","contentUrl":"https:\/\/lifelonghearing.com\/ro\/wp-content\/uploads\/sites\/5\/2024\/01\/Wien-1200x558-1.png","width":1200,"height":558},{"@type":"BreadcrumbList","@id":"https:\/\/lifelonghearing.com\/ro\/locatia-pentru-simpozionul-euro-uic-din-acest-an-este-viena\/#breadcrumb","itemListElement":[{"@type":"ListItem","position":1,"name":"Home","item":"https:\/\/lifelonghearing.com\/ro\/"},{"@type":"ListItem","position":2,"name":"Loca\u021bia pentru Simpozionul EURO-UIC din acest an este Viena!"}]},{"@type":"WebSite","@id":"https:\/\/lifelonghearing.com\/ro\/#website","url":"https:\/\/lifelonghearing.com\/ro\/","name":"Romanian","description":"","potentialAction":[{"@type":"SearchAction","target":{"@type":"EntryPoint","urlTemplate":"https:\/\/lifelonghearing.com\/ro\/?s={search_term_string}"},"query-input":{"@type":"PropertyValueSpecification","valueRequired":true,"valueName":"search_term_string"}}],"inLanguage":"en-US"},{"@type":"Person","@id":"https:\/\/lifelonghearing.com\/ro\/#\/schema\/person\/f8b757daaeff08ac5d86fd76d4b65bb7","name":"lifelonghearadmin","image":{"@type":"ImageObject","inLanguage":"en-US","@id":"https:\/\/lifelonghearing.com\/ro\/#\/schema\/person\/image\/","url":"https:\/\/secure.gravatar.com\/avatar\/6fa8982be4f6fc035221785630430277?s=96&d=mm&r=g","contentUrl":"https:\/\/secure.gravatar.com\/avatar\/6fa8982be4f6fc035221785630430277?s=96&d=mm&r=g","caption":"lifelonghearadmin"},"url":"https:\/\/lifelonghearing.com\/ro\/author\/lifelonghearadmin\/"}]}},"acf":[],"_links":{"self":[{"href":"https:\/\/lifelonghearing.com\/ro\/wp-json\/wp\/v2\/posts\/25409","targetHints":{"allow":["GET"]}}],"collection":[{"href":"https:\/\/lifelonghearing.com\/ro\/wp-json\/wp\/v2\/posts"}],"about":[{"href":"https:\/\/lifelonghearing.com\/ro\/wp-json\/wp\/v2\/types\/post"}],"author":[{"embeddable":true,"href":"https:\/\/lifelonghearing.com\/ro\/wp-json\/wp\/v2\/users\/2"}],"replies":[{"embeddable":true,"href":"https:\/\/lifelonghearing.com\/ro\/wp-json\/wp\/v2\/comments?post=25409"}],"version-history":[{"count":4,"href":"https:\/\/lifelonghearing.com\/ro\/wp-json\/wp\/v2\/posts\/25409\/revisions"}],"predecessor-version":[{"id":32386,"href":"https:\/\/lifelonghearing.com\/ro\/wp-json\/wp\/v2\/posts\/25409\/revisions\/32386"}],"wp:featuredmedia":[{"embeddable":true,"href":"https:\/\/lifelonghearing.com\/ro\/wp-json\/wp\/v2\/media\/31767"}],"wp:attachment":[{"href":"https:\/\/lifelonghearing.com\/ro\/wp-json\/wp\/v2\/media?parent=25409"}],"wp:term":[{"taxonomy":"category","embeddable":true,"href":"https:\/\/lifelonghearing.com\/ro\/wp-json\/wp\/v2\/categories?post=25409"},{"taxonomy":"post_tag","embeddable":true,"href":"https:\/\/lifelonghearing.com\/ro\/wp-json\/wp\/v2\/tags?post=25409"}],"curies":[{"name":"wp","href":"https:\/\/api.w.org\/{rel}","templated":true}]}}