{"id":228,"date":"2020-06-03T14:27:33","date_gmt":"2020-06-03T12:27:33","guid":{"rendered":"https:\/\/lifelonghearing.com\/?p=228"},"modified":"2025-05-15T12:02:22","modified_gmt":"2025-05-15T12:02:22","slug":"un-muzician-cu-ci-si-aparat-auditiv","status":"publish","type":"post","link":"https:\/\/lifelonghearing.com\/ro\/un-muzician-cu-ci-si-aparat-auditiv\/","title":{"rendered":"Un muzician cu CI \u0219i aparat auditiv"},"content":{"rendered":"<div class=\"fusion-fullwidth fullwidth-box fusion-builder-row-1 fusion-flex-container nonhundred-percent-fullwidth non-hundred-percent-height-scrolling\" style=\"--awb-border-radius-top-left:0px;--awb-border-radius-top-right:0px;--awb-border-radius-bottom-right:0px;--awb-border-radius-bottom-left:0px;--awb-flex-wrap:wrap;\" ><div class=\"fusion-builder-row fusion-row fusion-flex-align-items-flex-start fusion-flex-content-wrap\" style=\"max-width:1248px;margin-left: calc(-4% \/ 2 );margin-right: calc(-4% \/ 2 );\"><div class=\"fusion-layout-column fusion_builder_column fusion-builder-column-0 fusion_builder_column_1_1 1_1 fusion-flex-column\" style=\"--awb-bg-size:cover;--awb-width-large:100%;--awb-margin-top-large:10px;--awb-spacing-right-large:1.92%;--awb-margin-bottom-large:10px;--awb-spacing-left-large:1.92%;--awb-width-medium:100%;--awb-order-medium:0;--awb-spacing-right-medium:1.92%;--awb-spacing-left-medium:1.92%;--awb-width-small:100%;--awb-order-small:0;--awb-spacing-right-small:1.92%;--awb-spacing-left-small:1.92%;\"><div class=\"fusion-column-wrapper fusion-column-has-shadow fusion-flex-justify-content-flex-start fusion-content-layout-column\"><div class=\"fusion-image-element \" style=\"--awb-caption-title-font-family:var(--h2_typography-font-family);--awb-caption-title-font-weight:var(--h2_typography-font-weight);--awb-caption-title-font-style:var(--h2_typography-font-style);--awb-caption-title-size:var(--h2_typography-font-size);--awb-caption-title-transform:var(--h2_typography-text-transform);--awb-caption-title-line-height:var(--h2_typography-line-height);--awb-caption-title-letter-spacing:var(--h2_typography-letter-spacing);\"><span class=\" fusion-imageframe imageframe-none imageframe-1 hover-type-none\"><img decoding=\"async\" width=\"1200\" height=\"481\" title=\"thumb-walter-1200&#215;481\" src=\"https:\/\/lifelonghearing.com\/ro\/wp-content\/uploads\/sites\/5\/2020\/06\/thumb-walter-1200x481-1.jpg\" data-orig-src=\"https:\/\/lifelonghearing.com\/ro\/wp-content\/uploads\/sites\/5\/2020\/06\/thumb-walter-1200x481-1.jpg\" alt class=\"lazyload img-responsive wp-image-32069\" srcset=\"data:image\/svg+xml,%3Csvg%20xmlns%3D%27http%3A%2F%2Fwww.w3.org%2F2000%2Fsvg%27%20width%3D%271200%27%20height%3D%27481%27%20viewBox%3D%270%200%201200%20481%27%3E%3Crect%20width%3D%271200%27%20height%3D%27481%27%20fill-opacity%3D%220%22%2F%3E%3C%2Fsvg%3E\" data-srcset=\"https:\/\/lifelonghearing.com\/ro\/wp-content\/uploads\/sites\/5\/2020\/06\/thumb-walter-1200x481-1-200x80.jpg 200w, https:\/\/lifelonghearing.com\/ro\/wp-content\/uploads\/sites\/5\/2020\/06\/thumb-walter-1200x481-1-400x160.jpg 400w, https:\/\/lifelonghearing.com\/ro\/wp-content\/uploads\/sites\/5\/2020\/06\/thumb-walter-1200x481-1-600x241.jpg 600w, https:\/\/lifelonghearing.com\/ro\/wp-content\/uploads\/sites\/5\/2020\/06\/thumb-walter-1200x481-1-800x321.jpg 800w, https:\/\/lifelonghearing.com\/ro\/wp-content\/uploads\/sites\/5\/2020\/06\/thumb-walter-1200x481-1.jpg 1200w\" data-sizes=\"auto\" data-orig-sizes=\"(max-width: 1024px) 100vw, (max-width: 640px) 100vw, 1200px\" \/><\/span><\/div><div class=\"fusion-text fusion-text-1\"><p><strong> Muzicianul Walter Widler hobby-ul \u0219i pasiunea sa de-a lungul vie\u021bii pentru muzic\u0103. <\/strong><strong>Hipoacuzia nu l-a oprit. <\/strong><strong> Austriacul Walter Widler de la divertismentul oamenilor la petreceri \u0219i evenimente cu trupele sale muzicale. <\/strong><\/p>\n<p>Toate locurile din sala mare de concerte din Viena au fost epuizate. Muzica se estompeaz\u0103. C\u00e2nd Walter Widler isi d\u0103 jos arcul din corzile viorii sale \u0219i se \u00eenclin\u0103 \u00een fa\u021ba publicului, nu numai lemnul \u00eentunecat al viorii sale str\u0103luce\u0219te, ci \u0219i procesorul audio \u00eentunecat din spatele urechii lui Walter, cel care \u00eei permite, in primul r\u00e2nd, s\u0103-\u0219i aud\u0103 muzica.<\/p>\n<p>Walter s-a n\u0103scut \u00eentr-o familie de muzicieni. Fiecare copil c\u00e2nta la cel pu\u021bin un instrument. A \u00eenceput s\u0103 c\u00e2nte la vioar\u0103 la v\u00e2rsta de zece ani. \u201eAm vrut asta cu at\u00e2ta disperare incat mi-am deranjat p\u0103rin\u021bii p\u00e2n\u0103 c\u00e2nd \u00een cele din urm\u0103 mi s-a permis s\u0103 iau lec\u021bii de vioar\u0103\u201d, \u00ee\u0219i aminte\u0219te Walter. \u00cenv\u0103\u021base s\u0103 se joace cu reportofonul c\u00e2nd era mai mic, \u00een ciuda pierderii de auz pe care o dob\u00e2ndise \u00een copil\u0103rie. Dar ascult\u00e2nd-o pe mama sa c\u00e2nt\u00e2nd la vioar\u0103 \u00eei treze\u0219te pasiunea pentru acest instrument. El a primit primul aparat auditiv la v\u00e2rsta de doisprezece ani. Acest fapt nu l-a oprit s\u0103 devin\u0103 student la vioar\u0103, fiind apreciat \u00een \u0219coala sa local\u0103 de muzic\u0103. \u00cei pl\u0103cea s\u0103 c\u00e2nte at\u00e2t ca solist, c\u00e2t \u0219i \u00een orchestr\u0103. Vioara nu a fost singurul instrument la care t\u00e2n\u0103rul a \u00eenv\u0103\u021bat s\u0103 c\u00e2nte. El a ad\u0103ugat viola, saxofonul \u0219i chitara. \u0218i a \u00eenceput s\u0103 c\u00e2nte: \u201eSunt un bariton-bas\u201d. Fa\u021ba lui se lumina c\u00e2nd vorbea despre muzic\u0103.<\/p>\n<p><strong>R\u0103mas bun muzicii<\/strong><\/p>\n<p>Amintirea anului 2002 face ca z\u00e2mbetul lui Walter s\u0103 dispar\u0103. A fost un an dureros pentru el. Dup\u0103 mai multe crize de pierdere brusc\u0103 a auzului, el a trebuit s\u0103 recunoasc\u0103 faptul c\u0103 nu i-a mai r\u0103mas suficient rest de auz pentru cele dou\u0103 aparate auditive. \u00cen\u021belegerea vorbirii a cel mult 30% a f\u0103cut comunicarea aproape imposibil\u0103 pentru acest om vesel.<\/p>\n<p>C\u00e2nd forma\u021biile sale c\u00e2ntau, el st\u0103tea \u00een public, dar &#8220;M\u0103 sim\u021beam ca un str\u0103in. Ascultam, dar nu auzeam nimic. M\u0103 sim\u021beam incredibil de trist c\u0103 nu mai puteam c\u00e2nta&#8221;. Odat\u0103 cu pierderea auzului, Walter \u0219i-a pierdut \u0219i independen\u021ba \u00een via\u021ba de zi cu zi. \u201eC\u00e2nd eram singur acas\u0103, nu puteam auzi soneria sau telefonul\u201d.<\/p>\n<p><strong>\u00cenapoi la leag\u0103nul vie\u021bii<\/strong><\/p>\n<p>Walter a tr\u0103it \u00een t\u0103cere doi ani. Apoi, un coleg i-a recomandat ob\u021binerea unui implant cohlear. \u201eDe ce nu?\u201d, s-a g\u00e2ndit Walter. &#8220;Lucrurile pot doar sa se \u00eembun\u0103t\u0103\u021beasc\u0103.&#8221; Implantul a fost singura \u0219ans\u0103 a lui Walter de a comunica \u0219i de a face din nou muzic\u0103. \u0218i nu numai c\u0103 i-a redat auzul, ci \u0219i \u00eencrederea \u00een sine. \u201eC\u00e2nd eram surd, mi-a fost \u00eentotdeauna team\u0103 c\u0103 a\u0219 putea \u00een\u021belege ceva gre\u0219it. Sau s\u0103 nu aud deloc oamenii. Eram \u00eengrijorat c\u0103 s-ar putea s\u0103 m\u0103 considere arogant &#8220;. Auzul s\u0103u nou \u0219i mai bun i-a afectat via\u021ba social\u0103 \u00eentr-un mod pozitiv. \u0218i muzica lui.<\/p>\n<p>\u201eDup\u0103 ce am primit implantul cohlear, a durat ceva timp p\u00e2n\u0103 am ajuns din nou la un nivel acceptabil \u00een muzic\u0103\u201d, \u0219i-a amintit Walter. Reabilitarea \u00een spital \u0219i acas\u0103 cu so\u021bia sa au fost primii pa\u0219i c\u0103tre reluarea muzicii. Reglarea procesorului s\u0103u audio a reprezentat un alt pas c\u0103tre succes: \u201eNu am renun\u021bat p\u00e2n\u0103 nu am fost mul\u021bumit de calitatea sunetului\u201d.<\/p>\n<p>Vioara \u0219i viola sunt extrem de provocatoare pentru auzul fiec\u0103rui muzician. Nu au semne\/marcaje pe tastier\u0103 care s\u0103 ajute s\u0103 g\u0103se\u0219ti pozi\u021bia corect\u0103 a degetelor. Singura modalitate de a verifica tonul este auzind-l. &#8220;\u00cel verific cu implantul meu cohlear. De c\u00e2nd am \u00eenceput s\u0103 folosesc programul meu special de muzic\u0103, 99% din toate tonurile sunt corecte.&#8221;<\/p>\n<p><strong>Combina\u021bia perfect\u0103<\/strong><\/p>\n<p>\u201eA auzi bine este esen\u021bial pentru mine atunci c\u00e2nd c\u00e2nt al\u0103turi de instrumente de suflat\u201d, explic\u0103 Walter. Acum el c\u00e2nt\u0103 \u00een trei forma\u021bii folk diferite. Nu folose\u0219te foi muzicale\/partituri, ci interpreteaz\u0103 totul pe de rost. \u0218i transpune folosindu-\u0219i auzul. &#8220;Vioara este acordat\u0103 \u00een C, clarinetul \u00een B. Trebuie s\u0103 transpun \u0219i s\u0103 aud dac\u0103 sun\u0103 bine ceea ce c\u00e2nt.&#8221; C\u00e2nd acompaniaz\u0103 un cor, un grup vocal sau un grup de armonici cu chitara, el trebuie s\u0103 recunoasc\u0103 un al \u0219aptelea dominant \u0219i s\u0103 identifice corzile \u0219i tonurile corecte. \u201eVreau s\u0103 simt \u0219i s\u0103 aud ce face o pies\u0103 muzical\u0103\u201d.<\/p>\n<p>Combina\u021bia perfect\u0103 de instrumente este posibil\u0103 cu combina\u021bia perfect\u0103 de sisteme auditive ale lui Walter. \u201e\u00cen partea st\u00e2ng\u0103 pot auzi doar tonuri joase care sunt amplificate de aparatul meu auditiv. Aceasta este o informa\u021bie sonor\u0103 important\u0103 pentru un muzician.\u201e Dar \u201d, adaug\u0103 el,\u201e f\u0103r\u0103 implantul meu cohlear a\u0219 fi pierdut, nu numai \u00een muzic\u0103. &#8221;<\/p>\n<\/div><\/div><\/div><\/div><\/div>\n","protected":false},"excerpt":{"rendered":"<p>Muzicianul Walter Widler (utilizator CI) hobby-ul \u0219i pasiunea sa de-a lungul vie\u021bii pentru muzic\u0103.<\/p>\n","protected":false},"author":5,"featured_media":32069,"comment_status":"open","ping_status":"open","sticky":false,"template":"","format":"standard","meta":{"_acf_changed":false,"footnotes":""},"categories":[491],"tags":[419],"class_list":["post-228","post","type-post","status-publish","format-standard","has-post-thumbnail","hentry","category-viata","tag-bilateral"],"yoast_head":"<!-- This site is optimized with the Yoast SEO plugin v24.3 - https:\/\/yoast.com\/wordpress\/plugins\/seo\/ -->\n<title>Un muzician cu CI \u0219i aparat auditiv - Romanian<\/title>\n<meta name=\"description\" content=\"A hobby musician and a CI user Walter Widler talks about his life-long passion for music and how cochlear implants helped him play again.\" \/>\n<meta name=\"robots\" content=\"index, follow, max-snippet:-1, max-image-preview:large, max-video-preview:-1\" \/>\n<link rel=\"canonical\" href=\"https:\/\/lifelonghearing.com\/ro\/un-muzician-cu-ci-si-aparat-auditiv\/\" \/>\n<meta property=\"og:locale\" content=\"en_US\" \/>\n<meta property=\"og:type\" content=\"article\" \/>\n<meta property=\"og:title\" content=\"Un muzician cu CI \u0219i aparat auditiv - Romanian\" \/>\n<meta property=\"og:description\" content=\"A hobby musician and a CI user Walter Widler talks about his life-long passion for music and how cochlear implants helped him play again.\" \/>\n<meta property=\"og:url\" content=\"https:\/\/lifelonghearing.com\/ro\/un-muzician-cu-ci-si-aparat-auditiv\/\" \/>\n<meta property=\"og:site_name\" content=\"Romanian\" \/>\n<meta property=\"article:published_time\" content=\"2020-06-03T12:27:33+00:00\" \/>\n<meta property=\"article:modified_time\" content=\"2025-05-15T12:02:22+00:00\" \/>\n<meta property=\"og:image\" content=\"https:\/\/lifelonghearing.com\/ro\/wp-content\/uploads\/sites\/5\/2020\/06\/thumb-walter-1200x481-1.jpg\" \/>\n\t<meta property=\"og:image:width\" content=\"1200\" \/>\n\t<meta property=\"og:image:height\" content=\"481\" \/>\n\t<meta property=\"og:image:type\" content=\"image\/jpeg\" \/>\n<meta name=\"author\" content=\"Philipp_Hicker\" \/>\n<meta name=\"twitter:card\" content=\"summary_large_image\" \/>\n<meta name=\"twitter:label1\" content=\"Written by\" \/>\n\t<meta name=\"twitter:data1\" content=\"Philipp_Hicker\" \/>\n\t<meta name=\"twitter:label2\" content=\"Est. reading time\" \/>\n\t<meta name=\"twitter:data2\" content=\"4 minutes\" \/>\n<script type=\"application\/ld+json\" class=\"yoast-schema-graph\">{\"@context\":\"https:\/\/schema.org\",\"@graph\":[{\"@type\":\"WebPage\",\"@id\":\"https:\/\/lifelonghearing.com\/ro\/un-muzician-cu-ci-si-aparat-auditiv\/\",\"url\":\"https:\/\/lifelonghearing.com\/ro\/un-muzician-cu-ci-si-aparat-auditiv\/\",\"name\":\"Un muzician cu CI \u0219i aparat auditiv - Romanian\",\"isPartOf\":{\"@id\":\"https:\/\/lifelonghearing.com\/ro\/#website\"},\"primaryImageOfPage\":{\"@id\":\"https:\/\/lifelonghearing.com\/ro\/un-muzician-cu-ci-si-aparat-auditiv\/#primaryimage\"},\"image\":{\"@id\":\"https:\/\/lifelonghearing.com\/ro\/un-muzician-cu-ci-si-aparat-auditiv\/#primaryimage\"},\"thumbnailUrl\":\"https:\/\/lifelonghearing.com\/ro\/wp-content\/uploads\/sites\/5\/2020\/06\/thumb-walter-1200x481-1.jpg\",\"datePublished\":\"2020-06-03T12:27:33+00:00\",\"dateModified\":\"2025-05-15T12:02:22+00:00\",\"author\":{\"@id\":\"https:\/\/lifelonghearing.com\/ro\/#\/schema\/person\/60253d78b8dceb3e7e8a7e96d0e0455e\"},\"description\":\"A hobby musician and a CI user Walter Widler talks about his life-long passion for music and how cochlear implants helped him play again.\",\"breadcrumb\":{\"@id\":\"https:\/\/lifelonghearing.com\/ro\/un-muzician-cu-ci-si-aparat-auditiv\/#breadcrumb\"},\"inLanguage\":\"en-US\",\"potentialAction\":[{\"@type\":\"ReadAction\",\"target\":[\"https:\/\/lifelonghearing.com\/ro\/un-muzician-cu-ci-si-aparat-auditiv\/\"]}]},{\"@type\":\"ImageObject\",\"inLanguage\":\"en-US\",\"@id\":\"https:\/\/lifelonghearing.com\/ro\/un-muzician-cu-ci-si-aparat-auditiv\/#primaryimage\",\"url\":\"https:\/\/lifelonghearing.com\/ro\/wp-content\/uploads\/sites\/5\/2020\/06\/thumb-walter-1200x481-1.jpg\",\"contentUrl\":\"https:\/\/lifelonghearing.com\/ro\/wp-content\/uploads\/sites\/5\/2020\/06\/thumb-walter-1200x481-1.jpg\",\"width\":1200,\"height\":481},{\"@type\":\"BreadcrumbList\",\"@id\":\"https:\/\/lifelonghearing.com\/ro\/un-muzician-cu-ci-si-aparat-auditiv\/#breadcrumb\",\"itemListElement\":[{\"@type\":\"ListItem\",\"position\":1,\"name\":\"Home\",\"item\":\"https:\/\/lifelonghearing.com\/ro\/\"},{\"@type\":\"ListItem\",\"position\":2,\"name\":\"Un muzician cu CI \u0219i aparat auditiv\"}]},{\"@type\":\"WebSite\",\"@id\":\"https:\/\/lifelonghearing.com\/ro\/#website\",\"url\":\"https:\/\/lifelonghearing.com\/ro\/\",\"name\":\"Romanian\",\"description\":\"\",\"potentialAction\":[{\"@type\":\"SearchAction\",\"target\":{\"@type\":\"EntryPoint\",\"urlTemplate\":\"https:\/\/lifelonghearing.com\/ro\/?s={search_term_string}\"},\"query-input\":{\"@type\":\"PropertyValueSpecification\",\"valueRequired\":true,\"valueName\":\"search_term_string\"}}],\"inLanguage\":\"en-US\"},{\"@type\":\"Person\",\"@id\":\"https:\/\/lifelonghearing.com\/ro\/#\/schema\/person\/60253d78b8dceb3e7e8a7e96d0e0455e\",\"name\":\"Philipp_Hicker\",\"image\":{\"@type\":\"ImageObject\",\"inLanguage\":\"en-US\",\"@id\":\"https:\/\/lifelonghearing.com\/ro\/#\/schema\/person\/image\/\",\"url\":\"https:\/\/secure.gravatar.com\/avatar\/64d4ea083f7e5b6b08e17fd0e94722d7?s=96&d=mm&r=g\",\"contentUrl\":\"https:\/\/secure.gravatar.com\/avatar\/64d4ea083f7e5b6b08e17fd0e94722d7?s=96&d=mm&r=g\",\"caption\":\"Philipp_Hicker\"},\"url\":\"https:\/\/lifelonghearing.com\/ro\/author\/philipp_hicker\/\"}]}<\/script>\n<!-- \/ Yoast SEO plugin. -->","yoast_head_json":{"title":"Un muzician cu CI \u0219i aparat auditiv - Romanian","description":"A hobby musician and a CI user Walter Widler talks about his life-long passion for music and how cochlear implants helped him play again.","robots":{"index":"index","follow":"follow","max-snippet":"max-snippet:-1","max-image-preview":"max-image-preview:large","max-video-preview":"max-video-preview:-1"},"canonical":"https:\/\/lifelonghearing.com\/ro\/un-muzician-cu-ci-si-aparat-auditiv\/","og_locale":"en_US","og_type":"article","og_title":"Un muzician cu CI \u0219i aparat auditiv - Romanian","og_description":"A hobby musician and a CI user Walter Widler talks about his life-long passion for music and how cochlear implants helped him play again.","og_url":"https:\/\/lifelonghearing.com\/ro\/un-muzician-cu-ci-si-aparat-auditiv\/","og_site_name":"Romanian","article_published_time":"2020-06-03T12:27:33+00:00","article_modified_time":"2025-05-15T12:02:22+00:00","og_image":[{"width":1200,"height":481,"url":"https:\/\/lifelonghearing.com\/ro\/wp-content\/uploads\/sites\/5\/2020\/06\/thumb-walter-1200x481-1.jpg","type":"image\/jpeg"}],"author":"Philipp_Hicker","twitter_card":"summary_large_image","twitter_misc":{"Written by":"Philipp_Hicker","Est. reading time":"4 minutes"},"schema":{"@context":"https:\/\/schema.org","@graph":[{"@type":"WebPage","@id":"https:\/\/lifelonghearing.com\/ro\/un-muzician-cu-ci-si-aparat-auditiv\/","url":"https:\/\/lifelonghearing.com\/ro\/un-muzician-cu-ci-si-aparat-auditiv\/","name":"Un muzician cu CI \u0219i aparat auditiv - Romanian","isPartOf":{"@id":"https:\/\/lifelonghearing.com\/ro\/#website"},"primaryImageOfPage":{"@id":"https:\/\/lifelonghearing.com\/ro\/un-muzician-cu-ci-si-aparat-auditiv\/#primaryimage"},"image":{"@id":"https:\/\/lifelonghearing.com\/ro\/un-muzician-cu-ci-si-aparat-auditiv\/#primaryimage"},"thumbnailUrl":"https:\/\/lifelonghearing.com\/ro\/wp-content\/uploads\/sites\/5\/2020\/06\/thumb-walter-1200x481-1.jpg","datePublished":"2020-06-03T12:27:33+00:00","dateModified":"2025-05-15T12:02:22+00:00","author":{"@id":"https:\/\/lifelonghearing.com\/ro\/#\/schema\/person\/60253d78b8dceb3e7e8a7e96d0e0455e"},"description":"A hobby musician and a CI user Walter Widler talks about his life-long passion for music and how cochlear implants helped him play again.","breadcrumb":{"@id":"https:\/\/lifelonghearing.com\/ro\/un-muzician-cu-ci-si-aparat-auditiv\/#breadcrumb"},"inLanguage":"en-US","potentialAction":[{"@type":"ReadAction","target":["https:\/\/lifelonghearing.com\/ro\/un-muzician-cu-ci-si-aparat-auditiv\/"]}]},{"@type":"ImageObject","inLanguage":"en-US","@id":"https:\/\/lifelonghearing.com\/ro\/un-muzician-cu-ci-si-aparat-auditiv\/#primaryimage","url":"https:\/\/lifelonghearing.com\/ro\/wp-content\/uploads\/sites\/5\/2020\/06\/thumb-walter-1200x481-1.jpg","contentUrl":"https:\/\/lifelonghearing.com\/ro\/wp-content\/uploads\/sites\/5\/2020\/06\/thumb-walter-1200x481-1.jpg","width":1200,"height":481},{"@type":"BreadcrumbList","@id":"https:\/\/lifelonghearing.com\/ro\/un-muzician-cu-ci-si-aparat-auditiv\/#breadcrumb","itemListElement":[{"@type":"ListItem","position":1,"name":"Home","item":"https:\/\/lifelonghearing.com\/ro\/"},{"@type":"ListItem","position":2,"name":"Un muzician cu CI \u0219i aparat auditiv"}]},{"@type":"WebSite","@id":"https:\/\/lifelonghearing.com\/ro\/#website","url":"https:\/\/lifelonghearing.com\/ro\/","name":"Romanian","description":"","potentialAction":[{"@type":"SearchAction","target":{"@type":"EntryPoint","urlTemplate":"https:\/\/lifelonghearing.com\/ro\/?s={search_term_string}"},"query-input":{"@type":"PropertyValueSpecification","valueRequired":true,"valueName":"search_term_string"}}],"inLanguage":"en-US"},{"@type":"Person","@id":"https:\/\/lifelonghearing.com\/ro\/#\/schema\/person\/60253d78b8dceb3e7e8a7e96d0e0455e","name":"Philipp_Hicker","image":{"@type":"ImageObject","inLanguage":"en-US","@id":"https:\/\/lifelonghearing.com\/ro\/#\/schema\/person\/image\/","url":"https:\/\/secure.gravatar.com\/avatar\/64d4ea083f7e5b6b08e17fd0e94722d7?s=96&d=mm&r=g","contentUrl":"https:\/\/secure.gravatar.com\/avatar\/64d4ea083f7e5b6b08e17fd0e94722d7?s=96&d=mm&r=g","caption":"Philipp_Hicker"},"url":"https:\/\/lifelonghearing.com\/ro\/author\/philipp_hicker\/"}]}},"acf":[],"_links":{"self":[{"href":"https:\/\/lifelonghearing.com\/ro\/wp-json\/wp\/v2\/posts\/228","targetHints":{"allow":["GET"]}}],"collection":[{"href":"https:\/\/lifelonghearing.com\/ro\/wp-json\/wp\/v2\/posts"}],"about":[{"href":"https:\/\/lifelonghearing.com\/ro\/wp-json\/wp\/v2\/types\/post"}],"author":[{"embeddable":true,"href":"https:\/\/lifelonghearing.com\/ro\/wp-json\/wp\/v2\/users\/5"}],"replies":[{"embeddable":true,"href":"https:\/\/lifelonghearing.com\/ro\/wp-json\/wp\/v2\/comments?post=228"}],"version-history":[{"count":4,"href":"https:\/\/lifelonghearing.com\/ro\/wp-json\/wp\/v2\/posts\/228\/revisions"}],"predecessor-version":[{"id":32398,"href":"https:\/\/lifelonghearing.com\/ro\/wp-json\/wp\/v2\/posts\/228\/revisions\/32398"}],"wp:featuredmedia":[{"embeddable":true,"href":"https:\/\/lifelonghearing.com\/ro\/wp-json\/wp\/v2\/media\/32069"}],"wp:attachment":[{"href":"https:\/\/lifelonghearing.com\/ro\/wp-json\/wp\/v2\/media?parent=228"}],"wp:term":[{"taxonomy":"category","embeddable":true,"href":"https:\/\/lifelonghearing.com\/ro\/wp-json\/wp\/v2\/categories?post=228"},{"taxonomy":"post_tag","embeddable":true,"href":"https:\/\/lifelonghearing.com\/ro\/wp-json\/wp\/v2\/tags?post=228"}],"curies":[{"name":"wp","href":"https:\/\/api.w.org\/{rel}","templated":true}]}}