{"id":22256,"date":"2022-11-25T12:33:52","date_gmt":"2022-11-25T11:33:52","guid":{"rendered":"https:\/\/lifelonghearing.com\/?p=22256"},"modified":"2025-05-15T11:42:14","modified_gmt":"2025-05-15T11:42:14","slug":"calitatea-vietii-la-o-varsta-inaintata","status":"publish","type":"post","link":"https:\/\/lifelonghearing.com\/ro\/calitatea-vietii-la-o-varsta-inaintata\/","title":{"rendered":"Calitatea vie\u021bii la o v\u00e2rst\u0103 \u00eenaintat\u0103"},"content":{"rendered":"<p><div class=\"fusion-fullwidth fullwidth-box fusion-builder-row-1 fusion-flex-container nonhundred-percent-fullwidth non-hundred-percent-height-scrolling\" style=\"--awb-border-radius-top-left:0px;--awb-border-radius-top-right:0px;--awb-border-radius-bottom-right:0px;--awb-border-radius-bottom-left:0px;--awb-flex-wrap:wrap;\" ><div class=\"fusion-builder-row fusion-row fusion-flex-align-items-flex-start fusion-flex-content-wrap\" style=\"max-width:1248px;margin-left: calc(-4% \/ 2 );margin-right: calc(-4% \/ 2 );\"><div class=\"fusion-layout-column fusion_builder_column fusion-builder-column-0 fusion_builder_column_1_1 1_1 fusion-flex-column\" style=\"--awb-bg-size:cover;--awb-width-large:100%;--awb-margin-top-large:0px;--awb-spacing-right-large:1.92%;--awb-margin-bottom-large:10px;--awb-spacing-left-large:1.92%;--awb-width-medium:100%;--awb-order-medium:0;--awb-spacing-right-medium:1.92%;--awb-spacing-left-medium:1.92%;--awb-width-small:100%;--awb-order-small:0;--awb-spacing-right-small:1.92%;--awb-spacing-left-small:1.92%;\"><div class=\"fusion-column-wrapper fusion-column-has-shadow fusion-flex-justify-content-flex-start fusion-content-layout-column\"><div class=\"fusion-title title fusion-title-1 fusion-sep-none fusion-title-text fusion-title-size-one\" style=\"--awb-margin-top:0px;--awb-font-size:38px;\"><h1 class=\"fusion-title-heading title-heading-left fusion-responsive-typography-calculated\" style=\"margin:0;font-size:1em;--fontSize:38;line-height:1.3;\">Despre frumuse\u021bea vie\u021bii \u0219i despre cum s\u0103 face\u021bi fa\u021b\u0103 limit\u0103rilor \u0219i durerii<\/h1><\/div><div class=\"fusion-text fusion-text-1\"><p><strong>Nu numai c\u0103 problemele de auz se agraveaz\u0103 la b\u0103tr\u00e2ne\u021be, dar \u0219i preocuparea pentru o via\u021b\u0103 bun\u0103 \u0219i pentru calitatea vie\u021bii se intensific\u0103 la sf\u00e2r\u0219itul vie\u021bii. Christa Steiner a \u00eenso\u021bit oameni \u00een aziluri de b\u0103tr\u00e2ni \u0219i ospicii \u00een ultima faz\u0103 a vie\u021bii \u0219i ne \u00eemp\u0103rt\u0103\u0219e\u0219te experien\u021ba ei.<\/strong><\/p>\n<\/div><div class=\"fusion-image-element \" style=\"--awb-caption-title-font-family:var(--h2_typography-font-family);--awb-caption-title-font-weight:var(--h2_typography-font-weight);--awb-caption-title-font-style:var(--h2_typography-font-style);--awb-caption-title-size:var(--h2_typography-font-size);--awb-caption-title-transform:var(--h2_typography-text-transform);--awb-caption-title-line-height:var(--h2_typography-line-height);--awb-caption-title-letter-spacing:var(--h2_typography-letter-spacing);\"><span class=\" fusion-imageframe imageframe-none imageframe-1 hover-type-none\"><img decoding=\"async\" width=\"1200\" height=\"559\" title=\"carpediem_featured-1200&#215;559\" src=\"https:\/\/lifelonghearing.com\/ro\/wp-content\/uploads\/sites\/5\/2022\/11\/carpediem_featured-1200x559-1.jpg\" data-orig-src=\"https:\/\/lifelonghearing.com\/ro\/wp-content\/uploads\/sites\/5\/2022\/11\/carpediem_featured-1200x559-1.jpg\" alt class=\"lazyload img-responsive wp-image-31888\" srcset=\"data:image\/svg+xml,%3Csvg%20xmlns%3D%27http%3A%2F%2Fwww.w3.org%2F2000%2Fsvg%27%20width%3D%271200%27%20height%3D%27559%27%20viewBox%3D%270%200%201200%20559%27%3E%3Crect%20width%3D%271200%27%20height%3D%27559%27%20fill-opacity%3D%220%22%2F%3E%3C%2Fsvg%3E\" data-srcset=\"https:\/\/lifelonghearing.com\/ro\/wp-content\/uploads\/sites\/5\/2022\/11\/carpediem_featured-1200x559-1-200x93.jpg 200w, https:\/\/lifelonghearing.com\/ro\/wp-content\/uploads\/sites\/5\/2022\/11\/carpediem_featured-1200x559-1-400x186.jpg 400w, https:\/\/lifelonghearing.com\/ro\/wp-content\/uploads\/sites\/5\/2022\/11\/carpediem_featured-1200x559-1-600x280.jpg 600w, https:\/\/lifelonghearing.com\/ro\/wp-content\/uploads\/sites\/5\/2022\/11\/carpediem_featured-1200x559-1-800x373.jpg 800w, https:\/\/lifelonghearing.com\/ro\/wp-content\/uploads\/sites\/5\/2022\/11\/carpediem_featured-1200x559-1.jpg 1200w\" data-sizes=\"auto\" data-orig-sizes=\"(max-width: 1024px) 100vw, (max-width: 640px) 100vw, 1200px\" \/><\/span><\/div><\/div><\/div><\/div><\/div><div class=\"fusion-fullwidth fullwidth-box fusion-builder-row-2 fusion-flex-container nonhundred-percent-fullwidth non-hundred-percent-height-scrolling\" style=\"--awb-border-radius-top-left:0px;--awb-border-radius-top-right:0px;--awb-border-radius-bottom-right:0px;--awb-border-radius-bottom-left:0px;--awb-flex-wrap:wrap;\" ><div class=\"fusion-builder-row fusion-row fusion-flex-align-items-flex-start fusion-flex-content-wrap\" style=\"max-width:1248px;margin-left: calc(-4% \/ 2 );margin-right: calc(-4% \/ 2 );\"><div class=\"fusion-layout-column fusion_builder_column fusion-builder-column-1 fusion_builder_column_1_1 1_1 fusion-flex-column\" style=\"--awb-bg-size:cover;--awb-width-large:100%;--awb-margin-top-large:0px;--awb-spacing-right-large:1.92%;--awb-margin-bottom-large:0px;--awb-spacing-left-large:1.92%;--awb-width-medium:100%;--awb-spacing-right-medium:1.92%;--awb-spacing-left-medium:1.92%;--awb-width-small:100%;--awb-spacing-right-small:1.92%;--awb-spacing-left-small:1.92%;\"><div class=\"fusion-column-wrapper fusion-flex-justify-content-flex-start fusion-content-layout-column\"><div class=\"fusion-text fusion-text-2\"><p>Primul lucru care \u00eemi vine \u00een minte este c\u0103 am \u00eent\u00e2lnit at\u00e2t de des oameni \u00eentr-un azil de b\u0103tr\u00e2ni sau \u00eentr-un centru de \u00eengrijire care au rezumat totul spun\u00e2nd: &#8220;\u00cen general, am avut o via\u021b\u0103 bun\u0103!&#8221; Ace\u0219tia erau adesea oameni \u00een scaune cu rotile sau imobiliza\u021bi la pat, cu multe probleme \u0219i limit\u0103ri. La \u00eenceput, cuiva ca mine &#8211; cu o via\u021b\u0103 divers\u0103 \u0219i cu multe posibilit\u0103\u021bi &#8211; nu-i vine s\u0103 cread\u0103 acest lucru.<\/p>\n<p>Viziunea noastr\u0103 referitoare la o via\u021b\u0103 de succes este adesea asociat\u0103 cu concepte precum autodeterminare, independen\u021b\u0103, g\u00e2ndire \u0219i comportament ra\u021bional. &#8220;Nu mai exist\u0103 via\u021b\u0103 pentru mine&#8221;, este ceea ce auzim adesea de la persoanele \u00een v\u00e2rst\u0103 sau bolnave care au nevoie de \u00eengrijire. Dar acest lucru ne poate face s\u0103 ne revizuim presupunerile \u0219i s\u0103 ne \u00eentreb\u0103m: ce reprezint\u0103 o via\u021b\u0103 bun\u0103?<\/p>\n<p><strong>Ce considera\u021bi c\u0103 ar fi o condi\u021bie prealabil\u0103 pentru o via\u021b\u0103 bun\u0103? <\/strong><\/p>\n<p>Nu este vorba de anumite condi\u021bii, ci de capacitatea de a percepe via\u021ba ca fiind una bun\u0103. A\u0219 vrea s\u0103 v\u0103 invit s\u0103 face\u021bi un experiment. Haide\u021bi s\u0103 ne punem urm\u0103toarea \u00eentrebare: \u00cen ce const\u0103 via\u021ba mea? S\u0103 fie vorba de slujba mea, de familia mea, de hobby-urile mele sau de altceva?<\/p>\n<ul>\n<li>Acum, da\u021bi o clasificare acestor lucruri.<\/li>\n<li>Cu care dintre aceste lucruri v-a\u021bi putea descurca \u0219i f\u0103r\u0103?<\/li>\n<\/ul>\n<p>Acum, s\u0103 ne imagin\u0103m c\u0103 toate aceste lucruri ne sunt luate din anumite motive. Cine suntem noi atunci? Nu a\u0219 avea nici cea mai vag\u0103 idee!<\/p>\n<p>Ceea ce este important pentru mine este ca oamenii s\u0103 priveasc\u0103 \u00een urm\u0103 la \u00eentreaga lor via\u021b\u0103. Una dintre \u00eendatoririle zilelor noastre din cele din urm\u0103 este, de asemenea, de a face un bilan\u021b. Nu conteaz\u0103 doar situa\u021bia actual\u0103. \u0218i ceea ce m\u0103 surprinde mereu: oamenii vorbesc despre o via\u021b\u0103 bun\u0103. &#8221; Bun\u0103&#8221; sun\u0103 modest \u0219i, paradoxal, chiar mai bine dec\u00e2t &#8220;fericit\u0103&#8221;, &#8220;pl\u0103cut\u0103&#8221; sau &#8220;u\u0219oar\u0103&#8221;.<\/p>\n<p><strong>Am impresia c\u0103 nu sunte\u021bi pe deplin mul\u021bumit de termenul &#8220;calitate a vie\u021bii&#8221;? <\/strong><\/p>\n<p>Dup\u0103 p\u0103rerea mea, \u00eentregul concept de calitate a vie\u021bii trebuie &#8220;aprofundat&#8221; un pic, iar pentru asta trebuie s\u0103 schimb\u0103m perspectiva!<\/p>\n<p>Expresia lui Cicely Saunders &#8220;s\u0103 ad\u0103ug\u0103m via\u021b\u0103 la zilele voastre, nu zile la vie\u021bile voastre&#8221; a devenit un principiu al \u00eengrijirii paliative. Aceast\u0103 calitate a vie\u021bii &#8220;de a ad\u0103uga via\u021b\u0103 zilelor&#8221; func\u021bioneaz\u0103 nu numai prin prelungirea vie\u021bii, ci \u0219i prin aprofundarea ei &#8211; ceea ce se \u00eent\u00e2mpl\u0103 adesea \u00een circumstan\u021be dificile!<\/p>\n<p>Cred c\u0103 o astfel de aprofundare nu este u\u0219oar\u0103 de \u00eendeplinit. Mai presus de toate, nu are nimic de-a face cu activismul. \u0218i nimic cu o presupus\u0103 cunoa\u0219tere a ceea ce ar trebui s\u0103 arate o moarte bun\u0103. \u00cen cele din urm\u0103, trebuie s\u0103 privim cu admira\u021bie acest fenomen misterios.<\/p>\n<p><strong>De la misterul mor\u021bii p\u00e2n\u0103 la misterul unei vie\u021bi bune: Cum poate ar\u0103ta o via\u021b\u0103 bun\u0103? Chiar \u0219i atunci c\u00e2nd ceva nu merge conform planului, c\u00e2nd suntem supu\u0219i unor limit\u0103ri fizice sau de alt\u0103 natur\u0103. Putem \u00eenv\u0103\u021ba s\u0103 tr\u0103im din perspectiva mor\u021bii \u00een aceast\u0103 situa\u021bie?<\/strong><\/p>\n<p>Am \u00eenv\u0103\u021bat multe \u00een munca mea \u0219i am v\u0103zut atitudini pentru care merit\u0103 s\u0103 lupt. Sper s\u0103 m\u0103 dezvolt pe drumul vie\u021bii: de exemplu, prin generozitate \u0219i deschidere, prin a tr\u0103i via\u021ba \u00een fiecare moment sau prin a face fa\u021b\u0103 durerii.<\/p>\n<p>Cei care au avut parte de multe experien\u021be \u00een via\u021b\u0103 \u0219i care au fost \u00eentotdeauna preg\u0103ti\u021bi s\u0103 \u00eenve\u021be, s\u0103 se schimbe \u0219i s\u0103 se dezvolte &#8211; au c\u0103p\u0103tat o viziune mai ampl\u0103 asupra lucrurilor \u0219i \u0219i-au extins propriile orizonturi. Din asta rezult\u0103 r\u0103bdarea \u0219i \u00een\u021belegerea, mai ales \u00een ceea ce prive\u0219te sl\u0103biciunile \u0219i limitele. C\u00e2nd e\u0219ti apropiat de ace\u0219ti oameni, te sim\u021bi bine \u0219i acceptat!<\/p>\n<p>Important este, de asemenea, s\u0103 tr\u0103im clipa: ce altceva avem \u00een afar\u0103 de prezent? Trecutul nu poate fi schimbat, viitorul nu este \u00een m\u00e2inile noastre, iar \u00een acest moment, totul poate fi diferit. C\u00e2nd auzi fraza &#8220;Bucur\u0103-te de via\u021b\u0103&#8221; de la persoane \u00een v\u00e2rst\u0103 sau bolnave \u00een faz\u0103 terminal\u0103, te emo\u021bioneaz\u0103 profund.<\/p>\n<p><strong>A\u0219adar, a\u021bi \u00een\u021belege expresia &#8220;Carpe Diem&#8221; \u00een sensul de &#8220;Bucur\u0103-te de zi&#8221;?<\/strong><\/p>\n<p>Cu siguran\u021b\u0103, \u00eens\u0103, acest &#8220;Carpe Diem&#8221; nu ar trebui s\u0103 ne fac\u0103 s\u0103 sim\u021bim o l\u0103comie nem\u0103rginit\u0103 pentru via\u021b\u0103, ci s\u0103 o apreciem a\u0219a cum este. S\u0103 ne bucur\u0103m de lucrurile simple, de via\u021ba de zi cu zi \u0219i de surprize. Toate acestea sunt oportunit\u0103\u021bi pe care le ofer\u0103 via\u021ba!<\/p>\n<p>Nu vreau s\u0103 relativizez sau s\u0103 romantizez v\u00e2rsta, durerea sau suferin\u021ba, asta ar fi cinic. Dar am v\u0103zut experien\u021be de via\u021b\u0103 de la oameni care \u00eemi dau speran\u021b\u0103. De exemplu, doamna Schmitz* a avut dureri mari dup\u0103 opera\u021bia la genunchi, dar a avut \u0219i c\u00e2teva cuvinte de \u00een\u021belepciune pe care le-a \u00eemp\u0103rt\u0103\u0219it celorlal\u021bi: &#8221; Doare doar o singur\u0103 parte pe r\u00e2nd&#8221;. Ea a putut s\u0103 vad\u0103 imaginea de ansamblu \u0219i nu s-a pierdut \u00een durere. A r\u0103mas st\u0103p\u00e2n\u0103 pe situa\u021bie.<\/p>\n<p>Exist\u0103 \u00eentotdeauna at\u00e2t de multe lucruri diferite \u00een via\u021ba noastr\u0103 care se petrec \u00een acela\u0219i timp: bun\u0103stare \u0219i posibilit\u0103\u021bi, fericire \u0219i durere, triste\u021be \u0219i bucurie. Iar o vedere \u0219i percep\u021bie de ansamblu ne ajut\u0103 \u00een via\u021b\u0103! Eu m\u0103 pot influen\u021ba pe mine \u00eensumi cu ajutorul con\u0219tiin\u021bei mele: prin faptul c\u0103 acord mai mult\u0103 aten\u021bie lucrurilor pozitive dec\u00e2t celor negative. Mereu exist\u0103 posibilitatea de schimbare.<\/p>\n<p><strong>Dar cum r\u0103m\u00e2ne cu acele lucruri care nu se schimb\u0103 \u0219i care aduc doar durere \u0219i regret? <\/strong><\/p>\n<p>Acum \u00een\u021beleg: durerea este la fel de important\u0103. \u00cen via\u021ba fiec\u0103ruia exist\u0103 desp\u0103r\u021biri. De oameni, rela\u021bii, oportunit\u0103\u021bi \u0219i abilit\u0103\u021bi. \u00cen cadrul \u00eengrijirii \u00een faz\u0103 terminal\u0103, aceste desp\u0103r\u021biri sunt subiectul multor conversa\u021bii. La prima vedere, acest lucru este nepl\u0103cut pentru ambii parteneri de conversa\u021bie. Dar totodat\u0103 poate fi eliberator \u0219i vindec\u0103tor!<\/p>\n<p>Doliul nu este doar un pas dureros care trebuie dep\u0103\u0219it c\u00e2t mai repede posibil. Este, de asemenea, o abilitate important\u0103 care ne permite s\u0103 apreciem valoarea acestor oameni \u0219i rela\u021bii, posibilit\u0103\u021bi \u0219i abilit\u0103\u021bi. Suferin\u021ba unui moment de desp\u0103r\u021bire este opusul iubirii, dar iubirea r\u0103m\u00e2ne chiar \u0219i atunci c\u00e2nd se pierd at\u00e2tea alte lucruri. Este ceea ce tr\u0103iesc oamenii atunci c\u00e2nd privesc \u00een urm\u0103 la propria via\u021b\u0103.<\/p>\n<p>Este important s\u0103 fim al\u0103turi de oamenii afla\u021bi \u00een perioada de doliu. \u00cen cadrul unei conversa\u021bii, aceste persoane se pot sim\u021bi confortabile s\u0103 vorbeasc\u0103 despre sentimente dureroase. Acest lucru ofer\u0103 alinare. &#8220;Rana&#8221; nu trebuie s\u0103 r\u0103m\u00e2n\u0103 \u00eenchis\u0103 \u00een tain\u0103. Dup\u0103 cum se spune, &#8220;o ran\u0103 are nevoie de aer&#8221; pentru a se vindeca.<\/p>\n<p><strong>Dar o conversa\u021bie presupune un anumit nivel de auz. Reprezint\u0103 asta uneori o problem\u0103 \u00een cazul persoanelor \u00een v\u00e2rst\u0103?<\/strong><\/p>\n<p>Prin contactul cu persoanele \u00een v\u00e2rst\u0103 pe parcursul carierei mele profesionale, limit\u0103rile sau pierderea func\u021biilor senzoriale au fost \u00eentr-adev\u0103r foarte frecvente. Pentru persoanele afectate, acest lucru este foarte serios \u0219i stresant. Sim\u021burile ne deschid u\u0219a la o \u00eentreag\u0103 lume: la comunicare, la rela\u021bii \u0219i la via\u021ba \u00een comunitate, precum \u0219i la diferite experien\u021be frumoase \u0219i pl\u0103cute.<\/p>\n<p>Atunci c\u00e2nd oamenii pot auzi, le transmitem informa\u021bii pe cale verbal\u0103 &#8211; acest lucru le ofer\u0103 siguran\u021b\u0103, le permite s\u0103 ia decizii \u0219i s\u0103 se comporte \u00een mod adecvat. Lipsa auzului \u00eei izoleaz\u0103 pe oameni, \u00eei face s\u0103 se simt\u0103 tri\u0219ti \u0219i singuri.<\/p>\n<p>La persoanele aflate pe patul de moarte, starea de sl\u0103biciune a con\u0219tien\u021bei \u00eengreuneaz\u0103 adesea comunicarea verbal\u0103. O persoan\u0103 care se ocup\u0103 de \u00eengrijirea pacien\u021bilor trebuie s\u0103 asculte cu aten\u021bie \u0219i cu deplin\u0103 concentrare. Exist\u0103 o expresie \u00een limba englez\u0103 &#8220;to be all ears&#8221; &#8211; a asculta cu mare aten\u021bie. Dar, pentru a-i sprijini pe cei afla\u021bi pe patul de moarte, ar trebui s\u0103 \u00eenv\u0103\u021b\u0103m s\u0103 folosim \u0219i alte c\u0103i, precum contactul vizual, atingerea \u0219i apropierea fizic\u0103. Cred c\u0103 ne-ar prinde bine s\u0103 ne folosim mai mult de aceste c\u0103i \u00een general! S\u0103 vorbim unul cu cel\u0103lalt, s\u0103 lu\u0103m leg\u0103tura &#8211; dac\u0103 nu prin cuvinte, atunci prin priviri, atingeri etc.<\/p>\n<p>*Nume schimbat din motive de confiden\u021bialitate<\/p>\n<\/div><\/div><\/div><\/div><\/div><\/p>\n","protected":false},"excerpt":{"rendered":"","protected":false},"author":4,"featured_media":31888,"comment_status":"open","ping_status":"open","sticky":false,"template":"","format":"standard","meta":{"_acf_changed":false,"footnotes":""},"categories":[491],"tags":[],"class_list":["post-22256","post","type-post","status-publish","format-standard","has-post-thumbnail","hentry","category-viata"],"yoast_head":"<!-- This site is optimized with the Yoast SEO plugin v24.3 - https:\/\/yoast.com\/wordpress\/plugins\/seo\/ -->\n<title>Calitatea vie\u021bii la o v\u00e2rst\u0103 \u00eenaintat\u0103 - Romanian<\/title>\n<meta name=\"description\" content=\"Problemele de auz nu doar c\u0103 se agraveaz\u0103 odat\u0103 cu \u00eenaintarea \u00een v\u00e2rst\u0103, dar \u0219i \u00eentrebarea privind o via\u021b\u0103 bun\u0103 \u0219i calitatea vie\u021bii devine tot mai intens\u0103 spre sf\u00e2r\u0219itul vie\u021bii.\" \/>\n<meta name=\"robots\" content=\"index, follow, max-snippet:-1, max-image-preview:large, max-video-preview:-1\" \/>\n<link rel=\"canonical\" href=\"https:\/\/lifelonghearing.com\/ro\/calitatea-vietii-la-o-varsta-inaintata\/\" \/>\n<meta property=\"og:locale\" content=\"en_US\" \/>\n<meta property=\"og:type\" content=\"article\" \/>\n<meta property=\"og:title\" content=\"Calitatea vie\u021bii la o v\u00e2rst\u0103 \u00eenaintat\u0103 - Romanian\" \/>\n<meta property=\"og:description\" content=\"Problemele de auz nu doar c\u0103 se agraveaz\u0103 odat\u0103 cu \u00eenaintarea \u00een v\u00e2rst\u0103, dar \u0219i \u00eentrebarea privind o via\u021b\u0103 bun\u0103 \u0219i calitatea vie\u021bii devine tot mai intens\u0103 spre sf\u00e2r\u0219itul vie\u021bii.\" \/>\n<meta property=\"og:url\" content=\"https:\/\/lifelonghearing.com\/ro\/calitatea-vietii-la-o-varsta-inaintata\/\" \/>\n<meta property=\"og:site_name\" content=\"Romanian\" \/>\n<meta property=\"article:published_time\" content=\"2022-11-25T11:33:52+00:00\" \/>\n<meta property=\"article:modified_time\" content=\"2025-05-15T11:42:14+00:00\" \/>\n<meta property=\"og:image\" content=\"https:\/\/lifelonghearing.com\/ro\/wp-content\/uploads\/sites\/5\/2022\/11\/carpediem_featured-1200x559-1.jpg\" \/>\n\t<meta property=\"og:image:width\" content=\"1200\" \/>\n\t<meta property=\"og:image:height\" content=\"559\" \/>\n\t<meta property=\"og:image:type\" content=\"image\/jpeg\" \/>\n<meta name=\"author\" content=\"fjkdev\" \/>\n<meta name=\"twitter:card\" content=\"summary_large_image\" \/>\n<meta name=\"twitter:label1\" content=\"Written by\" \/>\n\t<meta name=\"twitter:data1\" content=\"fjkdev\" \/>\n\t<meta name=\"twitter:label2\" content=\"Est. reading time\" \/>\n\t<meta name=\"twitter:data2\" content=\"7 minutes\" \/>\n<script type=\"application\/ld+json\" class=\"yoast-schema-graph\">{\"@context\":\"https:\/\/schema.org\",\"@graph\":[{\"@type\":\"WebPage\",\"@id\":\"https:\/\/lifelonghearing.com\/ro\/calitatea-vietii-la-o-varsta-inaintata\/\",\"url\":\"https:\/\/lifelonghearing.com\/ro\/calitatea-vietii-la-o-varsta-inaintata\/\",\"name\":\"Calitatea vie\u021bii la o v\u00e2rst\u0103 \u00eenaintat\u0103 - Romanian\",\"isPartOf\":{\"@id\":\"https:\/\/lifelonghearing.com\/ro\/#website\"},\"primaryImageOfPage\":{\"@id\":\"https:\/\/lifelonghearing.com\/ro\/calitatea-vietii-la-o-varsta-inaintata\/#primaryimage\"},\"image\":{\"@id\":\"https:\/\/lifelonghearing.com\/ro\/calitatea-vietii-la-o-varsta-inaintata\/#primaryimage\"},\"thumbnailUrl\":\"https:\/\/lifelonghearing.com\/ro\/wp-content\/uploads\/sites\/5\/2022\/11\/carpediem_featured-1200x559-1.jpg\",\"datePublished\":\"2022-11-25T11:33:52+00:00\",\"dateModified\":\"2025-05-15T11:42:14+00:00\",\"author\":{\"@id\":\"https:\/\/lifelonghearing.com\/ro\/#\/schema\/person\/bf63eda228b9e220de707e9ef974ed27\"},\"description\":\"Problemele de auz nu doar c\u0103 se agraveaz\u0103 odat\u0103 cu \u00eenaintarea \u00een v\u00e2rst\u0103, dar \u0219i \u00eentrebarea privind o via\u021b\u0103 bun\u0103 \u0219i calitatea vie\u021bii devine tot mai intens\u0103 spre sf\u00e2r\u0219itul vie\u021bii.\",\"breadcrumb\":{\"@id\":\"https:\/\/lifelonghearing.com\/ro\/calitatea-vietii-la-o-varsta-inaintata\/#breadcrumb\"},\"inLanguage\":\"en-US\",\"potentialAction\":[{\"@type\":\"ReadAction\",\"target\":[\"https:\/\/lifelonghearing.com\/ro\/calitatea-vietii-la-o-varsta-inaintata\/\"]}]},{\"@type\":\"ImageObject\",\"inLanguage\":\"en-US\",\"@id\":\"https:\/\/lifelonghearing.com\/ro\/calitatea-vietii-la-o-varsta-inaintata\/#primaryimage\",\"url\":\"https:\/\/lifelonghearing.com\/ro\/wp-content\/uploads\/sites\/5\/2022\/11\/carpediem_featured-1200x559-1.jpg\",\"contentUrl\":\"https:\/\/lifelonghearing.com\/ro\/wp-content\/uploads\/sites\/5\/2022\/11\/carpediem_featured-1200x559-1.jpg\",\"width\":1200,\"height\":559},{\"@type\":\"BreadcrumbList\",\"@id\":\"https:\/\/lifelonghearing.com\/ro\/calitatea-vietii-la-o-varsta-inaintata\/#breadcrumb\",\"itemListElement\":[{\"@type\":\"ListItem\",\"position\":1,\"name\":\"Home\",\"item\":\"https:\/\/lifelonghearing.com\/ro\/\"},{\"@type\":\"ListItem\",\"position\":2,\"name\":\"Calitatea vie\u021bii la o v\u00e2rst\u0103 \u00eenaintat\u0103\"}]},{\"@type\":\"WebSite\",\"@id\":\"https:\/\/lifelonghearing.com\/ro\/#website\",\"url\":\"https:\/\/lifelonghearing.com\/ro\/\",\"name\":\"Romanian\",\"description\":\"\",\"potentialAction\":[{\"@type\":\"SearchAction\",\"target\":{\"@type\":\"EntryPoint\",\"urlTemplate\":\"https:\/\/lifelonghearing.com\/ro\/?s={search_term_string}\"},\"query-input\":{\"@type\":\"PropertyValueSpecification\",\"valueRequired\":true,\"valueName\":\"search_term_string\"}}],\"inLanguage\":\"en-US\"},{\"@type\":\"Person\",\"@id\":\"https:\/\/lifelonghearing.com\/ro\/#\/schema\/person\/bf63eda228b9e220de707e9ef974ed27\",\"name\":\"fjkdev\",\"image\":{\"@type\":\"ImageObject\",\"inLanguage\":\"en-US\",\"@id\":\"https:\/\/lifelonghearing.com\/ro\/#\/schema\/person\/image\/\",\"url\":\"https:\/\/secure.gravatar.com\/avatar\/a7434b53a4696595aad9b5066f6512c8?s=96&d=mm&r=g\",\"contentUrl\":\"https:\/\/secure.gravatar.com\/avatar\/a7434b53a4696595aad9b5066f6512c8?s=96&d=mm&r=g\",\"caption\":\"fjkdev\"},\"url\":\"https:\/\/lifelonghearing.com\/ro\/author\/fjkdev\/\"}]}<\/script>\n<!-- \/ Yoast SEO plugin. -->","yoast_head_json":{"title":"Calitatea vie\u021bii la o v\u00e2rst\u0103 \u00eenaintat\u0103 - Romanian","description":"Problemele de auz nu doar c\u0103 se agraveaz\u0103 odat\u0103 cu \u00eenaintarea \u00een v\u00e2rst\u0103, dar \u0219i \u00eentrebarea privind o via\u021b\u0103 bun\u0103 \u0219i calitatea vie\u021bii devine tot mai intens\u0103 spre sf\u00e2r\u0219itul vie\u021bii.","robots":{"index":"index","follow":"follow","max-snippet":"max-snippet:-1","max-image-preview":"max-image-preview:large","max-video-preview":"max-video-preview:-1"},"canonical":"https:\/\/lifelonghearing.com\/ro\/calitatea-vietii-la-o-varsta-inaintata\/","og_locale":"en_US","og_type":"article","og_title":"Calitatea vie\u021bii la o v\u00e2rst\u0103 \u00eenaintat\u0103 - Romanian","og_description":"Problemele de auz nu doar c\u0103 se agraveaz\u0103 odat\u0103 cu \u00eenaintarea \u00een v\u00e2rst\u0103, dar \u0219i \u00eentrebarea privind o via\u021b\u0103 bun\u0103 \u0219i calitatea vie\u021bii devine tot mai intens\u0103 spre sf\u00e2r\u0219itul vie\u021bii.","og_url":"https:\/\/lifelonghearing.com\/ro\/calitatea-vietii-la-o-varsta-inaintata\/","og_site_name":"Romanian","article_published_time":"2022-11-25T11:33:52+00:00","article_modified_time":"2025-05-15T11:42:14+00:00","og_image":[{"width":1200,"height":559,"url":"https:\/\/lifelonghearing.com\/ro\/wp-content\/uploads\/sites\/5\/2022\/11\/carpediem_featured-1200x559-1.jpg","type":"image\/jpeg"}],"author":"fjkdev","twitter_card":"summary_large_image","twitter_misc":{"Written by":"fjkdev","Est. reading time":"7 minutes"},"schema":{"@context":"https:\/\/schema.org","@graph":[{"@type":"WebPage","@id":"https:\/\/lifelonghearing.com\/ro\/calitatea-vietii-la-o-varsta-inaintata\/","url":"https:\/\/lifelonghearing.com\/ro\/calitatea-vietii-la-o-varsta-inaintata\/","name":"Calitatea vie\u021bii la o v\u00e2rst\u0103 \u00eenaintat\u0103 - Romanian","isPartOf":{"@id":"https:\/\/lifelonghearing.com\/ro\/#website"},"primaryImageOfPage":{"@id":"https:\/\/lifelonghearing.com\/ro\/calitatea-vietii-la-o-varsta-inaintata\/#primaryimage"},"image":{"@id":"https:\/\/lifelonghearing.com\/ro\/calitatea-vietii-la-o-varsta-inaintata\/#primaryimage"},"thumbnailUrl":"https:\/\/lifelonghearing.com\/ro\/wp-content\/uploads\/sites\/5\/2022\/11\/carpediem_featured-1200x559-1.jpg","datePublished":"2022-11-25T11:33:52+00:00","dateModified":"2025-05-15T11:42:14+00:00","author":{"@id":"https:\/\/lifelonghearing.com\/ro\/#\/schema\/person\/bf63eda228b9e220de707e9ef974ed27"},"description":"Problemele de auz nu doar c\u0103 se agraveaz\u0103 odat\u0103 cu \u00eenaintarea \u00een v\u00e2rst\u0103, dar \u0219i \u00eentrebarea privind o via\u021b\u0103 bun\u0103 \u0219i calitatea vie\u021bii devine tot mai intens\u0103 spre sf\u00e2r\u0219itul vie\u021bii.","breadcrumb":{"@id":"https:\/\/lifelonghearing.com\/ro\/calitatea-vietii-la-o-varsta-inaintata\/#breadcrumb"},"inLanguage":"en-US","potentialAction":[{"@type":"ReadAction","target":["https:\/\/lifelonghearing.com\/ro\/calitatea-vietii-la-o-varsta-inaintata\/"]}]},{"@type":"ImageObject","inLanguage":"en-US","@id":"https:\/\/lifelonghearing.com\/ro\/calitatea-vietii-la-o-varsta-inaintata\/#primaryimage","url":"https:\/\/lifelonghearing.com\/ro\/wp-content\/uploads\/sites\/5\/2022\/11\/carpediem_featured-1200x559-1.jpg","contentUrl":"https:\/\/lifelonghearing.com\/ro\/wp-content\/uploads\/sites\/5\/2022\/11\/carpediem_featured-1200x559-1.jpg","width":1200,"height":559},{"@type":"BreadcrumbList","@id":"https:\/\/lifelonghearing.com\/ro\/calitatea-vietii-la-o-varsta-inaintata\/#breadcrumb","itemListElement":[{"@type":"ListItem","position":1,"name":"Home","item":"https:\/\/lifelonghearing.com\/ro\/"},{"@type":"ListItem","position":2,"name":"Calitatea vie\u021bii la o v\u00e2rst\u0103 \u00eenaintat\u0103"}]},{"@type":"WebSite","@id":"https:\/\/lifelonghearing.com\/ro\/#website","url":"https:\/\/lifelonghearing.com\/ro\/","name":"Romanian","description":"","potentialAction":[{"@type":"SearchAction","target":{"@type":"EntryPoint","urlTemplate":"https:\/\/lifelonghearing.com\/ro\/?s={search_term_string}"},"query-input":{"@type":"PropertyValueSpecification","valueRequired":true,"valueName":"search_term_string"}}],"inLanguage":"en-US"},{"@type":"Person","@id":"https:\/\/lifelonghearing.com\/ro\/#\/schema\/person\/bf63eda228b9e220de707e9ef974ed27","name":"fjkdev","image":{"@type":"ImageObject","inLanguage":"en-US","@id":"https:\/\/lifelonghearing.com\/ro\/#\/schema\/person\/image\/","url":"https:\/\/secure.gravatar.com\/avatar\/a7434b53a4696595aad9b5066f6512c8?s=96&d=mm&r=g","contentUrl":"https:\/\/secure.gravatar.com\/avatar\/a7434b53a4696595aad9b5066f6512c8?s=96&d=mm&r=g","caption":"fjkdev"},"url":"https:\/\/lifelonghearing.com\/ro\/author\/fjkdev\/"}]}},"acf":[],"_links":{"self":[{"href":"https:\/\/lifelonghearing.com\/ro\/wp-json\/wp\/v2\/posts\/22256","targetHints":{"allow":["GET"]}}],"collection":[{"href":"https:\/\/lifelonghearing.com\/ro\/wp-json\/wp\/v2\/posts"}],"about":[{"href":"https:\/\/lifelonghearing.com\/ro\/wp-json\/wp\/v2\/types\/post"}],"author":[{"embeddable":true,"href":"https:\/\/lifelonghearing.com\/ro\/wp-json\/wp\/v2\/users\/4"}],"replies":[{"embeddable":true,"href":"https:\/\/lifelonghearing.com\/ro\/wp-json\/wp\/v2\/comments?post=22256"}],"version-history":[{"count":3,"href":"https:\/\/lifelonghearing.com\/ro\/wp-json\/wp\/v2\/posts\/22256\/revisions"}],"predecessor-version":[{"id":32298,"href":"https:\/\/lifelonghearing.com\/ro\/wp-json\/wp\/v2\/posts\/22256\/revisions\/32298"}],"wp:featuredmedia":[{"embeddable":true,"href":"https:\/\/lifelonghearing.com\/ro\/wp-json\/wp\/v2\/media\/31888"}],"wp:attachment":[{"href":"https:\/\/lifelonghearing.com\/ro\/wp-json\/wp\/v2\/media?parent=22256"}],"wp:term":[{"taxonomy":"category","embeddable":true,"href":"https:\/\/lifelonghearing.com\/ro\/wp-json\/wp\/v2\/categories?post=22256"},{"taxonomy":"post_tag","embeddable":true,"href":"https:\/\/lifelonghearing.com\/ro\/wp-json\/wp\/v2\/tags?post=22256"}],"curies":[{"name":"wp","href":"https:\/\/api.w.org\/{rel}","templated":true}]}}