{"id":32521,"date":"2026-04-30T07:54:11","date_gmt":"2026-04-30T07:54:11","guid":{"rendered":"https:\/\/lifelonghearing.com\/lt\/?p=32521"},"modified":"2026-04-30T07:56:10","modified_gmt":"2026-04-30T07:56:10","slug":"nekantrauju-pradeti-klausytis-muzikos-per-srautines-platformas","status":"publish","type":"post","link":"https:\/\/lifelonghearing.com\/lt\/nekantrauju-pradeti-klausytis-muzikos-per-srautines-platformas\/","title":{"rendered":"\u201eNekantrauju prad\u0117ti klausytis muzikos per srautines platformas!\u201c"},"content":{"rendered":"<div class=\"fusion-fullwidth fullwidth-box fusion-builder-row-1 fusion-flex-container nonhundred-percent-fullwidth non-hundred-percent-height-scrolling\" style=\"--awb-border-radius-top-left:0px;--awb-border-radius-top-right:0px;--awb-border-radius-bottom-right:0px;--awb-border-radius-bottom-left:0px;--awb-flex-wrap:wrap;\" ><div class=\"fusion-builder-row fusion-row fusion-flex-align-items-flex-start fusion-flex-content-wrap\" style=\"max-width:1248px;margin-left: calc(-4% \/ 2 );margin-right: calc(-4% \/ 2 );\"><div class=\"fusion-layout-column fusion_builder_column fusion-builder-column-0 fusion_builder_column_1_1 1_1 fusion-flex-column\" style=\"--awb-bg-size:cover;--awb-width-large:100%;--awb-margin-top-large:0px;--awb-spacing-right-large:1.92%;--awb-margin-bottom-large:10px;--awb-spacing-left-large:1.92%;--awb-width-medium:100%;--awb-order-medium:0;--awb-spacing-right-medium:1.92%;--awb-spacing-left-medium:1.92%;--awb-width-small:100%;--awb-order-small:0;--awb-spacing-right-small:1.92%;--awb-spacing-left-small:1.92%;\"><div class=\"fusion-column-wrapper fusion-flex-justify-content-flex-start fusion-content-layout-column\"><div class=\"fusion-title title fusion-title-1 fusion-sep-none fusion-title-text fusion-title-size-one\" style=\"--awb-margin-top:0px;--awb-margin-bottom:10px;--awb-font-size:36px;\"><h1 class=\"fusion-title-heading title-heading-left fusion-responsive-typography-calculated\" style=\"margin:0;font-size:1em;--fontSize:36;line-height:1.4;\">Vienpusis kurtumas d\u0117l otoskleroz\u0117s \u2013 gird\u0117jimas abiem ausimis d\u0117ka kochlearinio implanto<\/h1><\/div><div class=\"fusion-text fusion-text-1\"><p><strong>18 met\u0173 Christianas Vogtas viena ausimi gird\u0117jo labai silpnai arba visai negird\u0117jo: \u201eTarsi ausys b\u016bt\u0173 u\u017ekim\u0161tos.\u201c 2025 m. prad\u017eioje jis atgavo klaus\u0105 d\u0117ka kochlearinio implanto.<\/strong><\/p>\n<\/div><div class=\"fusion-separator fusion-full-width-sep\" style=\"align-self: center;margin-left: auto;margin-right: auto;width:100%;\"><\/div><div class=\"fusion-image-element \" style=\"--awb-caption-title-font-family:var(--h2_typography-font-family);--awb-caption-title-font-weight:var(--h2_typography-font-weight);--awb-caption-title-font-style:var(--h2_typography-font-style);--awb-caption-title-size:var(--h2_typography-font-size);--awb-caption-title-transform:var(--h2_typography-text-transform);--awb-caption-title-line-height:var(--h2_typography-line-height);--awb-caption-title-letter-spacing:var(--h2_typography-letter-spacing);\"><span class=\" fusion-imageframe imageframe-none imageframe-1 hover-type-none\"><img decoding=\"async\" width=\"1400\" height=\"652\" title=\"streaming_featured\" src=\"https:\/\/lifelonghearing.com\/lt\/wp-content\/uploads\/sites\/12\/2026\/03\/streaming_featured-1.jpg\" data-orig-src=\"https:\/\/lifelonghearing.com\/lt\/wp-content\/uploads\/sites\/12\/2026\/03\/streaming_featured-1.jpg\" alt class=\"lazyload img-responsive wp-image-32600\" srcset=\"data:image\/svg+xml,%3Csvg%20xmlns%3D%27http%3A%2F%2Fwww.w3.org%2F2000%2Fsvg%27%20width%3D%271400%27%20height%3D%27652%27%20viewBox%3D%270%200%201400%20652%27%3E%3Crect%20width%3D%271400%27%20height%3D%27652%27%20fill-opacity%3D%220%22%2F%3E%3C%2Fsvg%3E\" data-srcset=\"https:\/\/lifelonghearing.com\/lt\/wp-content\/uploads\/sites\/12\/2026\/03\/streaming_featured-1-200x93.jpg 200w, https:\/\/lifelonghearing.com\/lt\/wp-content\/uploads\/sites\/12\/2026\/03\/streaming_featured-1-400x186.jpg 400w, https:\/\/lifelonghearing.com\/lt\/wp-content\/uploads\/sites\/12\/2026\/03\/streaming_featured-1-600x279.jpg 600w, https:\/\/lifelonghearing.com\/lt\/wp-content\/uploads\/sites\/12\/2026\/03\/streaming_featured-1-800x373.jpg 800w, https:\/\/lifelonghearing.com\/lt\/wp-content\/uploads\/sites\/12\/2026\/03\/streaming_featured-1-1200x559.jpg 1200w, https:\/\/lifelonghearing.com\/lt\/wp-content\/uploads\/sites\/12\/2026\/03\/streaming_featured-1.jpg 1400w\" data-sizes=\"auto\" data-orig-sizes=\"(max-width: 1024px) 100vw, (max-width: 640px) 100vw, 1200px\" \/><\/span><\/div><div class=\"fusion-separator fusion-full-width-sep\" style=\"align-self: center;margin-left: auto;margin-right: auto;width:100%;\"><\/div><div class=\"fusion-text fusion-text-2\"><h3>\u201eMan teatras prasid\u0117jo dar 2006 metais\u201c, \u2013 prisimena Christianas Vogtas.<\/h3>\n<p>Vairuodamas automobil\u012f tuomet 31-eri\u0173 Christianas staiga pajuto, kad beveik nieko negirdi de\u0161ine ausimi. \u201eBuvo taip, lyg kas b\u016bt\u0173 \u012fki\u0161\u0119s kam\u0161t\u012f \u012f aus\u012f \u2014 ir viskas.\u201c Nors kariuomen\u0117s gydytojas dar \u0161aukimo medicinin\u0117s ap\u017ei\u016bros metu buvo nustat\u0119s tam tikr\u0105 vienpus\u012f klausos sutrikim\u0105, Vogtas buvo pripa\u017eintas \u201etinkamu tarnybai su nedideliais apribojimais\u201c, o papildom\u0173 rekomendacij\u0173 negavo. Kadangi nei tarnybos metu, nei kasdienyb\u0117je jis nepasteb\u0117jo ry\u0161ki\u0173 sunkum\u0173, visk\u0105 paliko taip, kaip yra.<\/p>\n<p>Ta\u010diau 2006-aisiais, va\u017eiuojant automobiliu, de\u0161in\u0117je ausyje staiga \u012fvyko klausos praradimas. Kai, prie\u0161ingai visoms viltims, klausa neatsistat\u0117, \u017demutin\u0117s Austrijos gyventojas kreip\u0117si \u012f LOR specialist\u0105, v\u0117liau \u2013 \u012f specializuot\u0105 klinik\u0105. Ta\u010diau tuo metu, esant tik dvide\u0161imties procent\u0173 likutinei klausai de\u0161in\u0117je ausyje ir sveikai kairiajai ausiai, specialistai jam negal\u0117jo pad\u0117ti. \u201eTikriausiai \u0161iek tiek pats buvau aplaidus\u201c, \u2013 \u0161iandien pripa\u017e\u012fsta jis, nes nuo tada kasdienyb\u0117je teko susidurti su dideliais apribojimais.<\/p>\n<h3>\u201eNormaliai girdintiems \u017emon\u0117ms tai sunku suprasti!\u201c<\/h3>\n<div id=\"attachment_32601\" style=\"width: 310px\" class=\"wp-caption alignleft\"><img decoding=\"async\" aria-describedby=\"caption-attachment-32601\" class=\"lazyload size-medium wp-image-32601\" src=\"https:\/\/lifelonghearing.com\/lt\/wp-content\/uploads\/sites\/12\/2026\/03\/IMG_6794-1-300x200.jpg\" data-orig-src=\"https:\/\/lifelonghearing.com\/lt\/wp-content\/uploads\/sites\/12\/2026\/03\/IMG_6794-1-300x200.jpg\" alt=\"\" width=\"300\" height=\"200\" srcset=\"data:image\/svg+xml,%3Csvg%20xmlns%3D%27http%3A%2F%2Fwww.w3.org%2F2000%2Fsvg%27%20width%3D%27300%27%20height%3D%27200%27%20viewBox%3D%270%200%20300%20200%27%3E%3Crect%20width%3D%27300%27%20height%3D%27200%27%20fill-opacity%3D%220%22%2F%3E%3C%2Fsvg%3E\" data-srcset=\"https:\/\/lifelonghearing.com\/lt\/wp-content\/uploads\/sites\/12\/2026\/03\/IMG_6794-1-200x133.jpg 200w, https:\/\/lifelonghearing.com\/lt\/wp-content\/uploads\/sites\/12\/2026\/03\/IMG_6794-1-300x200.jpg 300w, https:\/\/lifelonghearing.com\/lt\/wp-content\/uploads\/sites\/12\/2026\/03\/IMG_6794-1-400x267.jpg 400w, https:\/\/lifelonghearing.com\/lt\/wp-content\/uploads\/sites\/12\/2026\/03\/IMG_6794-1-600x400.jpg 600w, https:\/\/lifelonghearing.com\/lt\/wp-content\/uploads\/sites\/12\/2026\/03\/IMG_6794-1-768x512.jpg 768w, https:\/\/lifelonghearing.com\/lt\/wp-content\/uploads\/sites\/12\/2026\/03\/IMG_6794-1-800x533.jpg 800w, https:\/\/lifelonghearing.com\/lt\/wp-content\/uploads\/sites\/12\/2026\/03\/IMG_6794-1-1024x683.jpg 1024w, https:\/\/lifelonghearing.com\/lt\/wp-content\/uploads\/sites\/12\/2026\/03\/IMG_6794-1-1200x800.jpg 1200w, https:\/\/lifelonghearing.com\/lt\/wp-content\/uploads\/sites\/12\/2026\/03\/IMG_6794-1-1536x1024.jpg 1536w, https:\/\/lifelonghearing.com\/lt\/wp-content\/uploads\/sites\/12\/2026\/03\/IMG_6794-1-scaled.jpg 1916w\" data-sizes=\"auto\" data-orig-sizes=\"(max-width: 300px) 100vw, 300px\" \/><p id=\"caption-attachment-32601\" class=\"wp-caption-text\">KI naudotojas Christianas Vogtas turi tik geriausius \u017eod\u017eius \u0160v. Pelteno universitetin\u0117s ligonin\u0117s komandai, kuri r\u016bpinasi juo ir jo CI ausimi. \u00a9Eva Kohl<\/p><\/div>\n<p>Vogt\u0105 ypa\u010d vargino nuolatinis spaudimo jausmas ausyje. \u201eAtrod\u0117, tarsi viduje b\u016bt\u0173 kam\u0161tis, kur\u012f tereikia i\u0161traukti, kad v\u0117l gird\u0117tum.\u201c Kartais noras \u201ei\u0161laisvinti\u201c aus\u012f b\u016bdavo toks stiprus, kad, kaip jis pats sako, \u201egal\u0117jau net \u0161akute bandyti j\u0105 pradurti.\u201c<\/p>\n<p>\u201eVisada buvo sunku, kai aplink daug foninio triuk\u0161mo\u201c, \u2013 prisimena jis daugyb\u0119 nemaloni\u0173 situacij\u0173. \u201eArba kai kas nors kalb\u0117davo i\u0161 de\u0161in\u0117s pus\u0117s \u2013 a\u0161 tiesiog negird\u0117davau. \u017dinoma, \u017emon\u0117s galvodavo, kad juos ignoruoju \u2013 juk ant kaktos neturiu u\u017era\u0161o, kad esu kur\u010dias viena ausimi.\u201c<\/p>\n<p>\u0160v. Pelteno gyventojas kalba apie tai, k\u0105 pats vadina \u201etam tikrais trinties ta\u0161kais\u201c \u0161eimoje \u2013 pavyzd\u017eiui, kai vakarais televizoriaus garsumas tur\u0117davo b\u016bti daug didesnis nei patiko kitiems, arba kai \u017emona k\u0105 nors pasakydavo per tyliai ar tarp kitko. \u201eDa\u017enai supykdavau ir sakydavau: \u2018Tu juk puikiai \u017einai, kad a\u0161 to negird\u017eiu!\u2019\u201c \u2013 prisipa\u017e\u012fsta jis ir priduria: \u201e\u017dinoma, \u017emon\u0117s vis pamir\u0161ta, bet vis tiek tai mane erzino.\u201c Draug\u0173 rate Vogtas tapo vis u\u017edaresnis: \u201eNiekada ne\u017einai, kaip \u012fsitraukti, kai tiesiog nesupranti, k\u0105 kiti sako.\u201c Jis nenor\u0117jo nuolat pra\u0161yti pakartoti: \u201eVisi buvo supratingi, bet vis tiek man buvo nemalonu. Jau\u010diausi atstumtas.\u201c Vis d\u0117lto jis taip gyveno net 16 met\u0173 nesikreipdamas pagalbos: \u201eSakiau sau \u2013 tiesiog teks su tuo susitaikyti.\u201c<\/p>\n<h3>\u201eSu KI mano gyvenimo kokyb\u0117 pager\u0117jo 70 procent\u0173!\u201c<\/h3>\n<p>Tik po daugiau nei pusantro de\u0161imtme\u010dio, kai Vogtas pajuto, kad jo klausa apskritai pradeda silpn\u0117ti, jis kreip\u0117si \u012f klausos aparat\u0173 specialist\u0105. Tyrimai ten ir pas LOR gydytoj\u0105 parod\u0117, kad jis serga pa\u017eengusia otoskleroze \u2013 liga, kuriai b\u016bdingas per didelis audini\u0173 augimas ir kuri da\u017enai sutrikdo ausies funkcij\u0105. Kai stapedektomija \u2013 operacija, kurios metu sukaul\u0117jusi strukt\u016bra pakei\u010diama tinkamu vidurin\u0117s ausies protezu \u2013 nedav\u0117 rezultat\u0173, gydytojai rekomendavo kochlearin\u012f implant\u0105 (KI).<\/p>\n<p>KI sistema gars\u0105 paver\u010dia elektriniais signalais, kurie stimuliuoja klausos nerv\u0105 ir taip pakei\u010dia vidurin\u0117s bei vidin\u0117s ausies funkcij\u0105. \u017demutin\u0117s Austrijos gyventojas iki \u0161iol ry\u0161kiai prisimena KI sistemos aktyvavim\u0105 \u0160v. Pelteno universitetin\u0117je ligonin\u0117je: \u201eNuo pirmos akimirkos v\u0117l prad\u0117jau gird\u0117ti garsus. Tai tikrai labai palengvino mano gyvenim\u0105!\u201c Nors prireik\u0117 laiko, kol su KI jis prad\u0117jo suprasti kalb\u0105, viena jam buvo ai\u0161ku i\u0161 karto: \u201eVien tai, kad dingo spaudimo jausmas de\u0161in\u0117je ausyje, nes ji v\u0117l gauna gars\u0105 \u2013 vien d\u0117l to vert\u0117t\u0173 prietais\u0105 ne\u0161ioti vis\u0105 dien\u0105.\u201c<\/p>\n<p>\u201eDabar galiu reaguoti ir tada, kai kas nors kalba i\u0161 de\u0161in\u0117s pus\u0117s\u201c, \u2013 sako entuziastingas triatlonininkas. Jis treniruojasi 12\u201314 valand\u0173 per savait\u0119 \u2013 kasdien bent dvi valandas va\u017eiuoja dvira\u010diu ir vien\u0105 valand\u0105 b\u0117ga. KI jam padeda ir treniruo\u010di\u0173 metu: \u201eB\u0117gdamas kair\u0117je ausyje naudoju AirPod ir klausausi muzikos. Anks\u010diau negird\u0117davau i\u0161 u\u017e nugaros art\u0117jan\u010di\u0173 automobili\u0173.\u201c Tod\u0117l jis b\u0117gdavo kairi\u0105ja kelio puse, kad matyt\u0173 prie\u0161prie\u0161ais atva\u017eiuojant\u012f transport\u0105. \u201eBet tai vis tiek nebuvo visi\u0161kai saugu. Dabar de\u0161in\u0117je pus\u0117je ne\u0161ioju kalbos procesori\u0173. Muzik\u0105 klausau kair\u0117je \u2013 o de\u0161ine gird\u017eiu, kai art\u0117ja automobilis. Tai labai svarbu!\u201c<\/p>\n<h3>\u201eKI naudotoj\u0173 nereikia gail\u0117ti!\u201c<\/h3>\n<p>\u0160iuolaikin\u0117s KI sistemos susideda i\u0161 implanto ir i\u0161or\u0117je ne\u0161iojamo garso procesoriaus. Jis laikomas kaip klausos aparatas ant ausies arba \u0161iek tiek vir\u0161 jos. Jei naudotojai turi trumpus plaukus arba, kaip triatlonininkas Vogtas, visai j\u0173 neturi, procesorius yra ai\u0161kiai matomas. Ta\u010diau tai jo netrikdo: \u201eKai kurie \u017emon\u0117s pasi\u017ei\u016bri, bet labai retai kas nors apie tai u\u017ekalbina. Ir tikrai nereikia man\u0119s gail\u0117ti d\u0117l KI \u2013 su juo susigr\u0105\u017einau dal\u012f savo gyvenimo kokyb\u0117s!\u201c<\/p>\n<p>Vogtui vis dar kartais tenka papra\u0161yti pakartoti. \u201eBet jei, kaip a\u0161, 16 met\u0173 beveik nieko negird\u0117jai, o dar dvejus metus buvai visi\u0161kai kur\u010dias, negali tik\u0117tis, kad klausa atsistatys per vien\u0105 dien\u0105\u201c, \u2013 sako jis. \u201eI\u0161 prad\u017ei\u0173 girdi tik garsus.\u201c Supratimas vystosi palaipsniui. \u201eReikia duoti k\u016bnui, nervams ir smegenims laiko visk\u0105 i\u0161mokti i\u0161 naujo.\u201c Kol kas muzikai jis vis dar renkasi AirPod girdin\u010dioje ausyje. \u201eTa\u010diau labai laukiu tos akimirkos, kai gal\u0117siu b\u0117gti be AirPod ir transliuoti muzik\u0105 tiesiai \u012f savo KI procesori\u0173!\u201c<\/p>\n<\/div><div class=\"fusion-reading-box-container reading-box-container-1\" style=\"--awb-title-color:#3d3b3b;--awb-margin-top:0px;--awb-margin-bottom:84px;\"><div class=\"reading-box\" style=\"background-color:#ffffff;border-width:1px;border-color:#e0dede;border-left-width:3px;border-left-color:var(--primary_color);border-style:solid;\"><div class=\"reading-box-additional\">\n<h2><strong>Pasiruo\u0161\u0119 atei\u010diai<\/strong><\/h2>\n<p>Otoskleroz\u0117 paprastai paveikia abi ausis, nors da\u017enai skirtingu laipsniu. Tod\u0117l \u201eMED-EL\u201c KI sistemos ypa\u010d tinka \u017emon\u0117ms, turintiems \u0161i\u0105 b\u016bkl\u0119: jei kitoje ausyje reikalingas \u012fprastas klausos aparatas, j\u012f galima pasirinkti laisvai \u2013 neatsi\u017evelgiant \u012f prie\u0161ingoje ausyje esant\u012f KI \u2013 tiesiog pagal tai, kas geriausiai atitinka klausos praradim\u0105 toje ausyje. Taip yra tod\u0117l, kad:<\/p>\n<ul>\n<li>\u201eMED-EL\u201c kuria KI garso apdorojim\u0105 taip, kad jis kuo labiau primint\u0173 nat\u016bral\u0173 gird\u0117jim\u0105 \u2013 su ilgu elektrod\u0173 laikikliu, atraumatine gilaus \u012fvedimo galimybe ir \u201efine-structure\u201c kodavimu geresniam \u017eem\u0173 da\u017eni\u0173 gars\u0173 suvokimui.<\/li>\n<li>Reguliuojamas laiko v\u0117lavimas KI garso procesoriuje \u2013 tiek u\u017e ausies ne\u0161iojamame, tiek vieno korpuso procesoriuje \u2013 leid\u017eia j\u012f sinchronizuoti su individualiu bet kurio \u012fprasto klausos aparato apdorojimo laiku.<\/li>\n<li>Vis daugiau \u0161iuolaikini\u0173 klausos aparat\u0173 ir mobili\u0173j\u0173 \u012frengini\u0173 palaiko bimodalin\u012f srautin\u012f perdavim\u0105 (\u012f abi ausis) be joki\u0173 sunkum\u0173.<\/li>\n<\/ul>\n<p>Gamintojas remiasi daugybe tyrim\u0173, patvirtinan\u010di\u0173 ypa\u010d pirm\u0173j\u0173 dviej\u0173 punkt\u0173 s\u0117kming\u0105 taikym\u0105. D\u0117l to \u201eMED-EL\u201c KI sistemos yra visi\u0161kai suderinamos su bet kuriuo \u012fprastu klausos aparatu kitoje ausyje. Naujausiai prie suderinam\u0173 srautinio perdavimo \u012frengini\u0173 s\u0105ra\u0161o prisijung\u0117 ir \u201eStarkey\u201c klausos aparatai \u2013 o pasirinkimas ir toliau ple\u010diasi. Tai u\u017etikrina, kad kiekviena ausis gali b\u016bti optimaliai palaikoma.<\/p>\n<\/div><div class=\"fusion-clearfix\"><\/div><\/div><\/div><\/div><\/div><\/div><\/div>\n","protected":false},"excerpt":{"rendered":"<p>18 met\u0173 Christianas Vogtas viena ausimi gird\u0117jo labai silpnai arba visai negird\u0117jo: \u201eTarsi ausys b\u016bt\u0173 u\u017ekim\u0161tos.\u201c 2025 m. prad\u017eioje jis atgavo klaus\u0105 d\u0117ka kochlearinio implanto.<\/p>\n","protected":false},"author":10,"featured_media":32600,"comment_status":"open","ping_status":"open","sticky":false,"template":"","format":"standard","meta":{"_acf_changed":false,"footnotes":""},"categories":[411],"tags":[],"class_list":["post-32521","post","type-post","status-publish","format-standard","has-post-thumbnail","hentry","category-sveikata"],"yoast_head":"<!-- This site is optimized with the Yoast SEO plugin v24.3 - https:\/\/yoast.com\/wordpress\/plugins\/seo\/ -->\n<title>\u201eNekantrauju prad\u0117ti klausytis muzikos per srautines platformas!\u201c - Lithuanian<\/title>\n<meta name=\"robots\" content=\"index, follow, max-snippet:-1, max-image-preview:large, max-video-preview:-1\" \/>\n<link rel=\"canonical\" href=\"https:\/\/lifelonghearing.com\/lt\/nekantrauju-pradeti-klausytis-muzikos-per-srautines-platformas\/\" \/>\n<meta property=\"og:locale\" content=\"en_US\" \/>\n<meta property=\"og:type\" content=\"article\" \/>\n<meta property=\"og:title\" content=\"\u201eNekantrauju prad\u0117ti klausytis muzikos per srautines platformas!\u201c - Lithuanian\" \/>\n<meta property=\"og:description\" content=\"18 met\u0173 Christianas Vogtas viena ausimi gird\u0117jo labai silpnai arba visai negird\u0117jo: \u201eTarsi ausys b\u016bt\u0173 u\u017ekim\u0161tos.\u201c 2025 m. prad\u017eioje jis atgavo klaus\u0105 d\u0117ka kochlearinio implanto.\" \/>\n<meta property=\"og:url\" content=\"https:\/\/lifelonghearing.com\/lt\/nekantrauju-pradeti-klausytis-muzikos-per-srautines-platformas\/\" \/>\n<meta property=\"og:site_name\" content=\"Lithuanian\" \/>\n<meta property=\"article:published_time\" content=\"2026-04-30T07:54:11+00:00\" \/>\n<meta property=\"article:modified_time\" content=\"2026-04-30T07:56:10+00:00\" \/>\n<meta property=\"og:image\" content=\"https:\/\/lifelonghearing.com\/lt\/wp-content\/uploads\/sites\/12\/2026\/03\/streaming_featured-1.jpg\" \/>\n\t<meta property=\"og:image:width\" content=\"1400\" \/>\n\t<meta property=\"og:image:height\" content=\"652\" \/>\n\t<meta property=\"og:image:type\" content=\"image\/jpeg\" \/>\n<meta name=\"author\" content=\"articleflow\" \/>\n<meta name=\"twitter:card\" content=\"summary_large_image\" \/>\n<meta name=\"twitter:label1\" content=\"Written by\" \/>\n\t<meta name=\"twitter:data1\" content=\"articleflow\" \/>\n\t<meta name=\"twitter:label2\" content=\"Est. reading time\" \/>\n\t<meta name=\"twitter:data2\" content=\"5 minutes\" \/>\n<script type=\"application\/ld+json\" class=\"yoast-schema-graph\">{\"@context\":\"https:\/\/schema.org\",\"@graph\":[{\"@type\":\"WebPage\",\"@id\":\"https:\/\/lifelonghearing.com\/lt\/nekantrauju-pradeti-klausytis-muzikos-per-srautines-platformas\/\",\"url\":\"https:\/\/lifelonghearing.com\/lt\/nekantrauju-pradeti-klausytis-muzikos-per-srautines-platformas\/\",\"name\":\"\u201eNekantrauju prad\u0117ti klausytis muzikos per srautines platformas!\u201c - Lithuanian\",\"isPartOf\":{\"@id\":\"https:\/\/lifelonghearing.com\/lt\/#website\"},\"primaryImageOfPage\":{\"@id\":\"https:\/\/lifelonghearing.com\/lt\/nekantrauju-pradeti-klausytis-muzikos-per-srautines-platformas\/#primaryimage\"},\"image\":{\"@id\":\"https:\/\/lifelonghearing.com\/lt\/nekantrauju-pradeti-klausytis-muzikos-per-srautines-platformas\/#primaryimage\"},\"thumbnailUrl\":\"https:\/\/lifelonghearing.com\/lt\/wp-content\/uploads\/sites\/12\/2026\/03\/streaming_featured-1.jpg\",\"datePublished\":\"2026-04-30T07:54:11+00:00\",\"dateModified\":\"2026-04-30T07:56:10+00:00\",\"author\":{\"@id\":\"https:\/\/lifelonghearing.com\/lt\/#\/schema\/person\/d0edcc0a625e2f23267e35d92373b717\"},\"breadcrumb\":{\"@id\":\"https:\/\/lifelonghearing.com\/lt\/nekantrauju-pradeti-klausytis-muzikos-per-srautines-platformas\/#breadcrumb\"},\"inLanguage\":\"en-US\",\"potentialAction\":[{\"@type\":\"ReadAction\",\"target\":[\"https:\/\/lifelonghearing.com\/lt\/nekantrauju-pradeti-klausytis-muzikos-per-srautines-platformas\/\"]}]},{\"@type\":\"ImageObject\",\"inLanguage\":\"en-US\",\"@id\":\"https:\/\/lifelonghearing.com\/lt\/nekantrauju-pradeti-klausytis-muzikos-per-srautines-platformas\/#primaryimage\",\"url\":\"https:\/\/lifelonghearing.com\/lt\/wp-content\/uploads\/sites\/12\/2026\/03\/streaming_featured-1.jpg\",\"contentUrl\":\"https:\/\/lifelonghearing.com\/lt\/wp-content\/uploads\/sites\/12\/2026\/03\/streaming_featured-1.jpg\",\"width\":1400,\"height\":652},{\"@type\":\"BreadcrumbList\",\"@id\":\"https:\/\/lifelonghearing.com\/lt\/nekantrauju-pradeti-klausytis-muzikos-per-srautines-platformas\/#breadcrumb\",\"itemListElement\":[{\"@type\":\"ListItem\",\"position\":1,\"name\":\"Home\",\"item\":\"https:\/\/lifelonghearing.com\/lt\/\"},{\"@type\":\"ListItem\",\"position\":2,\"name\":\"\u201eNekantrauju prad\u0117ti klausytis muzikos per srautines platformas!\u201c\"}]},{\"@type\":\"WebSite\",\"@id\":\"https:\/\/lifelonghearing.com\/lt\/#website\",\"url\":\"https:\/\/lifelonghearing.com\/lt\/\",\"name\":\"Lithuanian\",\"description\":\"\",\"potentialAction\":[{\"@type\":\"SearchAction\",\"target\":{\"@type\":\"EntryPoint\",\"urlTemplate\":\"https:\/\/lifelonghearing.com\/lt\/?s={search_term_string}\"},\"query-input\":{\"@type\":\"PropertyValueSpecification\",\"valueRequired\":true,\"valueName\":\"search_term_string\"}}],\"inLanguage\":\"en-US\"},{\"@type\":\"Person\",\"@id\":\"https:\/\/lifelonghearing.com\/lt\/#\/schema\/person\/d0edcc0a625e2f23267e35d92373b717\",\"name\":\"articleflow\",\"image\":{\"@type\":\"ImageObject\",\"inLanguage\":\"en-US\",\"@id\":\"https:\/\/lifelonghearing.com\/lt\/#\/schema\/person\/image\/\",\"url\":\"https:\/\/secure.gravatar.com\/avatar\/ce5adb94a89bcd93687bce9b019e3dd3?s=96&d=mm&r=g\",\"contentUrl\":\"https:\/\/secure.gravatar.com\/avatar\/ce5adb94a89bcd93687bce9b019e3dd3?s=96&d=mm&r=g\",\"caption\":\"articleflow\"},\"url\":\"https:\/\/lifelonghearing.com\/lt\/author\/articleflow\/\"}]}<\/script>\n<!-- \/ Yoast SEO plugin. -->","yoast_head_json":{"title":"\u201eNekantrauju prad\u0117ti klausytis muzikos per srautines platformas!\u201c - Lithuanian","robots":{"index":"index","follow":"follow","max-snippet":"max-snippet:-1","max-image-preview":"max-image-preview:large","max-video-preview":"max-video-preview:-1"},"canonical":"https:\/\/lifelonghearing.com\/lt\/nekantrauju-pradeti-klausytis-muzikos-per-srautines-platformas\/","og_locale":"en_US","og_type":"article","og_title":"\u201eNekantrauju prad\u0117ti klausytis muzikos per srautines platformas!\u201c - Lithuanian","og_description":"18 met\u0173 Christianas Vogtas viena ausimi gird\u0117jo labai silpnai arba visai negird\u0117jo: \u201eTarsi ausys b\u016bt\u0173 u\u017ekim\u0161tos.\u201c 2025 m. prad\u017eioje jis atgavo klaus\u0105 d\u0117ka kochlearinio implanto.","og_url":"https:\/\/lifelonghearing.com\/lt\/nekantrauju-pradeti-klausytis-muzikos-per-srautines-platformas\/","og_site_name":"Lithuanian","article_published_time":"2026-04-30T07:54:11+00:00","article_modified_time":"2026-04-30T07:56:10+00:00","og_image":[{"width":1400,"height":652,"url":"https:\/\/lifelonghearing.com\/lt\/wp-content\/uploads\/sites\/12\/2026\/03\/streaming_featured-1.jpg","type":"image\/jpeg"}],"author":"articleflow","twitter_card":"summary_large_image","twitter_misc":{"Written by":"articleflow","Est. reading time":"5 minutes"},"schema":{"@context":"https:\/\/schema.org","@graph":[{"@type":"WebPage","@id":"https:\/\/lifelonghearing.com\/lt\/nekantrauju-pradeti-klausytis-muzikos-per-srautines-platformas\/","url":"https:\/\/lifelonghearing.com\/lt\/nekantrauju-pradeti-klausytis-muzikos-per-srautines-platformas\/","name":"\u201eNekantrauju prad\u0117ti klausytis muzikos per srautines platformas!\u201c - Lithuanian","isPartOf":{"@id":"https:\/\/lifelonghearing.com\/lt\/#website"},"primaryImageOfPage":{"@id":"https:\/\/lifelonghearing.com\/lt\/nekantrauju-pradeti-klausytis-muzikos-per-srautines-platformas\/#primaryimage"},"image":{"@id":"https:\/\/lifelonghearing.com\/lt\/nekantrauju-pradeti-klausytis-muzikos-per-srautines-platformas\/#primaryimage"},"thumbnailUrl":"https:\/\/lifelonghearing.com\/lt\/wp-content\/uploads\/sites\/12\/2026\/03\/streaming_featured-1.jpg","datePublished":"2026-04-30T07:54:11+00:00","dateModified":"2026-04-30T07:56:10+00:00","author":{"@id":"https:\/\/lifelonghearing.com\/lt\/#\/schema\/person\/d0edcc0a625e2f23267e35d92373b717"},"breadcrumb":{"@id":"https:\/\/lifelonghearing.com\/lt\/nekantrauju-pradeti-klausytis-muzikos-per-srautines-platformas\/#breadcrumb"},"inLanguage":"en-US","potentialAction":[{"@type":"ReadAction","target":["https:\/\/lifelonghearing.com\/lt\/nekantrauju-pradeti-klausytis-muzikos-per-srautines-platformas\/"]}]},{"@type":"ImageObject","inLanguage":"en-US","@id":"https:\/\/lifelonghearing.com\/lt\/nekantrauju-pradeti-klausytis-muzikos-per-srautines-platformas\/#primaryimage","url":"https:\/\/lifelonghearing.com\/lt\/wp-content\/uploads\/sites\/12\/2026\/03\/streaming_featured-1.jpg","contentUrl":"https:\/\/lifelonghearing.com\/lt\/wp-content\/uploads\/sites\/12\/2026\/03\/streaming_featured-1.jpg","width":1400,"height":652},{"@type":"BreadcrumbList","@id":"https:\/\/lifelonghearing.com\/lt\/nekantrauju-pradeti-klausytis-muzikos-per-srautines-platformas\/#breadcrumb","itemListElement":[{"@type":"ListItem","position":1,"name":"Home","item":"https:\/\/lifelonghearing.com\/lt\/"},{"@type":"ListItem","position":2,"name":"\u201eNekantrauju prad\u0117ti klausytis muzikos per srautines platformas!\u201c"}]},{"@type":"WebSite","@id":"https:\/\/lifelonghearing.com\/lt\/#website","url":"https:\/\/lifelonghearing.com\/lt\/","name":"Lithuanian","description":"","potentialAction":[{"@type":"SearchAction","target":{"@type":"EntryPoint","urlTemplate":"https:\/\/lifelonghearing.com\/lt\/?s={search_term_string}"},"query-input":{"@type":"PropertyValueSpecification","valueRequired":true,"valueName":"search_term_string"}}],"inLanguage":"en-US"},{"@type":"Person","@id":"https:\/\/lifelonghearing.com\/lt\/#\/schema\/person\/d0edcc0a625e2f23267e35d92373b717","name":"articleflow","image":{"@type":"ImageObject","inLanguage":"en-US","@id":"https:\/\/lifelonghearing.com\/lt\/#\/schema\/person\/image\/","url":"https:\/\/secure.gravatar.com\/avatar\/ce5adb94a89bcd93687bce9b019e3dd3?s=96&d=mm&r=g","contentUrl":"https:\/\/secure.gravatar.com\/avatar\/ce5adb94a89bcd93687bce9b019e3dd3?s=96&d=mm&r=g","caption":"articleflow"},"url":"https:\/\/lifelonghearing.com\/lt\/author\/articleflow\/"}]}},"acf":[],"_links":{"self":[{"href":"https:\/\/lifelonghearing.com\/lt\/wp-json\/wp\/v2\/posts\/32521","targetHints":{"allow":["GET"]}}],"collection":[{"href":"https:\/\/lifelonghearing.com\/lt\/wp-json\/wp\/v2\/posts"}],"about":[{"href":"https:\/\/lifelonghearing.com\/lt\/wp-json\/wp\/v2\/types\/post"}],"author":[{"embeddable":true,"href":"https:\/\/lifelonghearing.com\/lt\/wp-json\/wp\/v2\/users\/10"}],"replies":[{"embeddable":true,"href":"https:\/\/lifelonghearing.com\/lt\/wp-json\/wp\/v2\/comments?post=32521"}],"version-history":[{"count":4,"href":"https:\/\/lifelonghearing.com\/lt\/wp-json\/wp\/v2\/posts\/32521\/revisions"}],"predecessor-version":[{"id":32607,"href":"https:\/\/lifelonghearing.com\/lt\/wp-json\/wp\/v2\/posts\/32521\/revisions\/32607"}],"wp:featuredmedia":[{"embeddable":true,"href":"https:\/\/lifelonghearing.com\/lt\/wp-json\/wp\/v2\/media\/32600"}],"wp:attachment":[{"href":"https:\/\/lifelonghearing.com\/lt\/wp-json\/wp\/v2\/media?parent=32521"}],"wp:term":[{"taxonomy":"category","embeddable":true,"href":"https:\/\/lifelonghearing.com\/lt\/wp-json\/wp\/v2\/categories?post=32521"},{"taxonomy":"post_tag","embeddable":true,"href":"https:\/\/lifelonghearing.com\/lt\/wp-json\/wp\/v2\/tags?post=32521"}],"curies":[{"name":"wp","href":"https:\/\/api.w.org\/{rel}","templated":true}]}}