{"id":32514,"date":"2026-04-29T11:08:06","date_gmt":"2026-04-29T11:08:06","guid":{"rendered":"https:\/\/lifelonghearing.com\/lt\/?p=32514"},"modified":"2026-04-29T11:08:06","modified_gmt":"2026-04-29T11:08:06","slug":"klausos-praradimas-ir-demencija-gera-klausa-apsaugo-atminti","status":"publish","type":"post","link":"https:\/\/lifelonghearing.com\/lt\/klausos-praradimas-ir-demencija-gera-klausa-apsaugo-atminti\/","title":{"rendered":"Klausos praradimas ir demencija: gera klausa apsaugo atmint\u012f"},"content":{"rendered":"<div class=\"fusion-fullwidth fullwidth-box fusion-builder-row-1 fusion-flex-container nonhundred-percent-fullwidth non-hundred-percent-height-scrolling\" style=\"--awb-border-radius-top-left:0px;--awb-border-radius-top-right:0px;--awb-border-radius-bottom-right:0px;--awb-border-radius-bottom-left:0px;--awb-flex-wrap:wrap;\" ><div class=\"fusion-builder-row fusion-row fusion-flex-align-items-flex-start fusion-flex-content-wrap\" style=\"max-width:1248px;margin-left: calc(-4% \/ 2 );margin-right: calc(-4% \/ 2 );\"><div class=\"fusion-layout-column fusion_builder_column fusion-builder-column-0 fusion_builder_column_1_1 1_1 fusion-flex-column\" style=\"--awb-bg-size:cover;--awb-width-large:100%;--awb-margin-top-large:0px;--awb-spacing-right-large:1.92%;--awb-margin-bottom-large:10px;--awb-spacing-left-large:1.92%;--awb-width-medium:100%;--awb-order-medium:0;--awb-spacing-right-medium:1.92%;--awb-spacing-left-medium:1.92%;--awb-width-small:100%;--awb-order-small:0;--awb-spacing-right-small:1.92%;--awb-spacing-left-small:1.92%;\"><div class=\"fusion-column-wrapper fusion-flex-justify-content-flex-start fusion-content-layout-column\"><div class=\"fusion-title title fusion-title-1 fusion-sep-none fusion-title-text fusion-title-size-one\" style=\"--awb-margin-top:0px;--awb-margin-bottom:10px;--awb-font-size:36px;\"><h1 class=\"fusion-title-heading title-heading-left fusion-responsive-typography-calculated\" style=\"margin:0;font-size:1em;--fontSize:36;line-height:1.4;\">Klausos aparatai ir klausos implantai ma\u017eina demencijos rizik\u0105<\/h1><\/div><div class=\"fusion-text fusion-text-1\"><p><strong>Klausos praradimas turi \u012ftakos ne tik bendravimui, bet ir psichiniam tinkamumui. Tai da\u017enai nepakankamai \u012fvertintas neurokognityvini\u0173 lig\u0173 rizikos veiksnys. Gegu\u017e\u0119, Prim. Dr. Thomas Keintzel aptar\u0117 \u0161i\u0105 svarbi\u0105 tem\u0105 \u201eMit allen Sinnen\u201c \u017eini\u0173 forume Klinikum Wels-Grieskirchen.<\/strong><br \/>\n<em>Eva Kohl<\/em><\/p>\n<\/div><div class=\"fusion-separator fusion-full-width-sep\" style=\"align-self: center;margin-left: auto;margin-right: auto;width:100%;\"><\/div><div class=\"fusion-image-element \" style=\"--awb-caption-title-font-family:var(--h2_typography-font-family);--awb-caption-title-font-weight:var(--h2_typography-font-weight);--awb-caption-title-font-style:var(--h2_typography-font-style);--awb-caption-title-size:var(--h2_typography-font-size);--awb-caption-title-transform:var(--h2_typography-text-transform);--awb-caption-title-line-height:var(--h2_typography-line-height);--awb-caption-title-letter-spacing:var(--h2_typography-letter-spacing);\"><span class=\" fusion-imageframe imageframe-none imageframe-1 hover-type-none\"><img decoding=\"async\" width=\"1400\" height=\"652\" title=\"template_featured\" src=\"https:\/\/lifelonghearing.com\/lt\/wp-content\/uploads\/sites\/12\/2026\/03\/template_featured.jpg\" data-orig-src=\"https:\/\/lifelonghearing.com\/lt\/wp-content\/uploads\/sites\/12\/2026\/03\/template_featured.jpg\" alt class=\"lazyload img-responsive wp-image-32568\" srcset=\"data:image\/svg+xml,%3Csvg%20xmlns%3D%27http%3A%2F%2Fwww.w3.org%2F2000%2Fsvg%27%20width%3D%271400%27%20height%3D%27652%27%20viewBox%3D%270%200%201400%20652%27%3E%3Crect%20width%3D%271400%27%20height%3D%27652%27%20fill-opacity%3D%220%22%2F%3E%3C%2Fsvg%3E\" data-srcset=\"https:\/\/lifelonghearing.com\/lt\/wp-content\/uploads\/sites\/12\/2026\/03\/template_featured-200x93.jpg 200w, https:\/\/lifelonghearing.com\/lt\/wp-content\/uploads\/sites\/12\/2026\/03\/template_featured-400x186.jpg 400w, https:\/\/lifelonghearing.com\/lt\/wp-content\/uploads\/sites\/12\/2026\/03\/template_featured-600x279.jpg 600w, https:\/\/lifelonghearing.com\/lt\/wp-content\/uploads\/sites\/12\/2026\/03\/template_featured-800x373.jpg 800w, https:\/\/lifelonghearing.com\/lt\/wp-content\/uploads\/sites\/12\/2026\/03\/template_featured-1200x559.jpg 1200w, https:\/\/lifelonghearing.com\/lt\/wp-content\/uploads\/sites\/12\/2026\/03\/template_featured.jpg 1400w\" data-sizes=\"auto\" data-orig-sizes=\"(max-width: 1024px) 100vw, (max-width: 640px) 100vw, 1200px\" \/><\/span><\/div><div class=\"fusion-separator fusion-full-width-sep\" style=\"align-self: center;margin-left: auto;margin-right: auto;width:100%;\"><\/div><div class=\"fusion-text fusion-text-2\"><h3>Ry\u0161ys tarp klausos praradimo ir demencijos<\/h3>\n<p>Nuo 300 iki 400 dalyvi\u0173 sek\u0117 pristatymus <strong>\u201e<\/strong>Mit allen Sinnen<strong>\u201c<\/strong> forume Klinikum Wels-Grieskirchen. Specialistai pasidalijo \u012f\u017evalgomis apie nuolatin\u012f kosul\u012f, \u012fprastas aki\u0173 ligas, sunki\u0173 odos sutrikim\u0173 prevencij\u0105 ir gydym\u0105 bei klausos geb\u0117jim\u0173 ir demencijos ry\u0161\u012f. Klausim\u0173 ir atsakym\u0173 seanso metu daugiausia d\u0117mesio buvo skiriama klausos praradimui. Kaip apibendrino Dr. Thomas Keintzel, klinikos Aus\u0173, nosies ir gerkl\u0117s lig\u0173 katedros ved\u0117jas, dauguma klausim\u0173 kilo i\u0161 \u017emoni\u0173, <strong>\u201e<\/strong>kurie ken\u010dia nuo klausos praradimo ir yra nepatenkinti dabartine klausos prie\u017ei\u016bra<strong>\u201c<\/strong>.<\/p>\n<h3>Klausa ir m\u0105stymas yra glaud\u017eiai susij\u0119<\/h3>\n<p>Po keli\u0173 \u017eod\u017ei\u0173 daugelis klausin\u0117toj\u0173 suprato, kad d\u0117l klausos praradimo juose jau prasid\u0117jo tam tikri pa\u017eintiniai poky\u010diai. Klausos apdorojimas ir neurokognityvin\u0117s funkcijos yra glaud\u017eiai tarpusavyje susij\u0119. Kognityvinio garso apdorojimo pokytis dar n\u0117ra demencija, ta\u010diau tai gali sukelti demencij\u0105 arba b\u016bti pirmas jos po\u017eymis. Daugelis tyrim\u0173 rodo, kad tarp klausos praradimo ir demencijos yra abipus\u0117 \u012ftaka.<\/p>\n<h3>Ankstyvoji klausos prie\u017ei\u016bra apsaugo smegenis<\/h3>\n<p>Kaip ai\u0161kina dr. Keintzel, neurokognityvinius poky\u010dius galima nustatyti atliekant vaizdo diagnostik\u0105: \u201eHipokampo t\u016bris suma\u017e\u0117ja.\u201c Tai pasakytina tiek apie lengv\u0105 kognityvin\u012f sutrikim\u0105, tiek apie visi\u0161k\u0105 demencij\u0105. Ankstyvai prad\u0117jus gydyti klaus\u0105, pvz., naudojant klausos aparatus ar kochlearinius implantus, galima stabilizuoti kognityvines funkcijas ir suma\u017einti demencijos rizik\u0105.<\/p>\n<h3>Vyresnio am\u017eiaus \u017emoni\u0173 gyvenimo kokyb\u0117<\/h3>\n<p>\u201ePasaulin\u0117s sveikatos organizacijos (PSO) atliktas tyrimas \u201ePasaulin\u0117 lig\u0173 na\u0161ta\u201c parod\u0117, kad klausos praradimas ir demencija yra vienos i\u0161 svarbiausi\u0173 lig\u0173 i\u0161sivys\u010diusiose \u0161alyse, kurios smarkiai riboja gyvenimo kokyb\u0119\u201c, \u2013 teigia Keintzel. \u0160is aus\u0173, nosies ir gerkl\u0117s specialistas ypa\u010d daug d\u0117mesio skiria klausos sutrikim\u0173 turintiems pacientams vis\u0173 am\u017eiaus grupi\u0173 ir yra laikomas klausos implant\u0173 ekspertu.<\/p>\n<p>Remiantis Austrijos sveikatos apsaugos ministerijos duomenimis, \u0161iuo metu apie 130 000-150 000 \u017emoni\u0173 serga demencija, kuri spar\u010diai plinta. \u201eTikimasi, kad iki 2050 m. \u0161is skai\u010dius padvigub\u0117s\u201c, \u2013 ai\u0161kina M. Keintzel, \u012fvardydamas sen\u0117jan\u010di\u0105 visuomen\u0119 kaip pagrindin\u0119 \u0161ios tendencijos prie\u017east\u012f.<\/p>\n<h3>Demencijos rizikos veiksniai ir kod\u0117l klausa yra jos dalis<\/h3>\n<p>Pirmin\u0117 demencija vystosi tiesiogiai d\u0117l nerv\u0173 l\u0105steli\u0173 mirties. Kita vertus, antrin\u0119 demencij\u0105 sukelia aplinkos \u012ftaka ar kitos ligos. 2024 m. Lancet ataskaitoje nustatyta 14 moksli\u0161kai \u012frodyt\u0173 rizikos veiksni\u0173, \u012fskaitant klausos praradim\u0105. Keintzel pabr\u0117\u017eia: \u201eMes taip pat turime aktyviai saugoti savo smegenis.\u201c Reguliar\u016bs klausos testai ir ankstyvas gydymas \u017eymiai suma\u017eina klausos praradimo ir demencijos rizik\u0105.<\/p>\n<h3>Klausos praradimas: daugiau nei tik nemalonus senatv\u0117s sutrikimas<\/h3>\n<p>\u201eKlausos ir pa\u017einimo negalima vertinti atskirai. Net ir jauniems \u017emon\u0117ms\u201c, \u2013 pabr\u0117\u017eia dr. Keintzel. Tyrimai rodo, kad \u017emon\u0117s, kuriems klausos sutrikimai n\u0117ra gydomi, turi \u017eenkliai didesn\u0119 demencijos rizik\u0105. Nuo 60 met\u0173 am\u017eiaus klausos geb\u0117jimai kasmet suma\u017e\u0117ja ma\u017edaug vienu decibelu. Su tuo susiduria apie 30 % 60\u201370 met\u0173 am\u017eiaus \u017emoni\u0173, o vyresniems nei 70 met\u0173 \u2013 dar da\u017eniau. Am\u017eius veikia ne tik aus\u012f, bet ir centrin\u012f klausos apdorojim\u0105 smegenyse, kuris yra svarbus veiksnys tiek klausos praradimui, tiek demencijai vystytis.<\/p>\n<h3>Klausos implantai \u2013 siekiant i\u0161likti proti\u0161kai aktyviems<\/h3>\n<p>\u201eAkustiniai dirgikliai palaiko smegen\u0173 aktyvum\u0105. Kai j\u0173 tr\u016bksta, smegenys ima nykti grei\u010diau\u201c, \u2013 persp\u0117ja Keintzel. Klausos aparatai arba kochleariniai implantai, derinami su tinkamu klausos lavinimu, gali sul\u0117tinti neurokognityvini\u0173 geb\u0117jim\u0173 silpn\u0117jim\u0105. Praktikos pavyzd\u017eiai parod\u0117, kad vyresnio am\u017eiaus pacientui po implantacijos pastebimai pager\u0117jo b\u016bkl\u0117, o tai iliustruoja, jog tinkama klausos prie\u017ei\u016bra gali pad\u0117ti u\u017ekirsti keli\u0105 demencijai, ypa\u010d jei ji pradedama ankstyvoje stadijoje.<\/p>\n<h3>Ankstyva diagnoz\u0117 d\u0117l dvigubos patikros<\/h3>\n<p>Klausos praradimas ir demencija pasirei\u0161kia pana\u0161iais simptomais: socialinis atsitraukimas, l\u0117tas m\u0105stymas, da\u017enas klausim\u0173 kartojimas. Tod\u0117l Keintzel rekomenduoja papildom\u0105 kognityvin\u0119 patikr\u0105 klausos sutrikim\u0173 atveju. Su specialiu \u201eO-DEM\u201c testu galima aptikti demencij\u0105 ankstyvoje stadijoje. Tokiu b\u016bdu gali b\u016bti prad\u0117tas veiksmingas gydymas ir sul\u0117tintas psichin\u0117s b\u016bkl\u0117s blog\u0117jimas.<\/p>\n<p>Jau 2014 m. JAV mokslininkai<sup><sup><a id=\"footnote-ref-0\" href=\"#footnote-0\" name=\"footnote-ref-0\">[1]<\/a><\/sup><\/sup> atrado ry\u0161ius:<\/p>\n<ul>\n<li>Esant klausos sutrikimams, paveikti asmenys turi d\u0117ti daugiau pastang\u0173, kad teisingai suprast\u0173 tai, k\u0105 girdi: klausymasis tampa nuolatiniu daugiafunkciu procesu.<\/li>\n<li>Ausies pakitimai lemia centrinio klausos apdorojimo poky\u010dius, o tai rei\u0161kia ir kognityvinius poky\u010dius.<\/li>\n<li>Klausos problemos gali lemti socialin\u012f atsiribojim\u0105.<\/li>\n<\/ul>\n<p>Kiekvienas i\u0161 \u0161i\u0173 veiksni\u0173 blogina bendr\u0105sias kognityvines funkcijas, kurias dar labiau sustiprina papildomos sveikatos problemos, tokios kaip kraujotakos sutrikimai ar am\u017eius. Visi, kurie d\u0117l klausos sutrikimo turi daugiau d\u0117mesio skirti klausai ir supratimui, stokoja \u0161i\u0173 pa\u017eintini\u0173 geb\u0117jim\u0173 kitoms funkcijoms.<sup><sup><a id=\"footnote-ref-1\" href=\"#footnote-1\" name=\"footnote-ref-1\">[2]<\/a><\/sup><\/sup> Jei \u017emogus turi ma\u017eesnes kognityvines atsargas, \u0161ie poky\u010diai tampa matomi aplinkiniams. \u201eTai n\u0117ra intelekto klausimas \u2013 svarbu, ar \u017emogus yra proti\u0161kai paj\u0117gus\u201c, \u2013 pabr\u0117\u017eia prim. Keintzel.<\/p>\n<h3>Aktyvi demencijos prevencija su klausos implantu<\/h3>\n<p>\u017dmon\u0117s, kurie yra proti\u0161kai aktyv\u016bs, gali ilgiau kompensuoti klausos praradim\u0105, ta\u010diau veiksm\u0173 reik\u0117t\u0173 imtis nepriklausomai nuo am\u017eiaus. LOR specialistas prisimena 80 met\u0173 pacient\u0105, kuris anks\u010diau buvo bendraujantis ir kupinas gyvenimo d\u017eiaugsmo, ta\u010diau silpstant klausai tapo u\u017edaras. Kai jis galiausiai atvyko \u012f klinik\u0105, jau buvo funkci\u0161kai kur\u010dias ir atrod\u0117 abejingas gyvenimui. Klinikos komanda \u012ftikino j\u012f atlikti kochlearin\u0119 implantacij\u0105. Gydytojas pasakoja, kad kartu su sugr\u012f\u017eusia klausa v\u0117l suklest\u0117jo ir paciento psichin\u0117 sveikata. \u201eJei neb\u016b\u010diau jam suteik\u0119s KI, tik\u0117tina, kad netrukus jis b\u016bt\u0173 patyr\u0119s kognityvin\u012f nuosmuk\u012f.\u201c<\/p>\n<p>Klausos problemos taip pat gali b\u016bti ankstyvas besivystan\u010dios demencijos \u012fsp\u0117jamasis \u017eenklas. \u201eTokie tyrimai kaip Baltimor\u0117s ilgalaikis tyrimas rodo, kad kognityvi\u0161kai sveiki \u017emon\u0117s, turintys klausos sutrikim\u0173, v\u0117lesniame gyvenime turi \u017eymiai didesn\u0119 rizik\u0105 susirgti su demencija susijusiomis ligomis.\u201c Abiej\u0173 sutrikim\u0173 simptomai yra pana\u0161\u016bs: socialinis atsiribojimas, sul\u0117t\u0117j\u0119s m\u0105stymas, pra\u0161ymas pakartoti pasakyt\u0105 informacij\u0105, sunkumai sekant pokalb\u012f. Tod\u0117l laiku prad\u0117ta klausos prie\u017ei\u016bra yra perspektyvi prevencin\u0117 priemon\u0117.<\/p>\n<h3>Klausa palaiko smegenis ir yra pa\u017eintin\u0117s sveikatos rodiklis<\/h3>\n<p>\u201eAkustiniai dirgikliai palaiko smegen\u0173 aktyvum\u0105. Jei j\u0173 tr\u016bksta, smegenys pradeda nykti grei\u010diau\u201c, \u2013 persp\u0117ja dr. Keintzel. Klausos aparatai arba klausos implantai, derinami su tinkamu klausos lavinimu, gali sul\u0117tinti neurokognityvin\u012f nuosmuk\u012f \u017emon\u0117ms, turintiems klausos sutrikim\u0173. Ypa\u010d daug naudos i\u0161 \u0161iuolaikini\u0173 klausos sprendim\u0173 gauna vyresnio am\u017eiaus \u017emon\u0117s. \u201eNepaisant j\u0173 veiksmingumo, \u017emon\u0117s vis dar turi daug i\u0161ankstini\u0173 nusistatym\u0173 klausos aparat\u0173 at\u017evilgiu. Austrijoje juos naudoja tik apie 15\u201320 procent\u0173 paveikt\u0173 asmen\u0173!\u201c<\/p>\n<p>Jei pacientas n\u0117ra patenkintas savo klausos aparatu(-ais), prim. Keintzel mano, kad LOR specialisto pareiga \u2013 atlikti kruop\u0161\u010di\u0105 diferencin\u0119 diagnostik\u0105:<\/p>\n<ul>\n<li>Ar prietais\u0105 reikia geriau priderinti?<\/li>\n<li>Ar patartina naudoti kit\u0105 prietais\u0105 ar implant\u0105?<\/li>\n<li>Ar jau yra neurokognityvini\u0173 sutrikim\u0173?<\/li>\n<\/ul>\n<p>Pastaruoju atveju Keintzel rekomenduoja klausos lavinim\u0105 derinti su kognityvine treniruote. Smegenys turi b\u016bti reguliariai \u201etreniruojamos\u201c kaip raumuo \u2013 prie\u0161ingu atveju j\u0173 geb\u0117jimai silpn\u0117ja ir gali b\u016bti v\u0117l aktyvinami tik per pratimus. \u201eTai tarsi svori\u0173 kilnojimas neuroniniam apdorojimui\u201c, \u2013 juokauja jis.<\/p>\n<p>Kita vertus, kai kurios demencijos formos da\u017enai prasideda b\u016btent nuo klausos sutrikim\u0173. Tod\u0117l Austrijos LOR draugijos Audiologijos darbo grup\u0117s vadovas rekomenduoja: \u201eKai nustatomas kognityvinis sutrikimas, visada reik\u0117t\u0173 papildomai atlikti klausos patikr\u0105. Ir atvirk\u0161\u010diai \u2013 esant klausos sutrikimui ir klinikiniam \u012ftarimui d\u0117l papildomo kognityvinio sutrikimo, reik\u0117t\u0173 atlikti demencijos patikr\u0105.\u201c Jei paveikti asmenys ne tik pras\u010diau supranta, bet ir apskritai reaguoja l\u0117\u010diau, skubiai rekomenduojamas \u201eO-DEM\u201c testas \u2013 speciali kognityvin\u0117 patikra pacientams, turintiems klausos sutrikim\u0173.<\/p>\n<div class=\"fusion-separator fusion-fullwidth-sep custom-ref-marker\" style=\"margin-top: 40px;margin-bottom: 20px;border-top: 1px solid #e2e2e2\"><\/div>\n<div class=\"custom-footnotes\" style=\"margin-top: 20px\">\n<h4 style=\"margin-bottom: 15px\">Nuorodos<\/h4>\n<ol>\n<li><a id=\"footnote-0\" name=\"footnote-0\"><\/a>Livingston G Huntley J Liu KY et al. Demencijos prevencija, intervencija ir prie\u017ei\u016bra: 2024 m. Lancet nuolatin\u0117s komisijos ataskaita. Lancetai. 2024, <a href=\"https:\/\/doi.org\/10.1016\/S0140-6736(24)01296-0\">https:\/\/doi.org\/10.1016\/S0140-6736(24)01296-0<\/a> <a href=\"#footnote-ref-0\">\u2191<\/a><\/li>\n<li><a id=\"footnote-1\" name=\"footnote-1\"><\/a>Lin, F. R. &amp; Albert, M. (2014). Klausos praradimas ir demencija &#8211; kas klausosi? Sen\u0117jimas ir psichikos sveikata, 18(6), 671-673. <a href=\"https:\/\/doi.org\/10.1080\/13607863.2014.915924\">https:\/\/doi.org\/10.1080\/13607863.2014.915924<\/a> <a href=\"#footnote-ref-1\">\u2191<\/a><\/li>\n<\/ol>\n<\/div>\n<\/div><div class=\"fusion-reading-box-container reading-box-container-1\" style=\"--awb-title-color:#3d3b3b;--awb-margin-top:0px;--awb-margin-bottom:84px;\"><div class=\"reading-box\" style=\"background-color:#ffffff;border-width:1px;border-color:#e0dede;border-left-width:3px;border-left-color:var(--primary_color);border-style:solid;\"><div class=\"reading-box-additional\">\n<p><strong>11 demencijos po\u017eymiai<\/strong><\/p>\n<ul>\n<li>Atminties spragos ir u\u017emar\u0161umas<\/li>\n<li>Sunku sekti pokalb\u012f<\/li>\n<li>Dezorientacija laike ar nepa\u017e\u012fstamose vietose<\/li>\n<li>Sunku prisiminti konkre\u010dius \u017eod\u017eius pokalbio metu (\u201etas dalykas\u2026\u201c)<\/li>\n<li>Suma\u017e\u0117j\u0119s geb\u0117jimas vertinti ir priimti sprendimus<\/li>\n<li>Daikt\u0173 pametimas<\/li>\n<li>Problemos su regimuoju ir erdvin\u0117s percepcija<\/li>\n<li>Sunkumai atliekant kasdienes u\u017eduotis<\/li>\n<li>Nuotaikos svyravimai ir elgesio poky\u010diai<\/li>\n<li>Sunkumai sekant procesus ir u\u017eduotis<\/li>\n<li>Atsitraukimas nuo darbo ar socialin\u0117s veiklos<\/li>\n<\/ul>\n<\/div><div class=\"fusion-clearfix\"><\/div><\/div><\/div><\/div><\/div><\/div><\/div>\n","protected":false},"excerpt":{"rendered":"<p>Klausos praradimas turi \u012ftakos ne tik bendravimui, bet ir psichiniam tinkamumui. Tai da\u017enai nepakankamai \u012fvertintas neurokognityvini\u0173 lig\u0173 rizikos veiksnys. Gegu\u017e\u0119, Prim. Dr. Thomas Keintzel aptar\u0117 \u0161i\u0105 svarbi\u0105 tem\u0105 \u201eMit allen Sinnen\u201c \u017eini\u0173 forume Klinikum Wels-Grieskirchen.<\/p>\n","protected":false},"author":10,"featured_media":32568,"comment_status":"open","ping_status":"open","sticky":false,"template":"","format":"standard","meta":{"_acf_changed":false,"footnotes":""},"categories":[411],"tags":[],"class_list":["post-32514","post","type-post","status-publish","format-standard","has-post-thumbnail","hentry","category-sveikata"],"yoast_head":"<!-- This site is optimized with the Yoast SEO plugin v24.3 - https:\/\/yoast.com\/wordpress\/plugins\/seo\/ -->\n<title>Klausos praradimas ir demencija: gera klausa apsaugo atmint\u012f - Lithuanian<\/title>\n<meta name=\"robots\" content=\"index, follow, max-snippet:-1, max-image-preview:large, max-video-preview:-1\" \/>\n<link rel=\"canonical\" href=\"https:\/\/lifelonghearing.com\/lt\/klausos-praradimas-ir-demencija-gera-klausa-apsaugo-atminti\/\" \/>\n<meta property=\"og:locale\" content=\"en_US\" \/>\n<meta property=\"og:type\" content=\"article\" \/>\n<meta property=\"og:title\" content=\"Klausos praradimas ir demencija: gera klausa apsaugo atmint\u012f - Lithuanian\" \/>\n<meta property=\"og:description\" content=\"Klausos praradimas turi \u012ftakos ne tik bendravimui, bet ir psichiniam tinkamumui. Tai da\u017enai nepakankamai \u012fvertintas neurokognityvini\u0173 lig\u0173 rizikos veiksnys. Gegu\u017e\u0119, Prim. Dr. Thomas Keintzel aptar\u0117 \u0161i\u0105 svarbi\u0105 tem\u0105 \u201eMit allen Sinnen\u201c \u017eini\u0173 forume Klinikum Wels-Grieskirchen.\" \/>\n<meta property=\"og:url\" content=\"https:\/\/lifelonghearing.com\/lt\/klausos-praradimas-ir-demencija-gera-klausa-apsaugo-atminti\/\" \/>\n<meta property=\"og:site_name\" content=\"Lithuanian\" \/>\n<meta property=\"article:published_time\" content=\"2026-04-29T11:08:06+00:00\" \/>\n<meta property=\"og:image\" content=\"https:\/\/lifelonghearing.com\/lt\/wp-content\/uploads\/sites\/12\/2026\/03\/template_featured.jpg\" \/>\n\t<meta property=\"og:image:width\" content=\"1400\" \/>\n\t<meta property=\"og:image:height\" content=\"652\" \/>\n\t<meta property=\"og:image:type\" content=\"image\/jpeg\" \/>\n<meta name=\"author\" content=\"articleflow\" \/>\n<meta name=\"twitter:card\" content=\"summary_large_image\" \/>\n<meta name=\"twitter:label1\" content=\"Written by\" \/>\n\t<meta name=\"twitter:data1\" content=\"articleflow\" \/>\n\t<meta name=\"twitter:label2\" content=\"Est. reading time\" \/>\n\t<meta name=\"twitter:data2\" content=\"6 minutes\" \/>\n<script type=\"application\/ld+json\" class=\"yoast-schema-graph\">{\"@context\":\"https:\/\/schema.org\",\"@graph\":[{\"@type\":\"WebPage\",\"@id\":\"https:\/\/lifelonghearing.com\/lt\/klausos-praradimas-ir-demencija-gera-klausa-apsaugo-atminti\/\",\"url\":\"https:\/\/lifelonghearing.com\/lt\/klausos-praradimas-ir-demencija-gera-klausa-apsaugo-atminti\/\",\"name\":\"Klausos praradimas ir demencija: gera klausa apsaugo atmint\u012f - Lithuanian\",\"isPartOf\":{\"@id\":\"https:\/\/lifelonghearing.com\/lt\/#website\"},\"primaryImageOfPage\":{\"@id\":\"https:\/\/lifelonghearing.com\/lt\/klausos-praradimas-ir-demencija-gera-klausa-apsaugo-atminti\/#primaryimage\"},\"image\":{\"@id\":\"https:\/\/lifelonghearing.com\/lt\/klausos-praradimas-ir-demencija-gera-klausa-apsaugo-atminti\/#primaryimage\"},\"thumbnailUrl\":\"https:\/\/lifelonghearing.com\/lt\/wp-content\/uploads\/sites\/12\/2026\/03\/template_featured.jpg\",\"datePublished\":\"2026-04-29T11:08:06+00:00\",\"dateModified\":\"2026-04-29T11:08:06+00:00\",\"author\":{\"@id\":\"https:\/\/lifelonghearing.com\/lt\/#\/schema\/person\/d0edcc0a625e2f23267e35d92373b717\"},\"breadcrumb\":{\"@id\":\"https:\/\/lifelonghearing.com\/lt\/klausos-praradimas-ir-demencija-gera-klausa-apsaugo-atminti\/#breadcrumb\"},\"inLanguage\":\"en-US\",\"potentialAction\":[{\"@type\":\"ReadAction\",\"target\":[\"https:\/\/lifelonghearing.com\/lt\/klausos-praradimas-ir-demencija-gera-klausa-apsaugo-atminti\/\"]}]},{\"@type\":\"ImageObject\",\"inLanguage\":\"en-US\",\"@id\":\"https:\/\/lifelonghearing.com\/lt\/klausos-praradimas-ir-demencija-gera-klausa-apsaugo-atminti\/#primaryimage\",\"url\":\"https:\/\/lifelonghearing.com\/lt\/wp-content\/uploads\/sites\/12\/2026\/03\/template_featured.jpg\",\"contentUrl\":\"https:\/\/lifelonghearing.com\/lt\/wp-content\/uploads\/sites\/12\/2026\/03\/template_featured.jpg\",\"width\":1400,\"height\":652},{\"@type\":\"BreadcrumbList\",\"@id\":\"https:\/\/lifelonghearing.com\/lt\/klausos-praradimas-ir-demencija-gera-klausa-apsaugo-atminti\/#breadcrumb\",\"itemListElement\":[{\"@type\":\"ListItem\",\"position\":1,\"name\":\"Home\",\"item\":\"https:\/\/lifelonghearing.com\/lt\/\"},{\"@type\":\"ListItem\",\"position\":2,\"name\":\"Klausos praradimas ir demencija: gera klausa apsaugo atmint\u012f\"}]},{\"@type\":\"WebSite\",\"@id\":\"https:\/\/lifelonghearing.com\/lt\/#website\",\"url\":\"https:\/\/lifelonghearing.com\/lt\/\",\"name\":\"Lithuanian\",\"description\":\"\",\"potentialAction\":[{\"@type\":\"SearchAction\",\"target\":{\"@type\":\"EntryPoint\",\"urlTemplate\":\"https:\/\/lifelonghearing.com\/lt\/?s={search_term_string}\"},\"query-input\":{\"@type\":\"PropertyValueSpecification\",\"valueRequired\":true,\"valueName\":\"search_term_string\"}}],\"inLanguage\":\"en-US\"},{\"@type\":\"Person\",\"@id\":\"https:\/\/lifelonghearing.com\/lt\/#\/schema\/person\/d0edcc0a625e2f23267e35d92373b717\",\"name\":\"articleflow\",\"image\":{\"@type\":\"ImageObject\",\"inLanguage\":\"en-US\",\"@id\":\"https:\/\/lifelonghearing.com\/lt\/#\/schema\/person\/image\/\",\"url\":\"https:\/\/secure.gravatar.com\/avatar\/ce5adb94a89bcd93687bce9b019e3dd3?s=96&d=mm&r=g\",\"contentUrl\":\"https:\/\/secure.gravatar.com\/avatar\/ce5adb94a89bcd93687bce9b019e3dd3?s=96&d=mm&r=g\",\"caption\":\"articleflow\"},\"url\":\"https:\/\/lifelonghearing.com\/lt\/author\/articleflow\/\"}]}<\/script>\n<!-- \/ Yoast SEO plugin. -->","yoast_head_json":{"title":"Klausos praradimas ir demencija: gera klausa apsaugo atmint\u012f - Lithuanian","robots":{"index":"index","follow":"follow","max-snippet":"max-snippet:-1","max-image-preview":"max-image-preview:large","max-video-preview":"max-video-preview:-1"},"canonical":"https:\/\/lifelonghearing.com\/lt\/klausos-praradimas-ir-demencija-gera-klausa-apsaugo-atminti\/","og_locale":"en_US","og_type":"article","og_title":"Klausos praradimas ir demencija: gera klausa apsaugo atmint\u012f - Lithuanian","og_description":"Klausos praradimas turi \u012ftakos ne tik bendravimui, bet ir psichiniam tinkamumui. Tai da\u017enai nepakankamai \u012fvertintas neurokognityvini\u0173 lig\u0173 rizikos veiksnys. Gegu\u017e\u0119, Prim. Dr. Thomas Keintzel aptar\u0117 \u0161i\u0105 svarbi\u0105 tem\u0105 \u201eMit allen Sinnen\u201c \u017eini\u0173 forume Klinikum Wels-Grieskirchen.","og_url":"https:\/\/lifelonghearing.com\/lt\/klausos-praradimas-ir-demencija-gera-klausa-apsaugo-atminti\/","og_site_name":"Lithuanian","article_published_time":"2026-04-29T11:08:06+00:00","og_image":[{"width":1400,"height":652,"url":"https:\/\/lifelonghearing.com\/lt\/wp-content\/uploads\/sites\/12\/2026\/03\/template_featured.jpg","type":"image\/jpeg"}],"author":"articleflow","twitter_card":"summary_large_image","twitter_misc":{"Written by":"articleflow","Est. reading time":"6 minutes"},"schema":{"@context":"https:\/\/schema.org","@graph":[{"@type":"WebPage","@id":"https:\/\/lifelonghearing.com\/lt\/klausos-praradimas-ir-demencija-gera-klausa-apsaugo-atminti\/","url":"https:\/\/lifelonghearing.com\/lt\/klausos-praradimas-ir-demencija-gera-klausa-apsaugo-atminti\/","name":"Klausos praradimas ir demencija: gera klausa apsaugo atmint\u012f - Lithuanian","isPartOf":{"@id":"https:\/\/lifelonghearing.com\/lt\/#website"},"primaryImageOfPage":{"@id":"https:\/\/lifelonghearing.com\/lt\/klausos-praradimas-ir-demencija-gera-klausa-apsaugo-atminti\/#primaryimage"},"image":{"@id":"https:\/\/lifelonghearing.com\/lt\/klausos-praradimas-ir-demencija-gera-klausa-apsaugo-atminti\/#primaryimage"},"thumbnailUrl":"https:\/\/lifelonghearing.com\/lt\/wp-content\/uploads\/sites\/12\/2026\/03\/template_featured.jpg","datePublished":"2026-04-29T11:08:06+00:00","dateModified":"2026-04-29T11:08:06+00:00","author":{"@id":"https:\/\/lifelonghearing.com\/lt\/#\/schema\/person\/d0edcc0a625e2f23267e35d92373b717"},"breadcrumb":{"@id":"https:\/\/lifelonghearing.com\/lt\/klausos-praradimas-ir-demencija-gera-klausa-apsaugo-atminti\/#breadcrumb"},"inLanguage":"en-US","potentialAction":[{"@type":"ReadAction","target":["https:\/\/lifelonghearing.com\/lt\/klausos-praradimas-ir-demencija-gera-klausa-apsaugo-atminti\/"]}]},{"@type":"ImageObject","inLanguage":"en-US","@id":"https:\/\/lifelonghearing.com\/lt\/klausos-praradimas-ir-demencija-gera-klausa-apsaugo-atminti\/#primaryimage","url":"https:\/\/lifelonghearing.com\/lt\/wp-content\/uploads\/sites\/12\/2026\/03\/template_featured.jpg","contentUrl":"https:\/\/lifelonghearing.com\/lt\/wp-content\/uploads\/sites\/12\/2026\/03\/template_featured.jpg","width":1400,"height":652},{"@type":"BreadcrumbList","@id":"https:\/\/lifelonghearing.com\/lt\/klausos-praradimas-ir-demencija-gera-klausa-apsaugo-atminti\/#breadcrumb","itemListElement":[{"@type":"ListItem","position":1,"name":"Home","item":"https:\/\/lifelonghearing.com\/lt\/"},{"@type":"ListItem","position":2,"name":"Klausos praradimas ir demencija: gera klausa apsaugo atmint\u012f"}]},{"@type":"WebSite","@id":"https:\/\/lifelonghearing.com\/lt\/#website","url":"https:\/\/lifelonghearing.com\/lt\/","name":"Lithuanian","description":"","potentialAction":[{"@type":"SearchAction","target":{"@type":"EntryPoint","urlTemplate":"https:\/\/lifelonghearing.com\/lt\/?s={search_term_string}"},"query-input":{"@type":"PropertyValueSpecification","valueRequired":true,"valueName":"search_term_string"}}],"inLanguage":"en-US"},{"@type":"Person","@id":"https:\/\/lifelonghearing.com\/lt\/#\/schema\/person\/d0edcc0a625e2f23267e35d92373b717","name":"articleflow","image":{"@type":"ImageObject","inLanguage":"en-US","@id":"https:\/\/lifelonghearing.com\/lt\/#\/schema\/person\/image\/","url":"https:\/\/secure.gravatar.com\/avatar\/ce5adb94a89bcd93687bce9b019e3dd3?s=96&d=mm&r=g","contentUrl":"https:\/\/secure.gravatar.com\/avatar\/ce5adb94a89bcd93687bce9b019e3dd3?s=96&d=mm&r=g","caption":"articleflow"},"url":"https:\/\/lifelonghearing.com\/lt\/author\/articleflow\/"}]}},"acf":[],"_links":{"self":[{"href":"https:\/\/lifelonghearing.com\/lt\/wp-json\/wp\/v2\/posts\/32514","targetHints":{"allow":["GET"]}}],"collection":[{"href":"https:\/\/lifelonghearing.com\/lt\/wp-json\/wp\/v2\/posts"}],"about":[{"href":"https:\/\/lifelonghearing.com\/lt\/wp-json\/wp\/v2\/types\/post"}],"author":[{"embeddable":true,"href":"https:\/\/lifelonghearing.com\/lt\/wp-json\/wp\/v2\/users\/10"}],"replies":[{"embeddable":true,"href":"https:\/\/lifelonghearing.com\/lt\/wp-json\/wp\/v2\/comments?post=32514"}],"version-history":[{"count":2,"href":"https:\/\/lifelonghearing.com\/lt\/wp-json\/wp\/v2\/posts\/32514\/revisions"}],"predecessor-version":[{"id":32570,"href":"https:\/\/lifelonghearing.com\/lt\/wp-json\/wp\/v2\/posts\/32514\/revisions\/32570"}],"wp:featuredmedia":[{"embeddable":true,"href":"https:\/\/lifelonghearing.com\/lt\/wp-json\/wp\/v2\/media\/32568"}],"wp:attachment":[{"href":"https:\/\/lifelonghearing.com\/lt\/wp-json\/wp\/v2\/media?parent=32514"}],"wp:term":[{"taxonomy":"category","embeddable":true,"href":"https:\/\/lifelonghearing.com\/lt\/wp-json\/wp\/v2\/categories?post=32514"},{"taxonomy":"post_tag","embeddable":true,"href":"https:\/\/lifelonghearing.com\/lt\/wp-json\/wp\/v2\/tags?post=32514"}],"curies":[{"name":"wp","href":"https:\/\/api.w.org\/{rel}","templated":true}]}}