{"id":32512,"date":"2026-04-29T10:52:34","date_gmt":"2026-04-29T10:52:34","guid":{"rendered":"https:\/\/lifelonghearing.com\/lt\/?p=32512"},"modified":"2026-04-29T10:52:34","modified_gmt":"2026-04-29T10:52:34","slug":"vis-delto-as-esu-patriotas","status":"publish","type":"post","link":"https:\/\/lifelonghearing.com\/lt\/vis-delto-as-esu-patriotas\/","title":{"rendered":"\u201eVis d\u0117lto a\u0161 esu patriotas!\u201c"},"content":{"rendered":"<div class=\"fusion-fullwidth fullwidth-box fusion-builder-row-1 fusion-flex-container nonhundred-percent-fullwidth non-hundred-percent-height-scrolling\" style=\"--awb-border-radius-top-left:0px;--awb-border-radius-top-right:0px;--awb-border-radius-bottom-right:0px;--awb-border-radius-bottom-left:0px;--awb-flex-wrap:wrap;\" ><div class=\"fusion-builder-row fusion-row fusion-flex-align-items-flex-start fusion-flex-content-wrap\" style=\"max-width:1248px;margin-left: calc(-4% \/ 2 );margin-right: calc(-4% \/ 2 );\"><div class=\"fusion-layout-column fusion_builder_column fusion-builder-column-0 fusion_builder_column_1_1 1_1 fusion-flex-column\" style=\"--awb-bg-size:cover;--awb-width-large:100%;--awb-margin-top-large:0px;--awb-spacing-right-large:1.92%;--awb-margin-bottom-large:10px;--awb-spacing-left-large:1.92%;--awb-width-medium:100%;--awb-order-medium:0;--awb-spacing-right-medium:1.92%;--awb-spacing-left-medium:1.92%;--awb-width-small:100%;--awb-order-small:0;--awb-spacing-right-small:1.92%;--awb-spacing-left-small:1.92%;\"><div class=\"fusion-column-wrapper fusion-flex-justify-content-flex-start fusion-content-layout-column\"><div class=\"fusion-title title fusion-title-1 fusion-sep-none fusion-title-text fusion-title-size-one\" style=\"--awb-margin-top:0px;--awb-margin-bottom:10px;--awb-font-size:36px;\"><h1 class=\"fusion-title-heading title-heading-left fusion-responsive-typography-calculated\" style=\"margin:0;font-size:1em;--fontSize:36;line-height:1.4;\">Navikai, kochleariniai implantai ir sveikatos prie\u017ei\u016bra<\/h1><\/div><div class=\"fusion-text fusion-text-1\"><p><strong>Prof. dr. Martin Burian pasakoja apie savo asmenin\u0119 patirt\u012f CI vystymosi srityje ir ekspertines \u017einias navikini\u0173 lig\u0173 gydyme. Taip pat aptariamos paralel\u0117s tarp navik\u0173 gydymo ir klausos praradimo.<\/strong><\/p>\n<p><em>Remtasi: \u201eHearing Talk with Martin Burian\u201c svetain\u0117je h\u00f6renbewegt.at\u00a0<\/em><\/p>\n<\/div><div class=\"fusion-separator fusion-full-width-sep\" style=\"align-self: center;margin-left: auto;margin-right: auto;width:100%;\"><\/div><div class=\"fusion-image-element \" style=\"--awb-caption-title-font-family:var(--h2_typography-font-family);--awb-caption-title-font-weight:var(--h2_typography-font-weight);--awb-caption-title-font-style:var(--h2_typography-font-style);--awb-caption-title-size:var(--h2_typography-font-size);--awb-caption-title-transform:var(--h2_typography-text-transform);--awb-caption-title-line-height:var(--h2_typography-line-height);--awb-caption-title-letter-spacing:var(--h2_typography-letter-spacing);\"><span class=\" fusion-imageframe imageframe-none imageframe-1 hover-type-none\"><img decoding=\"async\" width=\"1400\" height=\"652\" title=\"bhs_featured\" src=\"https:\/\/lifelonghearing.com\/lt\/wp-content\/uploads\/sites\/12\/2026\/03\/bhs_featured.jpg\" data-orig-src=\"https:\/\/lifelonghearing.com\/lt\/wp-content\/uploads\/sites\/12\/2026\/03\/bhs_featured.jpg\" alt class=\"lazyload img-responsive wp-image-32558\" srcset=\"data:image\/svg+xml,%3Csvg%20xmlns%3D%27http%3A%2F%2Fwww.w3.org%2F2000%2Fsvg%27%20width%3D%271400%27%20height%3D%27652%27%20viewBox%3D%270%200%201400%20652%27%3E%3Crect%20width%3D%271400%27%20height%3D%27652%27%20fill-opacity%3D%220%22%2F%3E%3C%2Fsvg%3E\" data-srcset=\"https:\/\/lifelonghearing.com\/lt\/wp-content\/uploads\/sites\/12\/2026\/03\/bhs_featured-200x93.jpg 200w, https:\/\/lifelonghearing.com\/lt\/wp-content\/uploads\/sites\/12\/2026\/03\/bhs_featured-400x186.jpg 400w, https:\/\/lifelonghearing.com\/lt\/wp-content\/uploads\/sites\/12\/2026\/03\/bhs_featured-600x279.jpg 600w, https:\/\/lifelonghearing.com\/lt\/wp-content\/uploads\/sites\/12\/2026\/03\/bhs_featured-800x373.jpg 800w, https:\/\/lifelonghearing.com\/lt\/wp-content\/uploads\/sites\/12\/2026\/03\/bhs_featured-1200x559.jpg 1200w, https:\/\/lifelonghearing.com\/lt\/wp-content\/uploads\/sites\/12\/2026\/03\/bhs_featured.jpg 1400w\" data-sizes=\"auto\" data-orig-sizes=\"(max-width: 1024px) 100vw, (max-width: 640px) 100vw, 1200px\" \/><\/span><\/div><div class=\"fusion-separator fusion-full-width-sep\" style=\"align-self: center;margin-left: auto;margin-right: auto;width:100%;\"><\/div><div class=\"fusion-text fusion-text-2\"><p>\u201eKai pavasar\u012f b\u0117gioju ir gird\u017eiu pauk\u0161\u010di\u0173 giesmes, \u0161i melodija visada mane prad\u017eiugina.\u201c B\u0117gimas yra prof. dr. Martin Burian hobis. O klausa \u2013 jo profesija: jis yra galvos ir kaklo chirurgijos specialistas, <em>Austrian Cancer Aid<\/em> organizacijos Auk\u0161tutin\u0117je Austrijoje prezidentas ir Linco Klinik der Barmherzigen Schwestern LOR medicinos bei galvos ir kaklo chirurgijos skyriaus vadovas \u2013 vieta, \u012f kuri\u0105 kreipiasi daugyb\u0117 navikini\u0173 lig\u0173 pacient\u0173.<\/p>\n<p>\u201eMan klausos esm\u0117 yra komunikacija\u201c, \u2013 sako Burian. \u201eTa\u010diau daugelis \u017emoni\u0173 suvokia, k\u0105 praranda, tik tada, kai klausa pradeda silpn\u0117ti. Tod\u0117l ankstyvi klausos tyrimai ir savalaikis gydymas yra itin svarb\u016bs \u2013 kaip ir ankstyva navik\u0173 diagnostika.\u201c<\/p>\n<h3>Kochlearini\u0173 implant\u0173 istorija Austrijoje<\/h3>\n<div id=\"attachment_32560\" style=\"width: 310px\" class=\"wp-caption alignleft\"><img decoding=\"async\" aria-describedby=\"caption-attachment-32560\" class=\"lazyload wp-image-32560 size-medium\" src=\"https:\/\/lifelonghearing.com\/lt\/wp-content\/uploads\/sites\/12\/2026\/03\/Burian-300x200.jpg\" data-orig-src=\"https:\/\/lifelonghearing.com\/lt\/wp-content\/uploads\/sites\/12\/2026\/03\/Burian-300x200.jpg\" alt=\"\" width=\"300\" height=\"200\" srcset=\"data:image\/svg+xml,%3Csvg%20xmlns%3D%27http%3A%2F%2Fwww.w3.org%2F2000%2Fsvg%27%20width%3D%27300%27%20height%3D%27200%27%20viewBox%3D%270%200%20300%20200%27%3E%3Crect%20width%3D%27300%27%20height%3D%27200%27%20fill-opacity%3D%220%22%2F%3E%3C%2Fsvg%3E\" data-srcset=\"https:\/\/lifelonghearing.com\/lt\/wp-content\/uploads\/sites\/12\/2026\/03\/Burian-200x133.jpg 200w, https:\/\/lifelonghearing.com\/lt\/wp-content\/uploads\/sites\/12\/2026\/03\/Burian-300x200.jpg 300w, https:\/\/lifelonghearing.com\/lt\/wp-content\/uploads\/sites\/12\/2026\/03\/Burian-400x267.jpg 400w, https:\/\/lifelonghearing.com\/lt\/wp-content\/uploads\/sites\/12\/2026\/03\/Burian-600x400.jpg 600w, https:\/\/lifelonghearing.com\/lt\/wp-content\/uploads\/sites\/12\/2026\/03\/Burian-768x512.jpg 768w, https:\/\/lifelonghearing.com\/lt\/wp-content\/uploads\/sites\/12\/2026\/03\/Burian-800x533.jpg 800w, https:\/\/lifelonghearing.com\/lt\/wp-content\/uploads\/sites\/12\/2026\/03\/Burian.jpg 990w\" data-sizes=\"auto\" data-orig-sizes=\"(max-width: 300px) 100vw, 300px\" \/><p id=\"caption-attachment-32560\" class=\"wp-caption-text\">Prim. Univ.-Prof. dr. Martin Burian \u2013 navikini\u0173 lig\u0173 specialistas ir Austrijos v\u0117\u017eio pagalbos organizacijos Auk\u0161tutin\u0117je Austrijoje prezidentas. \u00a9BHS Linz<\/p><\/div>\n<p>Prof. Buriano t\u0117vas, prof. dr. Kurt Burian, buvo Vienos universiteto ligonin\u0117s LOR skyriaus vadovas. 7-ojo de\u0161imtme\u010dio pabaigoje ir 8-ojo prad\u017eioje, po sta\u017euo\u010di\u0173 JAV, jis \u012f Austrij\u0105 parve\u017e\u0117 elektrin\u0117s klausos stimuliacijos id\u0117j\u0105. Kartu su elektros in\u017einiere Ingeborg Desoyer ir TU asistente Erwin Hochmair jis suk\u016br\u0117 pirm\u0105j\u012f pasaulyje daugiakanal\u012f kochlearin\u012f implant\u0105. Pirmoji implantacija \u012fvyko Vienoje 1977 m. \u2013 tikras medicinos technologij\u0173 l\u016b\u017eis.<\/p>\n<p>\u201eB\u016bdamas \u0161e\u0161iolikos tuo nelabai dom\u0117jausi\u201c, \u2013 \u0161ypsodamasis prisimena prof. Burian. \u201eTa\u010diau \u0161iandien jau\u010diu pasidid\u017eiavim\u0105. Ne\u012ftik\u0117tina, kad tokia ma\u017ea \u0161alis gal\u0117jo sukurti \u012fmon\u0119, atliekan\u010di\u0105 tok\u012f svarb\u0173 vaidmen\u012f pasaulin\u0117je implant\u0173 rinkoje.\u201c<\/p>\n<h3>Navik\u0173 chirurgija ir ankstyva diagnostika<\/h3>\n<p>Kaip galvos ir kaklo chirurgijos specialistas, prof. Burian kasmet gydo daug navikini\u0173 lig\u0173 pacient\u0173. Austrijoje kasmet diagnozuojama apie 1 400 galvos ir kaklo navik\u0173 atvej\u0173. Pasveikimo galimyb\u0117s da\u017enai yra geros \u2013 jei liga nustatoma anksti.<\/p>\n<p>\u201eNavik\u0173 medicinoje tinkamas intervencijos laikas da\u017enai yra gyvyb\u0117s ir mirties klausimas\u201c, \u2013 ai\u0161kina jis. \u201eKlausos praradimas galb\u016bt n\u0117ra toks dramati\u0161kas, bet taip pat gali i\u0161 esm\u0117s pakeisti gyvenim\u0105. Pav\u0117luotas gydymas gali reik\u0161mingai suma\u017einti klausos reabilitacijos s\u0117km\u0119. Naujagimiams implantacijos nereik\u0117t\u0173 atid\u0117ti ilgiau nei iki devinto m\u0117nesio; vyresniems pacientams ji tur\u0117t\u0173 b\u016bti atliekama kuo grei\u010diau, kai tik yra indikacija.\u201c<\/p>\n<p>Burian pabr\u0117\u017eia, kad tiek onkologijoje, tiek audiologijoje profilaktiniai patikrinimai ir ankstyva intervencija yra b\u016btini siekiant geriausi\u0173 rezultat\u0173.<\/p>\n<p><strong>Kochleariniai implantai ir navikai \u2013 daugiau bendro, nei gali pasirodyti i\u0161 pirmo \u017evilgsnio<\/strong><\/p>\n<p>Pasak prof. Burian, \u0161ios dvi sritys turi netik\u0117t\u0105 pana\u0161um\u0105: \u201eDaugelis \u017emoni\u0173 vengia kalb\u0117ti apie savo simptomus \u2013 nesvarbu, ar tai navikas, ar klausos praradimas. G\u0117da ir informacijos stoka da\u017enai lemia, kad profilaktiniai patikrinimai atliekami per v\u0117lai.\u201c<\/p>\n<p>Jis pabr\u0117\u017eia informuotumo svarb\u0105: \u201eTurime \u017emon\u0117ms priminti, kad tokios b\u016bkl\u0117s egzistuoja. Visuomen\u0117s \u0161vietimas ir asmenini\u0173 patir\u010di\u0173 dalijimasis padeda lau\u017eyti tabu ir skatina \u017emones kreiptis d\u0117l profilaktikos.\u201c<\/p>\n<p>Pana\u0161us po\u017ei\u016bris taikomas ir klausos sutrikim\u0173 srityje, kur ankstyvi veiksmai ir patirties dalijimasis yra itin svarb\u016bs. \u201ePacientai ir j\u0173 \u0161eimos netgi gali tiesiogiai susisiekti su kitais, susid\u016brusiais su pana\u0161iais i\u0161\u0161\u016bkiais\u201c, \u2013 priduria jis, pavyzd\u017eiui, per <a href=\"http:\/\/www.hoerverlust.at\/\">www.hoerverlust.at<\/a> arba KI-A asociacij\u0105.<\/p>\n<\/div><div class=\"fusion-reading-box-container reading-box-container-1\" style=\"--awb-title-color:#3d3b3b;--awb-margin-top:0px;--awb-margin-bottom:84px;\"><div class=\"reading-box\" style=\"background-color:#ffffff;border-width:1px;border-color:#e0dede;border-left-width:3px;border-left-color:var(--primary_color);border-style:solid;\"><div class=\"reading-box-additional\">\n<div id=\"attachment_32559\" style=\"width: 310px\" class=\"wp-caption alignleft\"><img decoding=\"async\" aria-describedby=\"caption-attachment-32559\" class=\"lazyload size-medium wp-image-32559\" src=\"https:\/\/lifelonghearing.com\/lt\/wp-content\/uploads\/sites\/12\/2026\/03\/MutmacherInnen-cStefan-Diesner-300x214.jpg\" data-orig-src=\"https:\/\/lifelonghearing.com\/lt\/wp-content\/uploads\/sites\/12\/2026\/03\/MutmacherInnen-cStefan-Diesner-300x214.jpg\" alt=\"\" width=\"300\" height=\"214\" srcset=\"data:image\/svg+xml,%3Csvg%20xmlns%3D%27http%3A%2F%2Fwww.w3.org%2F2000%2Fsvg%27%20width%3D%27300%27%20height%3D%27214%27%20viewBox%3D%270%200%20300%20214%27%3E%3Crect%20width%3D%27300%27%20height%3D%27214%27%20fill-opacity%3D%220%22%2F%3E%3C%2Fsvg%3E\" data-srcset=\"https:\/\/lifelonghearing.com\/lt\/wp-content\/uploads\/sites\/12\/2026\/03\/MutmacherInnen-cStefan-Diesner-200x143.jpg 200w, https:\/\/lifelonghearing.com\/lt\/wp-content\/uploads\/sites\/12\/2026\/03\/MutmacherInnen-cStefan-Diesner-300x214.jpg 300w, https:\/\/lifelonghearing.com\/lt\/wp-content\/uploads\/sites\/12\/2026\/03\/MutmacherInnen-cStefan-Diesner-400x286.jpg 400w, https:\/\/lifelonghearing.com\/lt\/wp-content\/uploads\/sites\/12\/2026\/03\/MutmacherInnen-cStefan-Diesner-600x429.jpg 600w, https:\/\/lifelonghearing.com\/lt\/wp-content\/uploads\/sites\/12\/2026\/03\/MutmacherInnen-cStefan-Diesner-768x549.jpg 768w, https:\/\/lifelonghearing.com\/lt\/wp-content\/uploads\/sites\/12\/2026\/03\/MutmacherInnen-cStefan-Diesner-800x572.jpg 800w, https:\/\/lifelonghearing.com\/lt\/wp-content\/uploads\/sites\/12\/2026\/03\/MutmacherInnen-cStefan-Diesner-1024x732.jpg 1024w, https:\/\/lifelonghearing.com\/lt\/wp-content\/uploads\/sites\/12\/2026\/03\/MutmacherInnen-cStefan-Diesner.jpg 1030w\" data-sizes=\"auto\" data-orig-sizes=\"(max-width: 300px) 100vw, 300px\" \/><p id=\"caption-attachment-32559\" class=\"wp-caption-text\">MutmacherInnen \u00a9Stefan Diesner<\/p><\/div>\n<p>2020 m. Austrijos v\u0117\u017eio pagalbos organizacija kartu su menininke ir fotografe Sabine Hauswirth prad\u0117jo knyg\u0173 serij\u0105 \u201eMutmacherInnen\u201c (\u201eDr\u0105sintojai\u201c). Kiekviename i\u0161 \u0161e\u0161i\u0173 iki \u0161iol i\u0161leist\u0173 tom\u0173 dvylika pacient\u0173, turin\u010di\u0173 skirtingas v\u0117\u017eio diagnozes, dalijasi savo asmenin\u0117mis istorijomis, siekdami \u012fkv\u0117pti ir padr\u0105sinti kitus sergan\u010diuosius. Visos pajamos i\u0161 knyg\u0173 pardavimo skiriamos Austrijos v\u0117\u017eio pagalbos organizacijai, kuri teikia visapusi\u0161k\u0105, lengvai prieinam\u0105 pagalb\u0105 onkologiniams pacientams ir j\u0173 \u0161eimoms.<\/p>\n<p>Knygas leid\u017eia \u201eEchomedia Verlag\u201c, jas galima \u012fsigyti internetu ma\u017edaug u\u017e 25 \u20ac.<\/p>\n<\/div><div class=\"fusion-clearfix\"><\/div><\/div><\/div><div class=\"fusion-reading-box-container reading-box-container-2\" style=\"--awb-title-color:#3d3b3b;--awb-margin-top:0px;--awb-margin-bottom:84px;\"><div class=\"reading-box\" style=\"background-color:#ffffff;border-width:1px;border-color:#e0dede;border-left-width:3px;border-left-color:var(--primary_color);border-style:solid;\"><div class=\"reading-box-additional\">\n<div id=\"attachment_32561\" style=\"width: 310px\" class=\"wp-caption alignleft\"><img decoding=\"async\" aria-describedby=\"caption-attachment-32561\" class=\"lazyload size-medium wp-image-32561\" src=\"https:\/\/lifelonghearing.com\/lt\/wp-content\/uploads\/sites\/12\/2026\/03\/Horberater-300x200.jpg\" data-orig-src=\"https:\/\/lifelonghearing.com\/lt\/wp-content\/uploads\/sites\/12\/2026\/03\/Horberater-300x200.jpg\" alt=\"\" width=\"300\" height=\"200\" srcset=\"data:image\/svg+xml,%3Csvg%20xmlns%3D%27http%3A%2F%2Fwww.w3.org%2F2000%2Fsvg%27%20width%3D%27300%27%20height%3D%27200%27%20viewBox%3D%270%200%20300%20200%27%3E%3Crect%20width%3D%27300%27%20height%3D%27200%27%20fill-opacity%3D%220%22%2F%3E%3C%2Fsvg%3E\" data-srcset=\"https:\/\/lifelonghearing.com\/lt\/wp-content\/uploads\/sites\/12\/2026\/03\/Horberater-200x133.jpg 200w, https:\/\/lifelonghearing.com\/lt\/wp-content\/uploads\/sites\/12\/2026\/03\/Horberater-300x200.jpg 300w, https:\/\/lifelonghearing.com\/lt\/wp-content\/uploads\/sites\/12\/2026\/03\/Horberater-400x267.jpg 400w, https:\/\/lifelonghearing.com\/lt\/wp-content\/uploads\/sites\/12\/2026\/03\/Horberater-600x400.jpg 600w, https:\/\/lifelonghearing.com\/lt\/wp-content\/uploads\/sites\/12\/2026\/03\/Horberater-768x512.jpg 768w, https:\/\/lifelonghearing.com\/lt\/wp-content\/uploads\/sites\/12\/2026\/03\/Horberater-800x534.jpg 800w, https:\/\/lifelonghearing.com\/lt\/wp-content\/uploads\/sites\/12\/2026\/03\/Horberater-1024x683.jpg 1024w, https:\/\/lifelonghearing.com\/lt\/wp-content\/uploads\/sites\/12\/2026\/03\/Horberater-1200x800.jpg 1200w, https:\/\/lifelonghearing.com\/lt\/wp-content\/uploads\/sites\/12\/2026\/03\/Horberater.jpg 1267w\" data-sizes=\"auto\" data-orig-sizes=\"(max-width: 300px) 100vw, 300px\" \/><p id=\"caption-attachment-32561\" class=\"wp-caption-text\">H\u00f6rberater \u00a9Max Breynck<\/p><\/div>\n<p><em>H\u00f6ribald<\/em> komandos nariai patys yra kochlearini\u0173 implant\u0173 ir kit\u0173 klausos implant\u0173 naudotojai arba j\u0173 artimieji. Kaip klausos konsultantai jie dalijasi savo asmenine patirtimi ir yra atviri klausos sutrikim\u0173 turin\u010di\u0173 \u017emoni\u0173 bei j\u0173 \u0161eim\u0173 r\u016bpes\u010diams. J\u0173 istorijas rasite\u00a0<a href=\"http:\/\/www.hoerverlust.at\/hoerberaterin-finden\/\">www.hoerverlust.at\/hoerberaterin-finden\/<\/a>, kur taip pat galima su jais tiesiogiai susisiekti.<\/p>\n<\/div><div class=\"fusion-clearfix\"><\/div><\/div><\/div><\/div><\/div><\/div><\/div>\n","protected":false},"excerpt":{"rendered":"<p>Prof. dr. Martin Burian pasakoja apie savo asmenin\u0119 patirt\u012f CI vystymosi srityje ir ekspertines \u017einias navikini\u0173 lig\u0173 gydyme. Taip pat aptariamos paralel\u0117s tarp navik\u0173 gydymo ir klausos praradimo.<\/p>\n","protected":false},"author":10,"featured_media":32558,"comment_status":"open","ping_status":"open","sticky":false,"template":"","format":"standard","meta":{"_acf_changed":false,"footnotes":""},"categories":[411],"tags":[],"class_list":["post-32512","post","type-post","status-publish","format-standard","has-post-thumbnail","hentry","category-sveikata"],"yoast_head":"<!-- This site is optimized with the Yoast SEO plugin v24.3 - https:\/\/yoast.com\/wordpress\/plugins\/seo\/ -->\n<title>\u201eVis d\u0117lto a\u0161 esu patriotas!\u201c - Lithuanian<\/title>\n<meta name=\"robots\" content=\"index, follow, max-snippet:-1, max-image-preview:large, max-video-preview:-1\" \/>\n<link rel=\"canonical\" href=\"https:\/\/lifelonghearing.com\/lt\/vis-delto-as-esu-patriotas\/\" \/>\n<meta property=\"og:locale\" content=\"en_US\" \/>\n<meta property=\"og:type\" content=\"article\" \/>\n<meta property=\"og:title\" content=\"\u201eVis d\u0117lto a\u0161 esu patriotas!\u201c - Lithuanian\" \/>\n<meta property=\"og:description\" content=\"Prof. dr. Martin Burian pasakoja apie savo asmenin\u0119 patirt\u012f CI vystymosi srityje ir ekspertines \u017einias navikini\u0173 lig\u0173 gydyme. Taip pat aptariamos paralel\u0117s tarp navik\u0173 gydymo ir klausos praradimo.\" \/>\n<meta property=\"og:url\" content=\"https:\/\/lifelonghearing.com\/lt\/vis-delto-as-esu-patriotas\/\" \/>\n<meta property=\"og:site_name\" content=\"Lithuanian\" \/>\n<meta property=\"article:published_time\" content=\"2026-04-29T10:52:34+00:00\" \/>\n<meta property=\"og:image\" content=\"https:\/\/lifelonghearing.com\/lt\/wp-content\/uploads\/sites\/12\/2026\/03\/bhs_featured.jpg\" \/>\n\t<meta property=\"og:image:width\" content=\"1400\" \/>\n\t<meta property=\"og:image:height\" content=\"652\" \/>\n\t<meta property=\"og:image:type\" content=\"image\/jpeg\" \/>\n<meta name=\"author\" content=\"articleflow\" \/>\n<meta name=\"twitter:card\" content=\"summary_large_image\" \/>\n<meta name=\"twitter:label1\" content=\"Written by\" \/>\n\t<meta name=\"twitter:data1\" content=\"articleflow\" \/>\n\t<meta name=\"twitter:label2\" content=\"Est. reading time\" \/>\n\t<meta name=\"twitter:data2\" content=\"4 minutes\" \/>\n<script type=\"application\/ld+json\" class=\"yoast-schema-graph\">{\"@context\":\"https:\/\/schema.org\",\"@graph\":[{\"@type\":\"WebPage\",\"@id\":\"https:\/\/lifelonghearing.com\/lt\/vis-delto-as-esu-patriotas\/\",\"url\":\"https:\/\/lifelonghearing.com\/lt\/vis-delto-as-esu-patriotas\/\",\"name\":\"\u201eVis d\u0117lto a\u0161 esu patriotas!\u201c - Lithuanian\",\"isPartOf\":{\"@id\":\"https:\/\/lifelonghearing.com\/lt\/#website\"},\"primaryImageOfPage\":{\"@id\":\"https:\/\/lifelonghearing.com\/lt\/vis-delto-as-esu-patriotas\/#primaryimage\"},\"image\":{\"@id\":\"https:\/\/lifelonghearing.com\/lt\/vis-delto-as-esu-patriotas\/#primaryimage\"},\"thumbnailUrl\":\"https:\/\/lifelonghearing.com\/lt\/wp-content\/uploads\/sites\/12\/2026\/03\/bhs_featured.jpg\",\"datePublished\":\"2026-04-29T10:52:34+00:00\",\"dateModified\":\"2026-04-29T10:52:34+00:00\",\"author\":{\"@id\":\"https:\/\/lifelonghearing.com\/lt\/#\/schema\/person\/d0edcc0a625e2f23267e35d92373b717\"},\"breadcrumb\":{\"@id\":\"https:\/\/lifelonghearing.com\/lt\/vis-delto-as-esu-patriotas\/#breadcrumb\"},\"inLanguage\":\"en-US\",\"potentialAction\":[{\"@type\":\"ReadAction\",\"target\":[\"https:\/\/lifelonghearing.com\/lt\/vis-delto-as-esu-patriotas\/\"]}]},{\"@type\":\"ImageObject\",\"inLanguage\":\"en-US\",\"@id\":\"https:\/\/lifelonghearing.com\/lt\/vis-delto-as-esu-patriotas\/#primaryimage\",\"url\":\"https:\/\/lifelonghearing.com\/lt\/wp-content\/uploads\/sites\/12\/2026\/03\/bhs_featured.jpg\",\"contentUrl\":\"https:\/\/lifelonghearing.com\/lt\/wp-content\/uploads\/sites\/12\/2026\/03\/bhs_featured.jpg\",\"width\":1400,\"height\":652},{\"@type\":\"BreadcrumbList\",\"@id\":\"https:\/\/lifelonghearing.com\/lt\/vis-delto-as-esu-patriotas\/#breadcrumb\",\"itemListElement\":[{\"@type\":\"ListItem\",\"position\":1,\"name\":\"Home\",\"item\":\"https:\/\/lifelonghearing.com\/lt\/\"},{\"@type\":\"ListItem\",\"position\":2,\"name\":\"\u201eVis d\u0117lto a\u0161 esu patriotas!\u201c\"}]},{\"@type\":\"WebSite\",\"@id\":\"https:\/\/lifelonghearing.com\/lt\/#website\",\"url\":\"https:\/\/lifelonghearing.com\/lt\/\",\"name\":\"Lithuanian\",\"description\":\"\",\"potentialAction\":[{\"@type\":\"SearchAction\",\"target\":{\"@type\":\"EntryPoint\",\"urlTemplate\":\"https:\/\/lifelonghearing.com\/lt\/?s={search_term_string}\"},\"query-input\":{\"@type\":\"PropertyValueSpecification\",\"valueRequired\":true,\"valueName\":\"search_term_string\"}}],\"inLanguage\":\"en-US\"},{\"@type\":\"Person\",\"@id\":\"https:\/\/lifelonghearing.com\/lt\/#\/schema\/person\/d0edcc0a625e2f23267e35d92373b717\",\"name\":\"articleflow\",\"image\":{\"@type\":\"ImageObject\",\"inLanguage\":\"en-US\",\"@id\":\"https:\/\/lifelonghearing.com\/lt\/#\/schema\/person\/image\/\",\"url\":\"https:\/\/secure.gravatar.com\/avatar\/ce5adb94a89bcd93687bce9b019e3dd3?s=96&d=mm&r=g\",\"contentUrl\":\"https:\/\/secure.gravatar.com\/avatar\/ce5adb94a89bcd93687bce9b019e3dd3?s=96&d=mm&r=g\",\"caption\":\"articleflow\"},\"url\":\"https:\/\/lifelonghearing.com\/lt\/author\/articleflow\/\"}]}<\/script>\n<!-- \/ Yoast SEO plugin. -->","yoast_head_json":{"title":"\u201eVis d\u0117lto a\u0161 esu patriotas!\u201c - Lithuanian","robots":{"index":"index","follow":"follow","max-snippet":"max-snippet:-1","max-image-preview":"max-image-preview:large","max-video-preview":"max-video-preview:-1"},"canonical":"https:\/\/lifelonghearing.com\/lt\/vis-delto-as-esu-patriotas\/","og_locale":"en_US","og_type":"article","og_title":"\u201eVis d\u0117lto a\u0161 esu patriotas!\u201c - Lithuanian","og_description":"Prof. dr. Martin Burian pasakoja apie savo asmenin\u0119 patirt\u012f CI vystymosi srityje ir ekspertines \u017einias navikini\u0173 lig\u0173 gydyme. Taip pat aptariamos paralel\u0117s tarp navik\u0173 gydymo ir klausos praradimo.","og_url":"https:\/\/lifelonghearing.com\/lt\/vis-delto-as-esu-patriotas\/","og_site_name":"Lithuanian","article_published_time":"2026-04-29T10:52:34+00:00","og_image":[{"width":1400,"height":652,"url":"https:\/\/lifelonghearing.com\/lt\/wp-content\/uploads\/sites\/12\/2026\/03\/bhs_featured.jpg","type":"image\/jpeg"}],"author":"articleflow","twitter_card":"summary_large_image","twitter_misc":{"Written by":"articleflow","Est. reading time":"4 minutes"},"schema":{"@context":"https:\/\/schema.org","@graph":[{"@type":"WebPage","@id":"https:\/\/lifelonghearing.com\/lt\/vis-delto-as-esu-patriotas\/","url":"https:\/\/lifelonghearing.com\/lt\/vis-delto-as-esu-patriotas\/","name":"\u201eVis d\u0117lto a\u0161 esu patriotas!\u201c - Lithuanian","isPartOf":{"@id":"https:\/\/lifelonghearing.com\/lt\/#website"},"primaryImageOfPage":{"@id":"https:\/\/lifelonghearing.com\/lt\/vis-delto-as-esu-patriotas\/#primaryimage"},"image":{"@id":"https:\/\/lifelonghearing.com\/lt\/vis-delto-as-esu-patriotas\/#primaryimage"},"thumbnailUrl":"https:\/\/lifelonghearing.com\/lt\/wp-content\/uploads\/sites\/12\/2026\/03\/bhs_featured.jpg","datePublished":"2026-04-29T10:52:34+00:00","dateModified":"2026-04-29T10:52:34+00:00","author":{"@id":"https:\/\/lifelonghearing.com\/lt\/#\/schema\/person\/d0edcc0a625e2f23267e35d92373b717"},"breadcrumb":{"@id":"https:\/\/lifelonghearing.com\/lt\/vis-delto-as-esu-patriotas\/#breadcrumb"},"inLanguage":"en-US","potentialAction":[{"@type":"ReadAction","target":["https:\/\/lifelonghearing.com\/lt\/vis-delto-as-esu-patriotas\/"]}]},{"@type":"ImageObject","inLanguage":"en-US","@id":"https:\/\/lifelonghearing.com\/lt\/vis-delto-as-esu-patriotas\/#primaryimage","url":"https:\/\/lifelonghearing.com\/lt\/wp-content\/uploads\/sites\/12\/2026\/03\/bhs_featured.jpg","contentUrl":"https:\/\/lifelonghearing.com\/lt\/wp-content\/uploads\/sites\/12\/2026\/03\/bhs_featured.jpg","width":1400,"height":652},{"@type":"BreadcrumbList","@id":"https:\/\/lifelonghearing.com\/lt\/vis-delto-as-esu-patriotas\/#breadcrumb","itemListElement":[{"@type":"ListItem","position":1,"name":"Home","item":"https:\/\/lifelonghearing.com\/lt\/"},{"@type":"ListItem","position":2,"name":"\u201eVis d\u0117lto a\u0161 esu patriotas!\u201c"}]},{"@type":"WebSite","@id":"https:\/\/lifelonghearing.com\/lt\/#website","url":"https:\/\/lifelonghearing.com\/lt\/","name":"Lithuanian","description":"","potentialAction":[{"@type":"SearchAction","target":{"@type":"EntryPoint","urlTemplate":"https:\/\/lifelonghearing.com\/lt\/?s={search_term_string}"},"query-input":{"@type":"PropertyValueSpecification","valueRequired":true,"valueName":"search_term_string"}}],"inLanguage":"en-US"},{"@type":"Person","@id":"https:\/\/lifelonghearing.com\/lt\/#\/schema\/person\/d0edcc0a625e2f23267e35d92373b717","name":"articleflow","image":{"@type":"ImageObject","inLanguage":"en-US","@id":"https:\/\/lifelonghearing.com\/lt\/#\/schema\/person\/image\/","url":"https:\/\/secure.gravatar.com\/avatar\/ce5adb94a89bcd93687bce9b019e3dd3?s=96&d=mm&r=g","contentUrl":"https:\/\/secure.gravatar.com\/avatar\/ce5adb94a89bcd93687bce9b019e3dd3?s=96&d=mm&r=g","caption":"articleflow"},"url":"https:\/\/lifelonghearing.com\/lt\/author\/articleflow\/"}]}},"acf":[],"_links":{"self":[{"href":"https:\/\/lifelonghearing.com\/lt\/wp-json\/wp\/v2\/posts\/32512","targetHints":{"allow":["GET"]}}],"collection":[{"href":"https:\/\/lifelonghearing.com\/lt\/wp-json\/wp\/v2\/posts"}],"about":[{"href":"https:\/\/lifelonghearing.com\/lt\/wp-json\/wp\/v2\/types\/post"}],"author":[{"embeddable":true,"href":"https:\/\/lifelonghearing.com\/lt\/wp-json\/wp\/v2\/users\/10"}],"replies":[{"embeddable":true,"href":"https:\/\/lifelonghearing.com\/lt\/wp-json\/wp\/v2\/comments?post=32512"}],"version-history":[{"count":2,"href":"https:\/\/lifelonghearing.com\/lt\/wp-json\/wp\/v2\/posts\/32512\/revisions"}],"predecessor-version":[{"id":32563,"href":"https:\/\/lifelonghearing.com\/lt\/wp-json\/wp\/v2\/posts\/32512\/revisions\/32563"}],"wp:featuredmedia":[{"embeddable":true,"href":"https:\/\/lifelonghearing.com\/lt\/wp-json\/wp\/v2\/media\/32558"}],"wp:attachment":[{"href":"https:\/\/lifelonghearing.com\/lt\/wp-json\/wp\/v2\/media?parent=32512"}],"wp:term":[{"taxonomy":"category","embeddable":true,"href":"https:\/\/lifelonghearing.com\/lt\/wp-json\/wp\/v2\/categories?post=32512"},{"taxonomy":"post_tag","embeddable":true,"href":"https:\/\/lifelonghearing.com\/lt\/wp-json\/wp\/v2\/tags?post=32512"}],"curies":[{"name":"wp","href":"https:\/\/api.w.org\/{rel}","templated":true}]}}