{"id":33100,"date":"2025-11-07T10:43:17","date_gmt":"2025-11-07T10:43:17","guid":{"rendered":"https:\/\/lifelonghearing.com\/hu\/?p=33100"},"modified":"2025-11-07T10:43:17","modified_gmt":"2025-11-07T10:43:17","slug":"mar-alig-varom-hogy-zenet-hallgassak","status":"publish","type":"post","link":"https:\/\/lifelonghearing.com\/hu\/mar-alig-varom-hogy-zenet-hallgassak\/","title":{"rendered":"&#8220;M\u00e1r alig v\u00e1rom, hogy zen\u00e9t hallgassak!&#8221;"},"content":{"rendered":"<p><div class=\"fusion-fullwidth fullwidth-box fusion-builder-row-1 fusion-flex-container nonhundred-percent-fullwidth non-hundred-percent-height-scrolling\" style=\"--awb-border-radius-top-left:0px;--awb-border-radius-top-right:0px;--awb-border-radius-bottom-right:0px;--awb-border-radius-bottom-left:0px;--awb-flex-wrap:wrap;\" ><div class=\"fusion-builder-row fusion-row fusion-flex-align-items-flex-start fusion-flex-content-wrap\" style=\"max-width:1248px;margin-left: calc(-4% \/ 2 );margin-right: calc(-4% \/ 2 );\"><div class=\"fusion-layout-column fusion_builder_column fusion-builder-column-0 fusion_builder_column_1_1 1_1 fusion-flex-column\" style=\"--awb-bg-size:cover;--awb-width-large:100%;--awb-margin-top-large:0px;--awb-spacing-right-large:1.92%;--awb-margin-bottom-large:10px;--awb-spacing-left-large:1.92%;--awb-width-medium:100%;--awb-order-medium:0;--awb-spacing-right-medium:1.92%;--awb-spacing-left-medium:1.92%;--awb-width-small:100%;--awb-order-small:0;--awb-spacing-right-small:1.92%;--awb-spacing-left-small:1.92%;\"><div class=\"fusion-column-wrapper fusion-column-has-shadow fusion-flex-justify-content-flex-start fusion-content-layout-column\"><div class=\"fusion-title title fusion-title-1 fusion-sep-none fusion-title-text fusion-title-size-one\" style=\"--awb-margin-top:0px;--awb-font-size:38px;\"><h1 class=\"fusion-title-heading title-heading-left fusion-responsive-typography-calculated\" style=\"margin:0;font-size:1em;--fontSize:38;line-height:1.3;\"><strong><em>Egyoldali s\u00fckets\u00e9g otoszkler\u00f3zis miatt \u2013 k\u00e9toldali hall\u00e1s cochle\u00e1ris implant\u00e1tumnak k\u00f6sz\u00f6nhet\u0151en<\/em><\/strong><\/h1><\/div><div class=\"fusion-text fusion-text-1\"><p><strong>Christian Vogt 18 \u00e9ven kereszt\u00fcl alig vagy egy\u00e1ltal\u00e1n nem hallott semmit az egyik f\u00fcl\u00e9ben: &#8220;Mintha a f\u00fclem be lenne dugulva.&#8221; 2025 elej\u00e9n egy cochle\u00e1ris implant\u00e1tummal visszanyerte hall\u00e1s\u00e1t. <\/strong><\/p>\n<\/div><div class=\"fusion-image-element \" style=\"--awb-caption-title-font-family:var(--h2_typography-font-family);--awb-caption-title-font-weight:var(--h2_typography-font-weight);--awb-caption-title-font-style:var(--h2_typography-font-style);--awb-caption-title-size:var(--h2_typography-font-size);--awb-caption-title-transform:var(--h2_typography-text-transform);--awb-caption-title-line-height:var(--h2_typography-line-height);--awb-caption-title-letter-spacing:var(--h2_typography-letter-spacing);\"><span class=\" fusion-imageframe imageframe-none imageframe-1 hover-type-none\"><img decoding=\"async\" width=\"1400\" height=\"652\" title=\"streaming_featured (1)\" src=\"https:\/\/lifelonghearing.com\/hu\/wp-content\/uploads\/sites\/4\/2025\/11\/streaming_featured-1.jpg\" data-orig-src=\"https:\/\/lifelonghearing.com\/hu\/wp-content\/uploads\/sites\/4\/2025\/11\/streaming_featured-1.jpg\" alt class=\"lazyload img-responsive wp-image-33102\" srcset=\"data:image\/svg+xml,%3Csvg%20xmlns%3D%27http%3A%2F%2Fwww.w3.org%2F2000%2Fsvg%27%20width%3D%271400%27%20height%3D%27652%27%20viewBox%3D%270%200%201400%20652%27%3E%3Crect%20width%3D%271400%27%20height%3D%27652%27%20fill-opacity%3D%220%22%2F%3E%3C%2Fsvg%3E\" data-srcset=\"https:\/\/lifelonghearing.com\/hu\/wp-content\/uploads\/sites\/4\/2025\/11\/streaming_featured-1-200x93.jpg 200w, https:\/\/lifelonghearing.com\/hu\/wp-content\/uploads\/sites\/4\/2025\/11\/streaming_featured-1-400x186.jpg 400w, https:\/\/lifelonghearing.com\/hu\/wp-content\/uploads\/sites\/4\/2025\/11\/streaming_featured-1-600x279.jpg 600w, https:\/\/lifelonghearing.com\/hu\/wp-content\/uploads\/sites\/4\/2025\/11\/streaming_featured-1-800x373.jpg 800w, https:\/\/lifelonghearing.com\/hu\/wp-content\/uploads\/sites\/4\/2025\/11\/streaming_featured-1-1200x559.jpg 1200w, https:\/\/lifelonghearing.com\/hu\/wp-content\/uploads\/sites\/4\/2025\/11\/streaming_featured-1.jpg 1400w\" data-sizes=\"auto\" data-orig-sizes=\"(max-width: 1024px) 100vw, (max-width: 640px) 100vw, 1200px\" \/><\/span><\/div><\/div><\/div><\/div><\/div><div class=\"fusion-fullwidth fullwidth-box fusion-builder-row-2 fusion-flex-container nonhundred-percent-fullwidth non-hundred-percent-height-scrolling\" style=\"--awb-border-radius-top-left:0px;--awb-border-radius-top-right:0px;--awb-border-radius-bottom-right:0px;--awb-border-radius-bottom-left:0px;--awb-flex-wrap:wrap;\" ><div class=\"fusion-builder-row fusion-row fusion-flex-align-items-flex-start fusion-flex-content-wrap\" style=\"max-width:1248px;margin-left: calc(-4% \/ 2 );margin-right: calc(-4% \/ 2 );\"><div class=\"fusion-layout-column fusion_builder_column fusion-builder-column-1 fusion_builder_column_1_1 1_1 fusion-flex-column\" style=\"--awb-bg-size:cover;--awb-width-large:100%;--awb-margin-top-large:0px;--awb-spacing-right-large:1.92%;--awb-margin-bottom-large:0px;--awb-spacing-left-large:1.92%;--awb-width-medium:100%;--awb-spacing-right-medium:1.92%;--awb-spacing-left-medium:1.92%;--awb-width-small:100%;--awb-spacing-right-small:1.92%;--awb-spacing-left-small:1.92%;\"><div class=\"fusion-column-wrapper fusion-flex-justify-content-flex-start fusion-content-layout-column\"><div class=\"fusion-text fusion-text-2\"><h3><strong>\"A sz\u00ednh\u00e1z 2006-ban kezd\u0151d\u00f6tt sz\u00e1momra\" - eml\u00e9kszik vissza Christian Vogt.<\/strong><\/h3>\n<p>Vezet\u00e9s k\u00f6zben a 31 \u00e9ves Christian hirtelen \u00fagy \u00e9rezte, alig hall valamit a jobb f\u00fcl\u00e9re. \u201eMintha valaki bedugott volna egy dug\u00f3t a f\u00fcledbe \u2013 \u00e9s k\u00e9sz.\u201d B\u00e1r a sorkatonai alkalmass\u00e1gi vizsg\u00e1laton a katonaorvos m\u00e1r kor\u00e1bban \u00e9szlelt egyoldali hall\u00e1scs\u00f6kken\u00e9st, Vogt min\u0151s\u00edt\u00e9se \u201ekorl\u00e1toz\u00e1sokkal szolg\u00e1latra alkalmas\u201d lett, \u00e9s tov\u00e1bbi javaslatot nem kapott. Mivel sem a sorkatonas\u00e1g alatt, sem a mindennapokban nem \u00e9rzett k\u00fcl\u00f6n\u00f6sebb akad\u00e1lyoztat\u00e1st, eleinte nem foglalkozott a dologgal.<\/p>\n<p>2006-ban azt\u00e1n v\u00e1ratlanul hirtelen hall\u00e1scs\u00f6kken\u00e9s l\u00e9pett fel a jobb f\u00fcl\u00e9ben \u2013 \u00e9pp egy aut\u00f3\u00fat k\u00f6zep\u00e9n. Amikor pedig minden rem\u00e9ny ellen\u00e9re sem t\u00e9rt vissza a hall\u00e1sa a kor\u00e1bbi szintre, az als\u00f3-ausztriai sz\u00e1rmaz\u00e1s\u00fa f\u00e9rfi f\u00fcl-orr-g\u00e9g\u00e9szhez, majd k\u00e9s\u0151bb szakorvosi klinik\u00e1ra fordult. \u00c1m a jobb f\u00fcl\u00f6n megmaradt 20% k\u00f6r\u00fcli hall\u00e1s \u00e9s az \u00e9p bal f\u00fcl mellett akkoriban a szakemberek nem tudtak seg\u00edteni. \u201eVal\u00f3sz\u00edn\u0171leg volt benne egy kis hanyag\u00ads\u00e1g is a r\u00e9szemr\u0151l\u201d \u2013 ismeri el ut\u00f3lag \u2013, hiszen az\u00f3ta a mindennapi \u00e9letben is jelent\u0151s korl\u00e1toz\u00e1sokkal kellett egy\u00fctt \u00e9lnie.<\/p>\n<div id=\"attachment_33103\" style=\"width: 310px\" class=\"wp-caption alignleft\"><img decoding=\"async\" aria-describedby=\"caption-attachment-33103\" class=\"lazyload size-medium wp-image-33103\" src=\"https:\/\/lifelonghearing.com\/hu\/wp-content\/uploads\/sites\/4\/2025\/11\/IMG_6794-1-300x200.jpg\" data-orig-src=\"https:\/\/lifelonghearing.com\/hu\/wp-content\/uploads\/sites\/4\/2025\/11\/IMG_6794-1-300x200.jpg\" alt=\"\" width=\"300\" height=\"200\" srcset=\"data:image\/svg+xml,%3Csvg%20xmlns%3D%27http%3A%2F%2Fwww.w3.org%2F2000%2Fsvg%27%20width%3D%27300%27%20height%3D%27200%27%20viewBox%3D%270%200%20300%20200%27%3E%3Crect%20width%3D%27300%27%20height%3D%27200%27%20fill-opacity%3D%220%22%2F%3E%3C%2Fsvg%3E\" data-srcset=\"https:\/\/lifelonghearing.com\/hu\/wp-content\/uploads\/sites\/4\/2025\/11\/IMG_6794-1-200x133.jpg 200w, https:\/\/lifelonghearing.com\/hu\/wp-content\/uploads\/sites\/4\/2025\/11\/IMG_6794-1-300x200.jpg 300w, https:\/\/lifelonghearing.com\/hu\/wp-content\/uploads\/sites\/4\/2025\/11\/IMG_6794-1-400x267.jpg 400w, https:\/\/lifelonghearing.com\/hu\/wp-content\/uploads\/sites\/4\/2025\/11\/IMG_6794-1-600x400.jpg 600w, https:\/\/lifelonghearing.com\/hu\/wp-content\/uploads\/sites\/4\/2025\/11\/IMG_6794-1-768x512.jpg 768w, https:\/\/lifelonghearing.com\/hu\/wp-content\/uploads\/sites\/4\/2025\/11\/IMG_6794-1-800x533.jpg 800w, https:\/\/lifelonghearing.com\/hu\/wp-content\/uploads\/sites\/4\/2025\/11\/IMG_6794-1-1024x683.jpg 1024w, https:\/\/lifelonghearing.com\/hu\/wp-content\/uploads\/sites\/4\/2025\/11\/IMG_6794-1-1200x800.jpg 1200w, https:\/\/lifelonghearing.com\/hu\/wp-content\/uploads\/sites\/4\/2025\/11\/IMG_6794-1-1536x1024.jpg 1536w, https:\/\/lifelonghearing.com\/hu\/wp-content\/uploads\/sites\/4\/2025\/11\/IMG_6794-1-scaled.jpg 1916w\" data-sizes=\"auto\" data-orig-sizes=\"(max-width: 300px) 100vw, 300px\" \/><p id=\"caption-attachment-33103\" class=\"wp-caption-text\">A CI-haszn\u00e1l\u00f3 Christian Vogt csak dics\u00e9rni tudja a St. P\u00f6lten-i Egyetemi Klinika csapat\u00e1t, akik \u0151t \u00e9s a CI-s f\u00fcl\u00e9t gondozz\u00e1k. \u00a9Eva Kohl<\/p><\/div>\n<h3><strong>\"Neh\u00e9z a norm\u00e1lis hall\u00e1s\u00fa embereknek meg\u00e9rteni!\"<\/strong><\/h3>\n<p>Vogt sz\u00e1m\u00e1ra k\u00fcl\u00f6n\u00f6sen megterhel\u0151 volt a f\u00fcl\u00e9ben \u00e1lland\u00f3an \u00e9rzett nyom\u00e1s. \u201eOlyan volt, mintha bent lenne egy dug\u00f3, amit csak ki kellene venni, \u00e9s akkor \u00fajra hallan\u00e9k.\u201d N\u00e9ha annyira er\u0151s volt a v\u00e1gy, hogy \u201efelszabad\u00edtsa\u201d a f\u00fcl\u00e9t, hogy \u2013 ahogy fogalmaz \u2013 \u201elegsz\u00edvesebben vill\u00e1t sz\u00fartam volna bele\u201d.<\/p>\n<p>\u201eMindig neh\u00e9z volt, ha sok volt a h\u00e1tt\u00e9rzaj\u201d \u2013 id\u00e9z fel sz\u00e1mos kellemetlen helyzetet. \u201eVagy amikor valaki jobb oldalr\u00f3l sz\u00f3lt hozz\u00e1m, egyszer\u0171en nem hallottam. Persze azt hitt\u00e9k, sz\u00e1nd\u00e9kosan nem figyelek \u2013 hiszen nincs a homlokomra \u00edrva, hogy a jobb f\u00fclemre s\u00fcket vagyok.\u201d<\/p>\n<p>A szentp\u00f6lteni f\u00e9rfi \u201ekellemetlens\u00e9gekr\u0151l\u201d is besz\u00e9l a csal\u00e1dban \u2013 p\u00e9ld\u00e1ul amikor este teljesen elt\u00e9rt az ide\u00e1lis t\u00e9v\u00e9hanger\u0151, vagy amikor a feles\u00e9ge t\u00fal halkan, f\u00e9lv\u00e1llr\u00f3l jegyzett meg valamit. \u201eGyakran frusztr\u00e1lt lettem, \u00e9s kifakadtam: \u2018J\u00f3l tudod, hogy ezt nem \u00e9rtem!\u2019\u201d \u2013 ismeri el, majd hozz\u00e1teszi: \u201eAz emberek persze folyton elfelejtik, de engem ez akkor is bosszantott.\u201d A bar\u00e1ti k\u00f6r\u00e9ben egyre visszah\u00faz\u00f3d\u00f3bb lett: \u201eAz ember nem tudja, hogyan kapcsol\u00f3djon be, ha egyszer\u0171en nem \u00e9rti, mit mondanak a t\u00f6bbiek.\u201d Nem akarta \u00e1lland\u00f3an megk\u00e9rni az embereket, hogy ism\u00e9telj\u00e9k meg, amit mondtak: \u201eMindenki meg\u00e9rt\u0151 volt, de engem akkor is zavart. Emiatt kirekesztve \u00e9reztem magam.\u201d Mindezt m\u00e9gis 16 \u00e9vig t\u0171rte an\u00e9lk\u00fcl, hogy tov\u00e1bbi seg\u00edts\u00e9get keresett volna: \u201eAzt mondtam magamnak, ezt egyszer\u0171en el kell fogadnod.\u201d<\/p>\n<h3><strong>\"70%-kal jobb \u00e9letmin\u0151s\u00e9gem van a CI-vel!\"<\/strong><\/h3>\n<p>Csak akkor fordult seg\u00edts\u00e9g\u00e9rt, amikor t\u00f6bb mint m\u00e1sf\u00e9l \u00e9vtized ut\u00e1n \u00fagy \u00e9rezte, hogy \u00f6sszess\u00e9g\u00e9ben is romlik a hall\u00e1sa: felkeresett egy hall\u00f3k\u00e9sz\u00fcl\u00e9k akusztikust. Az ottani vizsg\u00e1latok \u2013 \u00e9s a f\u00fcl-orr-g\u00e9g\u00e9szeti kontroll \u2013 igazolt\u00e1k az el\u0151rehaladott otoszkler\u00f3zist: ez a k\u00f3rk\u00e9p k\u00f3ros csontfelszaporod\u00e1ssal j\u00e1r, \u00e9s tipikusan rontja a f\u00fcl m\u0171k\u00f6d\u00e9s\u00e9t. Miut\u00e1n a stapedotomia\/stapedectomia \u2013 vagyis a meszesedett kengyelt egy megfelel\u0151 k\u00f6z\u00e9pf\u00fcl-prot\u00e9zisre cser\u00e9l\u0151 m\u0171t\u00e9t \u2013 nem hozott sikert, az orvosok cochle\u00e1ris implant\u00e1tumot (CI) javasoltak.<\/p>\n<p>A CI-rendszer a hangot elektromos jelekk\u00e9 alak\u00edtja, amelyek a hall\u00f3ideget ingerlik, \u00edgy p\u00f3tolja a k\u00f6z\u00e9p- \u00e9s bels\u0151 f\u00fcl kiesett funkci\u00f3it. Az als\u00f3-ausztriai f\u00e9rfi ma is \u00e9l\u00e9nken eml\u00e9kszik a St. P\u00f6lten-i Egyetemi Klinik\u00e1n t\u00f6rt\u00e9nt aktiv\u00e1l\u00e1si napj\u00e1ra: \u201eAz els\u0151 pillanatt\u00f3l kezdve \u00fajra hallottam hangokat. Ez hihetetlen\u00fcl megk\u00f6nny\u00edtette az \u00e9letemet!\u201d B\u00e1r a besz\u00e9d\u00e9rt\u00e9shez kellett egy kis id\u0151, egy dolog azonnal vil\u00e1gos lett sz\u00e1m\u00e1ra: \u201eM\u00e1r csak az\u00e9rt is eg\u00e9sz nap hordan\u00e1m a k\u00e9sz\u00fcl\u00e9ket, mert elt\u0171nt a nyom\u00e1s\u00e9rzet a jobb f\u00fclemben \u2013 \u00fajra kap hangot.\u201d<\/p>\n<p>\u201eMost m\u00e1r jobbr\u00f3l sz\u00f3lva is reag\u00e1lni tudok\u201d \u2013 mondja a lelkes triatlonista. Hetente 12\u201314 \u00f3r\u00e1t edz \u2013 naponta legal\u00e1bb 2 \u00f3ra ker\u00e9kp\u00e1r \u00e9s 1 \u00f3ra fut\u00e1s. A CI az edz\u00e9seken is seg\u00edt: \u201eFut\u00e1s k\u00f6zben a bal oldalon AirPod-ot haszn\u00e1lok zen\u00e9hez. Kor\u00e1bban nem hallottam a h\u00e1tulr\u00f3l k\u00f6zeled\u0151 aut\u00f3kat. A bal oldalon futottam az \u00faton, hogy l\u00e1ssam a szembeforgalmat, de ez sem volt teljesen biztons\u00e1gos. Most a jobb oldalon viselem az audioprocesszort: balr\u00f3l sz\u00f3l a zene, jobbr\u00f3l pedig hallom, ha aut\u00f3 j\u00f6n. Ez nagyon fontos!\u201d<\/p>\n<h3><strong>\"A CI-felhaszn\u00e1l\u00f3kat nem szabad sajn\u00e1lni!\"<\/strong><\/h3>\n<p>A mai CI-rendszerek egy be\u00fcltetett implant\u00e1tumb\u00f3l \u00e9s egy k\u00edv\u00fcl viselt audioprocesszorb\u00f3l \u00e1llnak. Ut\u00f3bbi a f\u00fcl\u00f6n vagy a f\u00fcl f\u00f6l\u00f6tt helyezkedik el, hasonl\u00f3an egy hall\u00f3k\u00e9sz\u00fcl\u00e9khez. Ha a haszn\u00e1l\u00f3 r\u00f6vid hajat visel \u2013 vagy mint a triatlonista Vogt, egy\u00e1ltal\u00e1n nincs haja \u2013, a processzor j\u00f3l l\u00e1that\u00f3. Ez a el\u00e9gedett CI-haszn\u00e1l\u00f3t nem zavarja: \u201eMegn\u00e9zik n\u00e9ha, de nagyon ritk\u00e1n sz\u00f3l\u00edt meg miatta b\u00e1rki. \u00c9s a CI-t\u0151l biztosan nem lettem szeg\u00e9nyebb: \u00e9letmin\u0151s\u00e9get kaptam vissza \u00e1ltala!\u201d<\/p>\n<p>El\u0151fordul, hogy Vogtnak ma is meg kell k\u00e9rnie m\u00e1sokat az ism\u00e9tl\u00e9sre. \u201eDe ha valaki \u2013 mint \u00e9n \u2013 16 \u00e9vig szinte semmit sem hall, majd k\u00e9t \u00e9vig teljesen s\u00fcket, nem v\u00e1rhatja, hogy egyik napr\u00f3l a m\u00e1sikra ugyanolyan legyen a hall\u00e1sa, mint r\u00e9gen\u201d \u2013 mondja tapasztalatb\u00f3l. \u201eEleinte csak hangokat \u00e9rz\u00e9kelsz. Az \u00e9rt\u00e9s fokozatosan alakul ki. Id\u0151t kell adni a testnek, az idegeknek \u00e9s az agynak, hogy mindent \u00fajratanuljanak.\u201d Jelenleg zen\u00e9hez m\u00e9g a hall\u00f3 f\u00fcl\u00e9n viselt AirPod-ot r\u00e9szes\u00edti el\u0151nyben. \u201eDe m\u00e1r nagyon v\u00e1rom, hogy elj\u00f6jj\u00f6n az a pillanat, amikor AirPods n\u00e9lk\u00fcl futhatok, \u00e9s a zen\u00e9t k\u00f6zvetlen\u00fcl a CI-processzoromra streamelhetem!\u201d<\/p>\n<\/div><div class=\"fusion-reading-box-container reading-box-container-1\" style=\"--awb-title-color:#3d3b3b;--awb-margin-top:0px;--awb-margin-bottom:84px;\"><div class=\"reading-box\" style=\"background-color:#ffffff;border-width:1px;border-color:#e0dede;border-left-width:3px;border-left-color:var(--primary_color);border-style:solid;\"><h2>K\u00e9szen a j\u00f6v\u0151re <\/h2><div class=\"reading-box-additional fusion-reading-box-additional\">\n<p>Az otoszkler\u00f3zis t\u00f6bbnyire mindk\u00e9t f\u00fclet \u00e9rinti \u2013 gyakran elt\u00e9r\u0151 m\u00e9rt\u00e9kben. Ez\u00e9rt a MED-EL CI-rendszerek k\u00fcl\u00f6n\u00f6sen j\u00f3l illenek ehhez az \u00e1llapothoz: ha a m\u00e1sik oldalon hagyom\u00e1nyos hall\u00f3k\u00e9sz\u00fcl\u00e9kre van sz\u00fcks\u00e9g, azt szabadon lehet megv\u00e1lasztani \u2013 an\u00e9lk\u00fcl, hogy a t\u00faloldali CI-hez k\u00fcl\u00f6n igazodni kellene \u2013, egyszer\u0171en a hall\u00f3k\u00e9sz\u00fcl\u00e9kes f\u00fcl hall\u00e1sveszt\u00e9s\u00e9nek megfelel\u0151en. Ez az\u00e9rt lehets\u00e9ges, mert:<\/p>\n<ul>\n<li>Term\u00e9szeteshez k\u00f6zeli hangfeldolgoz\u00e1s: a MED-EL hossz\u00fa elektr\u00f3d\u00e1t, atraumatikus, m\u00e9lyre helyezhet\u0151 opci\u00f3t \u00e9s fine-structure (finomszerkezeti) k\u00f3dol\u00e1st alkalmaz az alacsony frekvenci\u00e1k jobb \u00e9szlel\u00e9se \u00e9rdek\u00e9ben.<\/li>\n<li>\u00c1ll\u00edthat\u00f3 k\u00e9sleltet\u00e9s a CI processzorban: ak\u00e1r f\u00fcl m\u00f6g\u00f6tti, ak\u00e1r egybe\u00e9p\u00edtett (single-unit) processzorr\u00f3l van sz\u00f3, a feldolgoz\u00e1si id\u0151 egy\u00e9nre szabhat\u00f3, \u00edgy szinkroniz\u00e1lhat\u00f3 b\u00e1rmely hagyom\u00e1nyos hall\u00f3k\u00e9sz\u00fcl\u00e9k egyedi k\u00e9sleltet\u00e9s\u00e9vel.<\/li>\n<li>Bimod\u00e1lis streaming: egyre t\u00f6bb korszer\u0171 hall\u00f3k\u00e9sz\u00fcl\u00e9k \u00e9s mobil eszk\u00f6z t\u00e1mogatja a k\u00e9toldali (bimod\u00e1lis) vezet\u00e9k n\u00e9lk\u00fcli k\u00f6zvet\u00edt\u00e9st, \u00edgy gond n\u00e9lk\u00fcl streamelhet\u0151 hang mindk\u00e9t f\u00fclre.<\/li>\n<\/ul>\n<p>A gy\u00e1rt\u00f3 sz\u00e1mos tanulm\u00e1nyra hivatkozik, amelyek k\u00fcl\u00f6n\u00f6sen az els\u0151 k\u00e9t pont sikeres alkalmaz\u00e1s\u00e1t igazolj\u00e1k. Ennek eredm\u00e9nyek\u00e9nt a MED-EL CI-rendszerek teljes m\u00e9rt\u00e9kben kompatibilisek b\u00e1rmely hagyom\u00e1nyos hall\u00f3k\u00e9sz\u00fcl\u00e9kkel az ellenoldalon. Legut\u00f3bb a Starkey hall\u00f3k\u00e9sz\u00fcl\u00e9kei ker\u00fcltek fel a streaming-kompatibilis eszk\u00f6z\u00f6k list\u00e1j\u00e1ra \u2013 \u00e9s a k\u00f6r folyamatosan b\u0151v\u00fcl. \u00cdgy mindk\u00e9t f\u00fcl optim\u00e1lisan t\u00e1mogathat\u00f3.<\/p>\n<\/div><div class=\"fusion-clearfix\"><\/div><\/div><\/div><\/div><\/div><\/div><\/div><\/p>\n","protected":false},"excerpt":{"rendered":"<p>Christian Vogt 18 \u00e9ven kereszt\u00fcl alig vagy egy\u00e1ltal\u00e1n nem hallott semmit az egyik f\u00fcl\u00e9ben: &#8220;Mintha a f\u00fclem be lenne dugulva.&#8221; 2025 elej\u00e9n egy cochle\u00e1ris implant\u00e1tummal visszanyerte hall\u00e1s\u00e1t. <\/p>\n","protected":false},"author":8,"featured_media":33102,"comment_status":"open","ping_status":"open","sticky":false,"template":"","format":"standard","meta":{"_acf_changed":false,"footnotes":""},"categories":[415],"tags":[],"class_list":["post-33100","post","type-post","status-publish","format-standard","has-post-thumbnail","hentry","category-eletmod"],"yoast_head":"<!-- This site is optimized with the Yoast SEO plugin v24.3 - https:\/\/yoast.com\/wordpress\/plugins\/seo\/ -->\n<title>&quot;M\u00e1r alig v\u00e1rom, hogy zen\u00e9t hallgassak!&quot; - Hungary<\/title>\n<meta name=\"description\" content=\"A cochle\u00e1ris implant\u00e1tummal \u00e9l\u0151 Martin \u010euri\u0161ka a CI-eszk\u00f6z be\u00fcltet\u00e9s\u00e9nek napj\u00e1t m\u00e1sodik sz\u00fclet\u00e9snapj\u00e1nak tekinti.\" \/>\n<meta name=\"robots\" content=\"index, follow, max-snippet:-1, max-image-preview:large, max-video-preview:-1\" \/>\n<link rel=\"canonical\" href=\"https:\/\/lifelonghearing.com\/hu\/mar-alig-varom-hogy-zenet-hallgassak\/\" \/>\n<meta property=\"og:locale\" content=\"en_US\" \/>\n<meta property=\"og:type\" content=\"article\" \/>\n<meta property=\"og:title\" content=\"&quot;M\u00e1r alig v\u00e1rom, hogy zen\u00e9t hallgassak!&quot; - Hungary\" \/>\n<meta property=\"og:description\" content=\"A cochle\u00e1ris implant\u00e1tummal \u00e9l\u0151 Martin \u010euri\u0161ka a CI-eszk\u00f6z be\u00fcltet\u00e9s\u00e9nek napj\u00e1t m\u00e1sodik sz\u00fclet\u00e9snapj\u00e1nak tekinti.\" \/>\n<meta property=\"og:url\" content=\"https:\/\/lifelonghearing.com\/hu\/mar-alig-varom-hogy-zenet-hallgassak\/\" \/>\n<meta property=\"og:site_name\" content=\"Hungary\" \/>\n<meta property=\"article:published_time\" content=\"2025-11-07T10:43:17+00:00\" \/>\n<meta property=\"og:image\" content=\"https:\/\/lifelonghearing.com\/hu\/wp-content\/uploads\/sites\/4\/2025\/11\/streaming_featured-1.jpg\" \/>\n\t<meta property=\"og:image:width\" content=\"1400\" \/>\n\t<meta property=\"og:image:height\" content=\"652\" \/>\n\t<meta property=\"og:image:type\" content=\"image\/jpeg\" \/>\n<meta name=\"author\" content=\"mate\" \/>\n<meta name=\"twitter:card\" content=\"summary_large_image\" \/>\n<meta name=\"twitter:label1\" content=\"Written by\" \/>\n\t<meta name=\"twitter:data1\" content=\"mate\" \/>\n\t<meta name=\"twitter:label2\" content=\"Est. reading time\" \/>\n\t<meta name=\"twitter:data2\" content=\"6 minutes\" \/>\n<script type=\"application\/ld+json\" class=\"yoast-schema-graph\">{\"@context\":\"https:\/\/schema.org\",\"@graph\":[{\"@type\":\"WebPage\",\"@id\":\"https:\/\/lifelonghearing.com\/hu\/mar-alig-varom-hogy-zenet-hallgassak\/\",\"url\":\"https:\/\/lifelonghearing.com\/hu\/mar-alig-varom-hogy-zenet-hallgassak\/\",\"name\":\"\\\"M\u00e1r alig v\u00e1rom, hogy zen\u00e9t hallgassak!\\\" - Hungary\",\"isPartOf\":{\"@id\":\"https:\/\/lifelonghearing.com\/hu\/#website\"},\"primaryImageOfPage\":{\"@id\":\"https:\/\/lifelonghearing.com\/hu\/mar-alig-varom-hogy-zenet-hallgassak\/#primaryimage\"},\"image\":{\"@id\":\"https:\/\/lifelonghearing.com\/hu\/mar-alig-varom-hogy-zenet-hallgassak\/#primaryimage\"},\"thumbnailUrl\":\"https:\/\/lifelonghearing.com\/hu\/wp-content\/uploads\/sites\/4\/2025\/11\/streaming_featured-1.jpg\",\"datePublished\":\"2025-11-07T10:43:17+00:00\",\"dateModified\":\"2025-11-07T10:43:17+00:00\",\"author\":{\"@id\":\"https:\/\/lifelonghearing.com\/hu\/#\/schema\/person\/45670a245ecd6d80bd2318486e3f301a\"},\"description\":\"A cochle\u00e1ris implant\u00e1tummal \u00e9l\u0151 Martin \u010euri\u0161ka a CI-eszk\u00f6z be\u00fcltet\u00e9s\u00e9nek napj\u00e1t m\u00e1sodik sz\u00fclet\u00e9snapj\u00e1nak tekinti.\",\"breadcrumb\":{\"@id\":\"https:\/\/lifelonghearing.com\/hu\/mar-alig-varom-hogy-zenet-hallgassak\/#breadcrumb\"},\"inLanguage\":\"en-US\",\"potentialAction\":[{\"@type\":\"ReadAction\",\"target\":[\"https:\/\/lifelonghearing.com\/hu\/mar-alig-varom-hogy-zenet-hallgassak\/\"]}]},{\"@type\":\"ImageObject\",\"inLanguage\":\"en-US\",\"@id\":\"https:\/\/lifelonghearing.com\/hu\/mar-alig-varom-hogy-zenet-hallgassak\/#primaryimage\",\"url\":\"https:\/\/lifelonghearing.com\/hu\/wp-content\/uploads\/sites\/4\/2025\/11\/streaming_featured-1.jpg\",\"contentUrl\":\"https:\/\/lifelonghearing.com\/hu\/wp-content\/uploads\/sites\/4\/2025\/11\/streaming_featured-1.jpg\",\"width\":1400,\"height\":652,\"caption\":\"\u00a9Adobe Stock\"},{\"@type\":\"BreadcrumbList\",\"@id\":\"https:\/\/lifelonghearing.com\/hu\/mar-alig-varom-hogy-zenet-hallgassak\/#breadcrumb\",\"itemListElement\":[{\"@type\":\"ListItem\",\"position\":1,\"name\":\"Home\",\"item\":\"https:\/\/lifelonghearing.com\/hu\/\"},{\"@type\":\"ListItem\",\"position\":2,\"name\":\"&#8220;M\u00e1r alig v\u00e1rom, hogy zen\u00e9t hallgassak!&#8221;\"}]},{\"@type\":\"WebSite\",\"@id\":\"https:\/\/lifelonghearing.com\/hu\/#website\",\"url\":\"https:\/\/lifelonghearing.com\/hu\/\",\"name\":\"Hungary\",\"description\":\"\",\"potentialAction\":[{\"@type\":\"SearchAction\",\"target\":{\"@type\":\"EntryPoint\",\"urlTemplate\":\"https:\/\/lifelonghearing.com\/hu\/?s={search_term_string}\"},\"query-input\":{\"@type\":\"PropertyValueSpecification\",\"valueRequired\":true,\"valueName\":\"search_term_string\"}}],\"inLanguage\":\"en-US\"},{\"@type\":\"Person\",\"@id\":\"https:\/\/lifelonghearing.com\/hu\/#\/schema\/person\/45670a245ecd6d80bd2318486e3f301a\",\"name\":\"mate\",\"image\":{\"@type\":\"ImageObject\",\"inLanguage\":\"en-US\",\"@id\":\"https:\/\/lifelonghearing.com\/hu\/#\/schema\/person\/image\/\",\"url\":\"https:\/\/secure.gravatar.com\/avatar\/0af13a1f6298cd2d6abf28f4e3eb3932?s=96&d=mm&r=g\",\"contentUrl\":\"https:\/\/secure.gravatar.com\/avatar\/0af13a1f6298cd2d6abf28f4e3eb3932?s=96&d=mm&r=g\",\"caption\":\"mate\"},\"url\":\"https:\/\/lifelonghearing.com\/hu\/author\/mate\/\"}]}<\/script>\n<!-- \/ Yoast SEO plugin. -->","yoast_head_json":{"title":"\"M\u00e1r alig v\u00e1rom, hogy zen\u00e9t hallgassak!\" - Hungary","description":"A cochle\u00e1ris implant\u00e1tummal \u00e9l\u0151 Martin \u010euri\u0161ka a CI-eszk\u00f6z be\u00fcltet\u00e9s\u00e9nek napj\u00e1t m\u00e1sodik sz\u00fclet\u00e9snapj\u00e1nak tekinti.","robots":{"index":"index","follow":"follow","max-snippet":"max-snippet:-1","max-image-preview":"max-image-preview:large","max-video-preview":"max-video-preview:-1"},"canonical":"https:\/\/lifelonghearing.com\/hu\/mar-alig-varom-hogy-zenet-hallgassak\/","og_locale":"en_US","og_type":"article","og_title":"\"M\u00e1r alig v\u00e1rom, hogy zen\u00e9t hallgassak!\" - Hungary","og_description":"A cochle\u00e1ris implant\u00e1tummal \u00e9l\u0151 Martin \u010euri\u0161ka a CI-eszk\u00f6z be\u00fcltet\u00e9s\u00e9nek napj\u00e1t m\u00e1sodik sz\u00fclet\u00e9snapj\u00e1nak tekinti.","og_url":"https:\/\/lifelonghearing.com\/hu\/mar-alig-varom-hogy-zenet-hallgassak\/","og_site_name":"Hungary","article_published_time":"2025-11-07T10:43:17+00:00","og_image":[{"width":1400,"height":652,"url":"https:\/\/lifelonghearing.com\/hu\/wp-content\/uploads\/sites\/4\/2025\/11\/streaming_featured-1.jpg","type":"image\/jpeg"}],"author":"mate","twitter_card":"summary_large_image","twitter_misc":{"Written by":"mate","Est. reading time":"6 minutes"},"schema":{"@context":"https:\/\/schema.org","@graph":[{"@type":"WebPage","@id":"https:\/\/lifelonghearing.com\/hu\/mar-alig-varom-hogy-zenet-hallgassak\/","url":"https:\/\/lifelonghearing.com\/hu\/mar-alig-varom-hogy-zenet-hallgassak\/","name":"\"M\u00e1r alig v\u00e1rom, hogy zen\u00e9t hallgassak!\" - Hungary","isPartOf":{"@id":"https:\/\/lifelonghearing.com\/hu\/#website"},"primaryImageOfPage":{"@id":"https:\/\/lifelonghearing.com\/hu\/mar-alig-varom-hogy-zenet-hallgassak\/#primaryimage"},"image":{"@id":"https:\/\/lifelonghearing.com\/hu\/mar-alig-varom-hogy-zenet-hallgassak\/#primaryimage"},"thumbnailUrl":"https:\/\/lifelonghearing.com\/hu\/wp-content\/uploads\/sites\/4\/2025\/11\/streaming_featured-1.jpg","datePublished":"2025-11-07T10:43:17+00:00","dateModified":"2025-11-07T10:43:17+00:00","author":{"@id":"https:\/\/lifelonghearing.com\/hu\/#\/schema\/person\/45670a245ecd6d80bd2318486e3f301a"},"description":"A cochle\u00e1ris implant\u00e1tummal \u00e9l\u0151 Martin \u010euri\u0161ka a CI-eszk\u00f6z be\u00fcltet\u00e9s\u00e9nek napj\u00e1t m\u00e1sodik sz\u00fclet\u00e9snapj\u00e1nak tekinti.","breadcrumb":{"@id":"https:\/\/lifelonghearing.com\/hu\/mar-alig-varom-hogy-zenet-hallgassak\/#breadcrumb"},"inLanguage":"en-US","potentialAction":[{"@type":"ReadAction","target":["https:\/\/lifelonghearing.com\/hu\/mar-alig-varom-hogy-zenet-hallgassak\/"]}]},{"@type":"ImageObject","inLanguage":"en-US","@id":"https:\/\/lifelonghearing.com\/hu\/mar-alig-varom-hogy-zenet-hallgassak\/#primaryimage","url":"https:\/\/lifelonghearing.com\/hu\/wp-content\/uploads\/sites\/4\/2025\/11\/streaming_featured-1.jpg","contentUrl":"https:\/\/lifelonghearing.com\/hu\/wp-content\/uploads\/sites\/4\/2025\/11\/streaming_featured-1.jpg","width":1400,"height":652,"caption":"\u00a9Adobe Stock"},{"@type":"BreadcrumbList","@id":"https:\/\/lifelonghearing.com\/hu\/mar-alig-varom-hogy-zenet-hallgassak\/#breadcrumb","itemListElement":[{"@type":"ListItem","position":1,"name":"Home","item":"https:\/\/lifelonghearing.com\/hu\/"},{"@type":"ListItem","position":2,"name":"&#8220;M\u00e1r alig v\u00e1rom, hogy zen\u00e9t hallgassak!&#8221;"}]},{"@type":"WebSite","@id":"https:\/\/lifelonghearing.com\/hu\/#website","url":"https:\/\/lifelonghearing.com\/hu\/","name":"Hungary","description":"","potentialAction":[{"@type":"SearchAction","target":{"@type":"EntryPoint","urlTemplate":"https:\/\/lifelonghearing.com\/hu\/?s={search_term_string}"},"query-input":{"@type":"PropertyValueSpecification","valueRequired":true,"valueName":"search_term_string"}}],"inLanguage":"en-US"},{"@type":"Person","@id":"https:\/\/lifelonghearing.com\/hu\/#\/schema\/person\/45670a245ecd6d80bd2318486e3f301a","name":"mate","image":{"@type":"ImageObject","inLanguage":"en-US","@id":"https:\/\/lifelonghearing.com\/hu\/#\/schema\/person\/image\/","url":"https:\/\/secure.gravatar.com\/avatar\/0af13a1f6298cd2d6abf28f4e3eb3932?s=96&d=mm&r=g","contentUrl":"https:\/\/secure.gravatar.com\/avatar\/0af13a1f6298cd2d6abf28f4e3eb3932?s=96&d=mm&r=g","caption":"mate"},"url":"https:\/\/lifelonghearing.com\/hu\/author\/mate\/"}]}},"acf":[],"_links":{"self":[{"href":"https:\/\/lifelonghearing.com\/hu\/wp-json\/wp\/v2\/posts\/33100","targetHints":{"allow":["GET"]}}],"collection":[{"href":"https:\/\/lifelonghearing.com\/hu\/wp-json\/wp\/v2\/posts"}],"about":[{"href":"https:\/\/lifelonghearing.com\/hu\/wp-json\/wp\/v2\/types\/post"}],"author":[{"embeddable":true,"href":"https:\/\/lifelonghearing.com\/hu\/wp-json\/wp\/v2\/users\/8"}],"replies":[{"embeddable":true,"href":"https:\/\/lifelonghearing.com\/hu\/wp-json\/wp\/v2\/comments?post=33100"}],"version-history":[{"count":2,"href":"https:\/\/lifelonghearing.com\/hu\/wp-json\/wp\/v2\/posts\/33100\/revisions"}],"predecessor-version":[{"id":33104,"href":"https:\/\/lifelonghearing.com\/hu\/wp-json\/wp\/v2\/posts\/33100\/revisions\/33104"}],"wp:featuredmedia":[{"embeddable":true,"href":"https:\/\/lifelonghearing.com\/hu\/wp-json\/wp\/v2\/media\/33102"}],"wp:attachment":[{"href":"https:\/\/lifelonghearing.com\/hu\/wp-json\/wp\/v2\/media?parent=33100"}],"wp:term":[{"taxonomy":"category","embeddable":true,"href":"https:\/\/lifelonghearing.com\/hu\/wp-json\/wp\/v2\/categories?post=33100"},{"taxonomy":"post_tag","embeddable":true,"href":"https:\/\/lifelonghearing.com\/hu\/wp-json\/wp\/v2\/tags?post=33100"}],"curies":[{"name":"wp","href":"https:\/\/api.w.org\/{rel}","templated":true}]}}