{"id":33094,"date":"2025-11-07T09:56:05","date_gmt":"2025-11-07T09:56:05","guid":{"rendered":"https:\/\/lifelonghearing.com\/hu\/?p=33094"},"modified":"2025-11-07T09:56:05","modified_gmt":"2025-11-07T09:56:05","slug":"konnyebb-mint-valaha","status":"publish","type":"post","link":"https:\/\/lifelonghearing.com\/hu\/konnyebb-mint-valaha\/","title":{"rendered":"&#8220;K\u00f6nnyebb, mint valaha&#8221;"},"content":{"rendered":"<p><div class=\"fusion-fullwidth fullwidth-box fusion-builder-row-1 fusion-flex-container nonhundred-percent-fullwidth non-hundred-percent-height-scrolling\" style=\"--awb-border-radius-top-left:0px;--awb-border-radius-top-right:0px;--awb-border-radius-bottom-right:0px;--awb-border-radius-bottom-left:0px;--awb-flex-wrap:wrap;\" ><div class=\"fusion-builder-row fusion-row fusion-flex-align-items-flex-start fusion-flex-content-wrap\" style=\"max-width:1248px;margin-left: calc(-4% \/ 2 );margin-right: calc(-4% \/ 2 );\"><div class=\"fusion-layout-column fusion_builder_column fusion-builder-column-0 fusion_builder_column_1_1 1_1 fusion-flex-column\" style=\"--awb-bg-size:cover;--awb-width-large:100%;--awb-margin-top-large:0px;--awb-spacing-right-large:1.92%;--awb-margin-bottom-large:10px;--awb-spacing-left-large:1.92%;--awb-width-medium:100%;--awb-order-medium:0;--awb-spacing-right-medium:1.92%;--awb-spacing-left-medium:1.92%;--awb-width-small:100%;--awb-order-small:0;--awb-spacing-right-small:1.92%;--awb-spacing-left-small:1.92%;\"><div class=\"fusion-column-wrapper fusion-column-has-shadow fusion-flex-justify-content-flex-start fusion-content-layout-column\"><div class=\"fusion-title title fusion-title-1 fusion-sep-none fusion-title-text fusion-title-size-one\" style=\"--awb-margin-top:0px;--awb-font-size:38px;\"><h1 class=\"fusion-title-heading title-heading-left fusion-responsive-typography-calculated\" style=\"margin:0;font-size:1em;--fontSize:38;line-height:1.3;\"><strong><em>Tanul\u00e1s cochle\u00e1ris implant\u00e1tummal<\/em><\/strong><\/h1><\/div><div class=\"fusion-text fusion-text-1\"><p><strong>A cochle\u00e1ris implant\u00e1tummal val\u00f3 tanul\u00e1s Ausztri\u00e1ban lehets\u00e9ges, de egy\u00e9ni er\u0151fesz\u00edt\u00e9st, int\u00e9zm\u00e9nyi t\u00e1mogat\u00e1st \u00e9s t\u00e1rsadalmi \u00e9rz\u00e9kenys\u00e9get ig\u00e9nyel.<\/strong><\/p>\n<p><em>Alexander \u00e9s Matthias Pusker<\/em><\/p>\n<\/div><div class=\"fusion-image-element \" style=\"--awb-caption-title-font-family:var(--h2_typography-font-family);--awb-caption-title-font-weight:var(--h2_typography-font-weight);--awb-caption-title-font-style:var(--h2_typography-font-style);--awb-caption-title-size:var(--h2_typography-font-size);--awb-caption-title-transform:var(--h2_typography-text-transform);--awb-caption-title-line-height:var(--h2_typography-line-height);--awb-caption-title-letter-spacing:var(--h2_typography-letter-spacing);\"><span class=\" fusion-imageframe imageframe-none imageframe-1 hover-type-none\"><img decoding=\"async\" width=\"1400\" height=\"652\" title=\"uni_featured\" src=\"https:\/\/lifelonghearing.com\/hu\/wp-content\/uploads\/sites\/4\/2025\/11\/uni_featured.jpg\" data-orig-src=\"https:\/\/lifelonghearing.com\/hu\/wp-content\/uploads\/sites\/4\/2025\/11\/uni_featured.jpg\" alt class=\"lazyload img-responsive wp-image-33095\" srcset=\"data:image\/svg+xml,%3Csvg%20xmlns%3D%27http%3A%2F%2Fwww.w3.org%2F2000%2Fsvg%27%20width%3D%271400%27%20height%3D%27652%27%20viewBox%3D%270%200%201400%20652%27%3E%3Crect%20width%3D%271400%27%20height%3D%27652%27%20fill-opacity%3D%220%22%2F%3E%3C%2Fsvg%3E\" data-srcset=\"https:\/\/lifelonghearing.com\/hu\/wp-content\/uploads\/sites\/4\/2025\/11\/uni_featured-200x93.jpg 200w, https:\/\/lifelonghearing.com\/hu\/wp-content\/uploads\/sites\/4\/2025\/11\/uni_featured-400x186.jpg 400w, https:\/\/lifelonghearing.com\/hu\/wp-content\/uploads\/sites\/4\/2025\/11\/uni_featured-600x279.jpg 600w, https:\/\/lifelonghearing.com\/hu\/wp-content\/uploads\/sites\/4\/2025\/11\/uni_featured-800x373.jpg 800w, https:\/\/lifelonghearing.com\/hu\/wp-content\/uploads\/sites\/4\/2025\/11\/uni_featured-1200x559.jpg 1200w, https:\/\/lifelonghearing.com\/hu\/wp-content\/uploads\/sites\/4\/2025\/11\/uni_featured.jpg 1400w\" data-sizes=\"auto\" data-orig-sizes=\"(max-width: 1024px) 100vw, (max-width: 640px) 100vw, 1200px\" \/><\/span><\/div><\/div><\/div><\/div><\/div><div class=\"fusion-fullwidth fullwidth-box fusion-builder-row-2 fusion-flex-container nonhundred-percent-fullwidth non-hundred-percent-height-scrolling\" style=\"--awb-border-radius-top-left:0px;--awb-border-radius-top-right:0px;--awb-border-radius-bottom-right:0px;--awb-border-radius-bottom-left:0px;--awb-flex-wrap:wrap;\" ><div class=\"fusion-builder-row fusion-row fusion-flex-align-items-flex-start fusion-flex-content-wrap\" style=\"max-width:1248px;margin-left: calc(-4% \/ 2 );margin-right: calc(-4% \/ 2 );\"><div class=\"fusion-layout-column fusion_builder_column fusion-builder-column-1 fusion_builder_column_1_1 1_1 fusion-flex-column\" style=\"--awb-bg-size:cover;--awb-width-large:100%;--awb-margin-top-large:0px;--awb-spacing-right-large:1.92%;--awb-margin-bottom-large:0px;--awb-spacing-left-large:1.92%;--awb-width-medium:100%;--awb-spacing-right-medium:1.92%;--awb-spacing-left-medium:1.92%;--awb-width-small:100%;--awb-spacing-right-small:1.92%;--awb-spacing-left-small:1.92%;\"><div class=\"fusion-column-wrapper fusion-flex-justify-content-flex-start fusion-content-layout-column\"><div class=\"fusion-text fusion-text-2\"><h3><strong>Cochle\u00e1ris implant\u00e1tummal val\u00f3 tanul\u00e1s Ausztri\u00e1ban<\/strong><\/h3>\n<p>Ausztri\u00e1ban tanulni kiv\u00e1lts\u00e1gnak sz\u00e1m\u00edt: nyitott egyetemek, gazdag akad\u00e9miai hagyom\u00e1ny \u00e9s viszonylag j\u00f3 hozz\u00e1f\u00e9r\u00e9s a fels\u0151oktat\u00e1shoz \u2013 mindezek \u00e9vente fiatalok ezreit vonzz\u00e1k. A hall\u00e1ss\u00e9r\u00fclt hallgat\u00f3k sz\u00e1m\u00e1ra azonban a diplomaszerz\u00e9s \u00fatja gyakran k\u00fcl\u00f6n kih\u00edv\u00e1s. A CI-haszn\u00e1l\u00f3k egyetemi mindennapjai a nagy lehet\u0151s\u00e9gek \u00e9s a nagyon specifikus neh\u00e9zs\u00e9gek saj\u00e1tos kever\u00e9k\u00e9t jelentik.<\/p>\n<p>Ugyanakkor a CI-vel val\u00f3 hall\u00e1s nem azonos a term\u00e9szetes hall\u00e1ssal. A h\u00e1tt\u00e9rzaj, a nagy el\u0151ad\u00f3k termeinek visszhangja vagy egyes oktat\u00f3k gyors besz\u00e9dtemp\u00f3ja megnehez\u00edtheti a tanul\u00e1st. Cochle\u00e1ris implant\u00e1tummal \u00e9l\u0151 hallgat\u00f3knak ez sokszor extra koncentr\u00e1ci\u00f3t, t\u00f6bb felk\u00e9sz\u00fcl\u00e9st \u00e9s olykor azt a b\u00e1tors\u00e1got jelenti, hogy akt\u00edvan k\u00e9rjenek t\u00e1mogat\u00e1st.<\/p>\n<div id=\"attachment_33097\" style=\"width: 310px\" class=\"wp-caption alignleft\"><img decoding=\"async\" aria-describedby=\"caption-attachment-33097\" class=\"lazyload size-medium wp-image-33097\" src=\"https:\/\/lifelonghearing.com\/hu\/wp-content\/uploads\/sites\/4\/2025\/11\/Horsaal-300x150.jpg\" data-orig-src=\"https:\/\/lifelonghearing.com\/hu\/wp-content\/uploads\/sites\/4\/2025\/11\/Horsaal-300x150.jpg\" alt=\"\" width=\"300\" height=\"150\" srcset=\"data:image\/svg+xml,%3Csvg%20xmlns%3D%27http%3A%2F%2Fwww.w3.org%2F2000%2Fsvg%27%20width%3D%27300%27%20height%3D%27150%27%20viewBox%3D%270%200%20300%20150%27%3E%3Crect%20width%3D%27300%27%20height%3D%27150%27%20fill-opacity%3D%220%22%2F%3E%3C%2Fsvg%3E\" data-srcset=\"https:\/\/lifelonghearing.com\/hu\/wp-content\/uploads\/sites\/4\/2025\/11\/Horsaal-200x100.jpg 200w, https:\/\/lifelonghearing.com\/hu\/wp-content\/uploads\/sites\/4\/2025\/11\/Horsaal-300x150.jpg 300w, https:\/\/lifelonghearing.com\/hu\/wp-content\/uploads\/sites\/4\/2025\/11\/Horsaal-400x200.jpg 400w, https:\/\/lifelonghearing.com\/hu\/wp-content\/uploads\/sites\/4\/2025\/11\/Horsaal-540x272.jpg 540w, https:\/\/lifelonghearing.com\/hu\/wp-content\/uploads\/sites\/4\/2025\/11\/Horsaal-600x300.jpg 600w, https:\/\/lifelonghearing.com\/hu\/wp-content\/uploads\/sites\/4\/2025\/11\/Horsaal-768x384.jpg 768w, https:\/\/lifelonghearing.com\/hu\/wp-content\/uploads\/sites\/4\/2025\/11\/Horsaal-800x400.jpg 800w, https:\/\/lifelonghearing.com\/hu\/wp-content\/uploads\/sites\/4\/2025\/11\/Horsaal-1024x511.jpg 1024w, https:\/\/lifelonghearing.com\/hu\/wp-content\/uploads\/sites\/4\/2025\/11\/Horsaal-1200x599.jpg 1200w, https:\/\/lifelonghearing.com\/hu\/wp-content\/uploads\/sites\/4\/2025\/11\/Horsaal-1536x767.jpg 1536w, https:\/\/lifelonghearing.com\/hu\/wp-content\/uploads\/sites\/4\/2025\/11\/Horsaal-scaled.jpg 1916w\" data-sizes=\"auto\" data-orig-sizes=\"(max-width: 300px) 100vw, 300px\" \/><p id=\"caption-attachment-33097\" class=\"wp-caption-text\">\u00a9Adobe Stock<\/p><\/div>\n<h3><strong>Hogyan t\u00e1mogatj\u00e1k az egyetemek<\/strong><\/h3>\n<p>Az elm\u00falt \u00e9vekben Ausztria sokat tett az egyetemek hozz\u00e1f\u00e9rhet\u0151bb\u00e9 t\u00e9tel\u00e9\u00e9rt. Ma m\u00e1r szinte minden fels\u0151oktat\u00e1si int\u00e9zm\u00e9nyben van es\u00e9lyegyenl\u0151s\u00e9gi vagy akad\u00e1lymentes\u00edt\u00e9si k\u00f6zpont. Ezek tan\u00e1csad\u00e1st ny\u00fajtanak, technikai seg\u00e9deszk\u00f6z\u00f6ket szerveznek, illetve seg\u00edtenek a tanulm\u00e1nyi kompenz\u00e1ci\u00f3k ig\u00e9nyl\u00e9s\u00e9ben \u2013 p\u00e9ld\u00e1ul a vizsgaid\u0151 meghosszabb\u00edt\u00e1s\u00e1ban vagy jegyzetek biztos\u00edt\u00e1s\u00e1ban.<\/p>\n<p>Sz\u00e1mos el\u0151ad\u00f3terem indukci\u00f3s eszk\u00f6z\u00f6kkel vagy r\u00e1di\u00f3s \u00e1tviteli rendszerrel van felszerelve, \u00edgy a besz\u00e9d k\u00f6zvetlen\u00fcl az implant\u00e1tum audioprocesszor\u00e1ba tov\u00e1bb\u00edthat\u00f3, ami jelent\u0151sen cs\u00f6kkenti a zavar\u00f3 zajokat. A val\u00f3s\u00e1g azonban int\u00e9zm\u00e9nyenk\u00e9nt elt\u00e9r\u0151: egyes termek m\u00e9g nem rendelkeznek megfelel\u0151 technik\u00e1val, \u00e9s a min\u0151s\u00e9g er\u0151sen f\u00fcgg az adott egyetem elk\u00f6telezetts\u00e9g\u00e9t\u0151l.<\/p>\n<div id=\"attachment_33095\" style=\"width: 310px\" class=\"wp-caption alignright\"><img decoding=\"async\" aria-describedby=\"caption-attachment-33095\" class=\"lazyload size-medium wp-image-33095\" src=\"https:\/\/lifelonghearing.com\/hu\/wp-content\/uploads\/sites\/4\/2025\/11\/uni_featured-300x140.jpg\" data-orig-src=\"https:\/\/lifelonghearing.com\/hu\/wp-content\/uploads\/sites\/4\/2025\/11\/uni_featured-300x140.jpg\" alt=\"\" width=\"300\" height=\"140\" srcset=\"data:image\/svg+xml,%3Csvg%20xmlns%3D%27http%3A%2F%2Fwww.w3.org%2F2000%2Fsvg%27%20width%3D%27300%27%20height%3D%27140%27%20viewBox%3D%270%200%20300%20140%27%3E%3Crect%20width%3D%27300%27%20height%3D%27140%27%20fill-opacity%3D%220%22%2F%3E%3C%2Fsvg%3E\" data-srcset=\"https:\/\/lifelonghearing.com\/hu\/wp-content\/uploads\/sites\/4\/2025\/11\/uni_featured-200x93.jpg 200w, https:\/\/lifelonghearing.com\/hu\/wp-content\/uploads\/sites\/4\/2025\/11\/uni_featured-300x140.jpg 300w, https:\/\/lifelonghearing.com\/hu\/wp-content\/uploads\/sites\/4\/2025\/11\/uni_featured-400x186.jpg 400w, https:\/\/lifelonghearing.com\/hu\/wp-content\/uploads\/sites\/4\/2025\/11\/uni_featured-600x279.jpg 600w, https:\/\/lifelonghearing.com\/hu\/wp-content\/uploads\/sites\/4\/2025\/11\/uni_featured-768x358.jpg 768w, https:\/\/lifelonghearing.com\/hu\/wp-content\/uploads\/sites\/4\/2025\/11\/uni_featured-800x373.jpg 800w, https:\/\/lifelonghearing.com\/hu\/wp-content\/uploads\/sites\/4\/2025\/11\/uni_featured-1024x477.jpg 1024w, https:\/\/lifelonghearing.com\/hu\/wp-content\/uploads\/sites\/4\/2025\/11\/uni_featured-1200x559.jpg 1200w, https:\/\/lifelonghearing.com\/hu\/wp-content\/uploads\/sites\/4\/2025\/11\/uni_featured.jpg 1400w\" data-sizes=\"auto\" data-orig-sizes=\"(max-width: 300px) 100vw, 300px\" \/><p id=\"caption-attachment-33095\" class=\"wp-caption-text\">A digit\u00e1lis oktat\u00e1s a vil\u00e1gj\u00e1rv\u00e1ny ut\u00e1n is fontos eszk\u00f6z marad. \u00a9Adobe Stock<\/p><\/div>\n<h3><strong>A digitaliz\u00e1ci\u00f3 lehet\u0151s\u00e9gei<\/strong><\/h3>\n<p>A COVID\u201319 vil\u00e1gj\u00e1rv\u00e1ny sok egyetemet r\u00e1k\u00e9nyszer\u00edtett a digit\u00e1lis oktat\u00e1si form\u00e1k bevezet\u00e9s\u00e9re. CI-haszn\u00e1l\u00f3k sz\u00e1m\u00e1ra ez \u00e1ld\u00e1s \u00e9s kih\u00edv\u00e1s is volt egyszerre. Az online el\u0151ad\u00e1sok felirattal vagy visszan\u00e9zhet\u0151 felv\u00e9telekkel nagy el\u0151nyt adtak: a tartalom t\u00f6bbsz\u00f6r lej\u00e1tszhat\u00f3, a hanger\u0151 egy\u00e9nre szabhat\u00f3, \u00e9s automatikus \u00e1t\u00edr\u00e1sok is haszn\u00e1lhat\u00f3k. Ugyanakkor a technikai hib\u00e1k vagy a platformok korl\u00e1tozott akad\u00e1lymentess\u00e9ge megnehez\u00edtette a r\u00e9szv\u00e9telt.<\/p>\n<p>A digit\u00e1lis oktat\u00e1s a pand\u00e9mia ut\u00e1n is fontos eszk\u00f6z maradt. Sok egyetem felismerte, hogy a r\u00f6gz\u00edtett vide\u00f3k \u00e9s a feliratok minden hallgat\u00f3nak hasznosak, CI-haszn\u00e1l\u00f3k sz\u00e1m\u00e1ra pedig gyakran kulcsfontoss\u00e1g\u00faak ahhoz, hogy a t\u00f6bbiekkel azonos felt\u00e9telek mellett tanulhassanak.<\/p>\n<div id=\"attachment_33098\" style=\"width: 310px\" class=\"wp-caption alignleft\"><img decoding=\"async\" aria-describedby=\"caption-attachment-33098\" class=\"lazyload size-medium wp-image-33098\" src=\"https:\/\/lifelonghearing.com\/hu\/wp-content\/uploads\/sites\/4\/2025\/11\/Uni-Buch-300x211.png\" data-orig-src=\"https:\/\/lifelonghearing.com\/hu\/wp-content\/uploads\/sites\/4\/2025\/11\/Uni-Buch-300x211.png\" alt=\"\" width=\"300\" height=\"211\" srcset=\"data:image\/svg+xml,%3Csvg%20xmlns%3D%27http%3A%2F%2Fwww.w3.org%2F2000%2Fsvg%27%20width%3D%27300%27%20height%3D%27211%27%20viewBox%3D%270%200%20300%20211%27%3E%3Crect%20width%3D%27300%27%20height%3D%27211%27%20fill-opacity%3D%220%22%2F%3E%3C%2Fsvg%3E\" data-srcset=\"https:\/\/lifelonghearing.com\/hu\/wp-content\/uploads\/sites\/4\/2025\/11\/Uni-Buch-200x141.png 200w, https:\/\/lifelonghearing.com\/hu\/wp-content\/uploads\/sites\/4\/2025\/11\/Uni-Buch-300x211.png 300w, https:\/\/lifelonghearing.com\/hu\/wp-content\/uploads\/sites\/4\/2025\/11\/Uni-Buch-400x282.png 400w, https:\/\/lifelonghearing.com\/hu\/wp-content\/uploads\/sites\/4\/2025\/11\/Uni-Buch-600x423.png 600w, https:\/\/lifelonghearing.com\/hu\/wp-content\/uploads\/sites\/4\/2025\/11\/Uni-Buch-768x541.png 768w, https:\/\/lifelonghearing.com\/hu\/wp-content\/uploads\/sites\/4\/2025\/11\/Uni-Buch-800x563.png 800w, https:\/\/lifelonghearing.com\/hu\/wp-content\/uploads\/sites\/4\/2025\/11\/Uni-Buch-1024x721.png 1024w, https:\/\/lifelonghearing.com\/hu\/wp-content\/uploads\/sites\/4\/2025\/11\/Uni-Buch.png 1102w\" data-sizes=\"auto\" data-orig-sizes=\"(max-width: 300px) 100vw, 300px\" \/><p id=\"caption-attachment-33098\" class=\"wp-caption-text\">Alexander \u00e9s Matthias Pusker \u00e9lnek a karukon el\u00e9rhet\u0151, CI-haszn\u00e1l\u00f3knak sz\u00f3l\u00f3 lehet\u0151s\u00e9gekkel. \u00a9Adobe Stock<\/p><\/div>\n<h3><strong>Ausztri\u00e1ban cochle\u00e1ris implant\u00e1tummal is lehet tanulni<\/strong><\/h3>\n<p>Az inkluz\u00edv egyetemi \u00e9lm\u00e9ny nem mer\u00fcl ki az akad\u00e1lymentes technol\u00f3gi\u00e1ban \u2013 szeml\u00e9letre is sz\u00fcks\u00e9g van: olyan oktat\u00f3kra, akik k\u00f6vetkezetesen haszn\u00e1lnak mikrofont; olyan hallgat\u00f3t\u00e1rsakra, akik figyelmesen, \u00e9rthet\u0151en besz\u00e9lnek; \u00e9s olyan campuskult\u00far\u00e1ra, amely a soksz\u00edn\u0171s\u00e9get nem kiv\u00e9telnek, hanem norm\u00e1nak tekinti.<\/p>\n<p>Ketten vagyunk testv\u00e9rek, k\u00e9t k\u00fcl\u00f6nb\u00f6z\u0151 egyetemen tanulunk, \u00e9s mindkett\u0151nknek megvannak a saj\u00e1t, egyedi tapasztalatai \u2013 ezekr\u0151l az infoboxokban olvashatsz b\u0151vebben.<\/p>\n<p>Sz\u00edvesen v\u00e1laszolunk b\u00e1rmilyen k\u00e9rd\u00e9sre a CI-vel val\u00f3 tanul\u00e1sr\u00f3l. Ha van r\u00e1 ig\u00e9ny, \u00f6r\u00f6mmel szervez\u00fcnk egy digit\u00e1lis k\u00f6z\u00f6ss\u00e9get\/csoportot CI-s egyetemist\u00e1k sz\u00e1m\u00e1ra tapasztalatcser\u00e9re. Keress minket a <a href=\"mailto:jugend@ci-a.at\">jugend@ci-a.at<\/a> c\u00edmen!<\/p>\n<\/div><div class=\"fusion-reading-box-container reading-box-container-1\" style=\"--awb-title-color:#3d3b3b;--awb-margin-top:0px;--awb-margin-bottom:84px;\"><div class=\"reading-box\" style=\"background-color:#ffffff;border-width:1px;border-color:#e0dede;border-left-width:3px;border-left-color:var(--primary_color);border-style:solid;\"><h2>Tapasztalataim b\u00e9csi di\u00e1kk\u00e9nt a CI-vel<\/h2><div class=\"reading-box-additional fusion-reading-box-additional\">\n<p><strong>PROFIL<\/strong><\/p>\n<p><strong>N\u00e9v:<\/strong>\u00a0 \u00a0 \u00a0 \u00a0 \u00a0 \u00a0 \u00a0 \u00a0 \u00a0 \u00a0 \u00a0 \u00a0 \u00a0 \u00a0 \u00a0Alexander Pusker<br \/>\n<strong>\u00c9letkor: <\/strong>\u00a0 \u00a0 \u00a0 \u00a0 \u00a0 \u00a0 \u00a0 \u00a0 \u00a0 \u00a0 \u00a025 \u00e9v<br \/>\n<strong>CI-felhaszn\u00e1l\u00f3:<\/strong>\u00a0 \u00a0 \u00a0 \u00a0Egy f\u00fcl\u00f6n 2001 \u00f3ta, \u00e9s mindk\u00e9t f\u00fcl\u00f6n 2004 \u00f3ta<br \/>\n<strong>Tanulm\u00e1ny:\u00a0\u00a0\u00a0\u00a0\u00a0 <\/strong>\u00a0 \u00a0 \u00a0 \u00a0 Jogi Tanulm\u00e1nyok B\u00e9csben 2019 \u00f3ta<\/p>\n<p><strong>E-mail:\u00a0 <\/strong>\u00a0 \u00a0 \u00a0 \u00a0 \u00a0 \u00a0 \u00a0 \u00a0 \u00a0 \u00a0 \u00a0 \u00a0jugend@ci-a.at<\/p>\n<h3><strong>Cochle\u00e1ris implant\u00e1tummal a B\u00e9csi Egyetemen<\/strong><\/h3>\n<p>2019 \u00f3ta a b\u00e9csi Juridicumban tanulok jogot, \u00e9s hamarosan befejezem a tanulm\u00e1nyaimat. Mivel a k\u00e9pz\u00e9s nagy r\u00e9sze \u00f6n\u00e1ll\u00f3 tanul\u00e1sra \u00e9p\u00fcl, a cochle\u00e1ris implant\u00e1tum miatt nem \u00e9rzek \u00e9rdemi h\u00e1tr\u00e1nyt. El\u0151ad\u00e1sokon \u00e9s gyakorlatokon mindig el\u00f6l \u00fcl\u00f6k, hogy a lehet\u0151 legjobban halljam \u00e9s \u00e9rtsem az oktat\u00f3kat. Csak az Audimaxban, a Juridicum legnagyobb el\u0151ad\u00f3j\u00e1ban fordul el\u0151, hogy h\u00e1tulra ker\u00fcl\u00f6k; ilyenkor megesik, hogy nem hallok mindent \u2013 r\u00e9szben az\u00e9rt, mert az el\u0151ad\u00f3k nem mindig haszn\u00e1lj\u00e1k k\u00f6vetkezetesen a mikrofont. Ez azonban nemcsak engem, CI-haszn\u00e1l\u00f3t \u00e9rint, hanem \u00e9p hall\u00e1s\u00fa hallgat\u00f3t\u00e1rsaimat is. A kisebb termekben ilyen gond nincs.<\/p>\n<p>A jogi k\u00e9pz\u00e9s az egyetem \u00f6sszetettebb szakjai k\u00f6z\u00e9 tartozik, ez\u00e9rt az oktat\u00f3khoz gyakran \u00e9rkezik k\u00e9r\u00e9s az anyag megism\u00e9tl\u00e9s\u00e9re, a meg\u00e9rt\u00e9si neh\u00e9zs\u00e9gek miatt is. Ez sz\u00e1momra el\u0151ny, mert \u00edgy fejben is \u00fajra \u00e1tvehetem a tartalmat.<\/p>\n<p>A Juridicumban a vizsg\u00e1k t\u00f6bbs\u00e9ge sz\u00f3beli, de a CI nem jelent h\u00e1tr\u00e1nyt: a professzorok nagyon meg\u00e9rt\u0151ek ebben a tekintetben. Csak a COVID-id\u0151szakban volt nehezebb, amikor szinte minden online zajlott; az el\u0151ad\u00e1sokat, gyakorlatokat \u00e9s vizsg\u00e1kat Zoomon vagy Microsoft Teamsen tartott\u00e1k. A Juridicum lemarad\u00e1sban van m\u00e1s egyetemekhez k\u00e9pest ezekben a technol\u00f3gi\u00e1kban: m\u00e1shol gyakran el\u00e9rhet\u0151v\u00e9 teszik a felv\u00e9teleket, hogy a hallgat\u00f3k t\u00f6bbsz\u00f6r is visszahallgathass\u00e1k. A feliratoz\u00e1s\/\u00e1tirat akkor is \u00e9s ma is nagyon hasznos lenne. Sajnos ez a koncepci\u00f3 n\u00e1lunk kev\u00e9ss\u00e9 ismert. Ezek a probl\u00e9m\u00e1k ugyanakkor minden hallgat\u00f3t \u00e9rintettek, mert a gondok a Juridicum technikai h\u00e1tter\u00e9b\u0151l fakadtak.<\/p>\n<h3><strong>Meghosszabb\u00edtott vizsgaid\u0151 \u00e9s saj\u00e1t \u00f6szt\u00f6nd\u00edjak<\/strong><\/h3>\n<p>A kev\u00e9s \u00edr\u00e1sbeli vizsga, amelyen voltam vagy m\u00e9g leszek, eset\u00e9ben a CI-imre tekintettel 25%-os vizsgaid\u0151-hosszabb\u00edt\u00e1sra vagyok jogosult. Ezt a h\u00e1tr\u00e1nykompenz\u00e1ci\u00f3t minden egyes vizsga el\u0151tt, id\u0151ben k\u00fcl\u00f6n kell k\u00e9relmeznem a tanulm\u00e1nyi programvezet\u00e9sn\u00e9l. Fontos, hogy az egyetemek k\u00f6z\u00f6tt elt\u00e9rhet a pontos vizsgam\u00f3dos\u00edt\u00e1s: hallottam p\u00e9ld\u00e1ul k\u00e9tszeres vizsgaid\u0151r\u0151l is.<\/p>\n<p>\u00c9n a B\u00e9csi Egyetem Inkl\u00fazi\u00f3s \u00e9s Akad\u00e1lymentes\u00edt\u00e9si K\u00f6zpontj\u00e1hoz fordultam, ahol a munkat\u00e1rsak val\u00f3ban nagyon kedvesek \u00e9s t\u00e1mogat\u00f3ak voltak. Szem\u00e9lyes konzult\u00e1ci\u00f3n \u00e1llap\u00edtottuk meg a sz\u00e1momra sz\u00fcks\u00e9ges vizsgak\u00f6r\u00fclm\u00e9ny elt\u00e9r\u00e9st. Ezt k\u00f6vet\u0151en a tanulm\u00e1nyi programvezet\u0151 j\u00f3v\u00e1hagy\u00e1s\u00e1ra volt sz\u00fcks\u00e9g; a k\u00f6zpont \u00e1tv\u00e1llalta helyettem a kommunik\u00e1ci\u00f3t. Minden z\u00f6kken\u0151mentesen ment \u2013 az \u00edgy megkapott \u201e\u00e1ltal\u00e1nos j\u00f3v\u00e1hagy\u00e1ssal\u201d most m\u00e1r egyszer\u0171en tudom k\u00e9rni az \u00edr\u00e1sbeli vizsg\u00e1k felt\u00e9teleinek m\u00f3dos\u00edt\u00e1s\u00e1t.<\/p>\n<p>Azt is javaslom, hogy minden CI-t haszn\u00e1l\u00f3 hallgat\u00f3 t\u00e1j\u00e9koz\u00f3djon a t\u00e1mogat\u00e1sokr\u00f3l \u00e9s \u00f6szt\u00f6nd\u00edjakr\u00f3l. A B\u00e9csi Egyetem p\u00e9ld\u00e1ul \u00e9vente hirdet \u00f6szt\u00f6nd\u00edjat fogyat\u00e9koss\u00e1ggal \u00e9l\u0151 hallgat\u00f3knak, amelyet \u00e9n t\u00f6bbsz\u00f6r is elnyertem.<\/p>\n<\/div><div class=\"fusion-clearfix\"><\/div><\/div><\/div><div class=\"fusion-reading-box-container reading-box-container-2\" style=\"--awb-title-color:#3d3b3b;--awb-margin-top:0px;--awb-margin-bottom:84px;\"><div class=\"reading-box\" style=\"background-color:#ffffff;border-width:1px;border-color:#e0dede;border-left-width:3px;border-left-color:var(--primary_color);border-style:solid;\"><h2>A k\u00e9pz\u00e9si programok jelent\u0151sen elt\u00e9rnek egym\u00e1st\u00f3l!<\/h2><div class=\"reading-box-additional fusion-reading-box-additional\">\n<p><strong>PROFIL<\/strong><\/p>\n<p><strong>N\u00e9v: \u00a0\u00a0\u00a0 <\/strong>\u00a0 \u00a0 \u00a0 \u00a0 \u00a0 \u00a0 \u00a0 \u00a0 \u00a0 \u00a0 \u00a0 \u00a0 Matthias Pusker<br \/>\n<strong>\u00c9letkor: <\/strong>\u00a0 \u00a0 \u00a0 \u00a0 \u00a0 \u00a0 \u00a0 \u00a0 \u00a0 \u00a0 \u00a025 \u00e9v<br \/>\n<strong>CI-felhaszn\u00e1l\u00f3:\u00a0 \u00a0 \u00a0 \u00a0<\/strong>Egy f\u00fcl\u00f6n 2001 \u00f3ta, \u00e9s mindk\u00e9t f\u00fcl\u00f6n 2003 \u00f3ta<br \/>\n<strong>Tanulm\u00e1ny:<\/strong>\u00a0 \u00a0 \u00a0 \u00a0 \u00a0 \u00a0 \u00a0 Orvostudom\u00e1ny Grazban 2023 \u00f3ta<br \/>\nJKU Linz 2020 \u00f3ta<br \/>\n<strong>E-mail:\u00a0 <\/strong>\u00a0 \u00a0 \u00a0 \u00a0 \u00a0 \u00a0 \u00a0 \u00a0 \u00a0 \u00a0 \u00a0 \u00a0jugend@ci-a.at<\/p>\n<h3><strong><em>Tanulm\u00e1nyi tapasztalat a CI-vel: t\u00e1voktat\u00e1s Linzben \u00e9s tanul\u00e1s Grazban<\/em><\/strong><\/h3>\n<p>2020 \u00f3ta a linzi Johannes Kepler Egyetemen tanulok jogot, 2023 \u00f3ta pedig a Grazi Orvostudom\u00e1nyi Egyetem hallgat\u00f3ja is vagyok. A k\u00e9t k\u00e9pz\u00e9s oktat\u00e1si megk\u00f6zel\u00edt\u00e9se jelent\u0151sen elt\u00e9r egym\u00e1st\u00f3l.<\/p>\n<p>Jogon el\u0151nyt jelent, hogy a k\u00e9pz\u00e9s nagy r\u00e9sze t\u00e1voktat\u00e1sban zajlik: az el\u0151ad\u00e1sokat az id\u0151pontot k\u00f6vet\u0151en ak\u00e1r k\u00e9t h\u00e9tig is visszan\u00e9zhetem, annyiszor, ah\u00e1nyszor szeretn\u00e9m. Ez rengeteget seg\u00edtett: ha valamit nem \u00e9rtettem, egyszer\u0171en visszatekertem, \u00fajrahallgattam \u2013 addig, am\u00edg vil\u00e1gos nem lett. A vizsg\u00e1k gyakran sz\u00f3beli jelleg\u0171ek; ha nem \u00e9rtek egy k\u00e9rd\u00e9st, gond n\u00e9lk\u00fcl vissza tudok k\u00e9rdezni az oktat\u00f3n\u00e1l.<\/p>\n<p>Orvosin Grazban ezzel szemben csal\u00e1dias, gyakorlatk\u00f6zpont\u00fa a k\u00e9pz\u00e9s. Az els\u0151 f\u00e9l\u00e9vben 12 f\u0151s gyakorlatcsoportokba osztottak be minket, \u00e9s a f\u00e9l\u00e9v \u00f6sszes \u00f3r\u00e1j\u00e1t, gyakorlat\u00e1t k\u00f6z\u00f6sen teljes\u00edtj\u00fck. \u00cdgy k\u00f6zvetlen, t\u00e1mogat\u00f3 l\u00e9gk\u00f6r alakult ki, \u00e9s b\u00e1rmikor k\u00e9rdezhet\u00fcnk az oktat\u00f3t\u00f3l.<\/p>\n<h3><strong>\u00dclj az els\u0151 sorba \u00e9s k\u00e9rdezz<\/strong><\/h3>\n<p>Az orvosi el\u0151ad\u00e1sokhoz megkapjuk a prezent\u00e1ci\u00f3s diak\u00e9peket, \u00e9s n\u00e9h\u00e1ny el\u0151ad\u00e1s online is visszan\u00e9zhet\u0151 \u2013 ott a hanger\u0151t is be tudom \u00e1ll\u00edtani, hogy k\u00f6nnyebben k\u00f6vessem. El\u0151fordul azonban, hogy az el\u0151ad\u00e1sokon nincs bekapcsolva a mikrofon, vagy az el\u0151ttem\/m\u00f6g\u00f6ttem \u00fcl\u0151 hallgat\u00f3k besz\u00e9lgetni kezdenek, \u00e9s \u00edgy nem hallom rendesen az oktat\u00f3t. Ilyenkor ki kell l\u00e9pnem a komfortz\u00f3n\u00e1mb\u00f3l, \u00e9s megk\u00e9rem az oktat\u00f3t, hogy ism\u00e9telje meg az elhangzottakat.<\/p>\n<p>Az is sokat seg\u00edt, ha az els\u0151 sorokban \u00fcl\u00f6k, mivel az el\u0151ad\u00f3terem el\u00e9g nagy. Bizonyos \u00f3r\u00e1k \u2013 p\u00e9ld\u00e1ul az anat\u00f3mia \u2013 online is el\u00e9rhet\u0151k, \u00edgy b\u00e1rmikor \u00fajra meg tudom n\u00e9zni \u0151ket. A alapoz\u00f3, elm\u00e9leti szakaszban \u2013 az orvosi tanulm\u00e1nyok els\u0151 n\u00e9gy f\u00e9l\u00e9v\u00e9ben \u2013 a vizsg\u00e1k t\u00f6bbs\u00e9ge \u00edr\u00e1sbeli, kiv\u00e9ve az anat\u00f3mi\u00e1t, a biok\u00e9mi\u00e1t \u00e9s az orvosi k\u00e9mi\u00e1t. Eddig a sz\u00f3beli vizsg\u00e1kkal nem volt probl\u00e9m\u00e1m, mert az oktat\u00f3k nagyon \u00e9rthet\u0151en besz\u00e9lnek, \u00e9s hajland\u00f3k megism\u00e9telni a k\u00e9rd\u00e9seket, ha hall\u00e1si neh\u00e9zs\u00e9g ad\u00f3dik. Hosszabb\u00edtott vizsgaid\u0151t m\u00e9g nem ig\u00e9nyeltem, mert jelenleg a rendes id\u0151kereten bel\u00fcl is j\u00f3l tudok teljes\u00edteni.<\/p>\n<\/div><div class=\"fusion-clearfix\"><\/div><\/div><\/div><\/div><\/div><\/div><\/div><\/p>\n","protected":false},"excerpt":{"rendered":"<p>A cochle\u00e1ris implant\u00e1tummal val\u00f3 tanul\u00e1s Ausztri\u00e1ban lehets\u00e9ges, de egy\u00e9ni er\u0151fesz\u00edt\u00e9st, int\u00e9zm\u00e9nyi t\u00e1mogat\u00e1st \u00e9s t\u00e1rsadalmi \u00e9rz\u00e9kenys\u00e9get ig\u00e9nyel.<\/p>\n","protected":false},"author":8,"featured_media":33095,"comment_status":"open","ping_status":"open","sticky":false,"template":"","format":"standard","meta":{"_acf_changed":false,"footnotes":""},"categories":[415],"tags":[],"class_list":["post-33094","post","type-post","status-publish","format-standard","has-post-thumbnail","hentry","category-eletmod"],"yoast_head":"<!-- This site is optimized with the Yoast SEO plugin v24.3 - https:\/\/yoast.com\/wordpress\/plugins\/seo\/ -->\n<title>&quot;K\u00f6nnyebb, mint valaha&quot; - Hungary<\/title>\n<meta name=\"description\" content=\"A cochle\u00e1ris implant\u00e1tummal \u00e9l\u0151 Martin \u010euri\u0161ka a CI-eszk\u00f6z be\u00fcltet\u00e9s\u00e9nek napj\u00e1t m\u00e1sodik sz\u00fclet\u00e9snapj\u00e1nak tekinti.\" \/>\n<meta name=\"robots\" content=\"index, follow, max-snippet:-1, max-image-preview:large, max-video-preview:-1\" \/>\n<link rel=\"canonical\" href=\"https:\/\/lifelonghearing.com\/hu\/konnyebb-mint-valaha\/\" \/>\n<meta property=\"og:locale\" content=\"en_US\" \/>\n<meta property=\"og:type\" content=\"article\" \/>\n<meta property=\"og:title\" content=\"&quot;K\u00f6nnyebb, mint valaha&quot; - Hungary\" \/>\n<meta property=\"og:description\" content=\"A cochle\u00e1ris implant\u00e1tummal \u00e9l\u0151 Martin \u010euri\u0161ka a CI-eszk\u00f6z be\u00fcltet\u00e9s\u00e9nek napj\u00e1t m\u00e1sodik sz\u00fclet\u00e9snapj\u00e1nak tekinti.\" \/>\n<meta property=\"og:url\" content=\"https:\/\/lifelonghearing.com\/hu\/konnyebb-mint-valaha\/\" \/>\n<meta property=\"og:site_name\" content=\"Hungary\" \/>\n<meta property=\"article:published_time\" content=\"2025-11-07T09:56:05+00:00\" \/>\n<meta property=\"og:image\" content=\"https:\/\/lifelonghearing.com\/hu\/wp-content\/uploads\/sites\/4\/2025\/11\/uni_featured.jpg\" \/>\n\t<meta property=\"og:image:width\" content=\"1400\" \/>\n\t<meta property=\"og:image:height\" content=\"652\" \/>\n\t<meta property=\"og:image:type\" content=\"image\/jpeg\" \/>\n<meta name=\"author\" content=\"mate\" \/>\n<meta name=\"twitter:card\" content=\"summary_large_image\" \/>\n<meta name=\"twitter:label1\" content=\"Written by\" \/>\n\t<meta name=\"twitter:data1\" content=\"mate\" \/>\n\t<meta name=\"twitter:label2\" content=\"Est. reading time\" \/>\n\t<meta name=\"twitter:data2\" content=\"6 minutes\" \/>\n<script type=\"application\/ld+json\" class=\"yoast-schema-graph\">{\"@context\":\"https:\/\/schema.org\",\"@graph\":[{\"@type\":\"WebPage\",\"@id\":\"https:\/\/lifelonghearing.com\/hu\/konnyebb-mint-valaha\/\",\"url\":\"https:\/\/lifelonghearing.com\/hu\/konnyebb-mint-valaha\/\",\"name\":\"\\\"K\u00f6nnyebb, mint valaha\\\" - Hungary\",\"isPartOf\":{\"@id\":\"https:\/\/lifelonghearing.com\/hu\/#website\"},\"primaryImageOfPage\":{\"@id\":\"https:\/\/lifelonghearing.com\/hu\/konnyebb-mint-valaha\/#primaryimage\"},\"image\":{\"@id\":\"https:\/\/lifelonghearing.com\/hu\/konnyebb-mint-valaha\/#primaryimage\"},\"thumbnailUrl\":\"https:\/\/lifelonghearing.com\/hu\/wp-content\/uploads\/sites\/4\/2025\/11\/uni_featured.jpg\",\"datePublished\":\"2025-11-07T09:56:05+00:00\",\"dateModified\":\"2025-11-07T09:56:05+00:00\",\"author\":{\"@id\":\"https:\/\/lifelonghearing.com\/hu\/#\/schema\/person\/45670a245ecd6d80bd2318486e3f301a\"},\"description\":\"A cochle\u00e1ris implant\u00e1tummal \u00e9l\u0151 Martin \u010euri\u0161ka a CI-eszk\u00f6z be\u00fcltet\u00e9s\u00e9nek napj\u00e1t m\u00e1sodik sz\u00fclet\u00e9snapj\u00e1nak tekinti.\",\"breadcrumb\":{\"@id\":\"https:\/\/lifelonghearing.com\/hu\/konnyebb-mint-valaha\/#breadcrumb\"},\"inLanguage\":\"en-US\",\"potentialAction\":[{\"@type\":\"ReadAction\",\"target\":[\"https:\/\/lifelonghearing.com\/hu\/konnyebb-mint-valaha\/\"]}]},{\"@type\":\"ImageObject\",\"inLanguage\":\"en-US\",\"@id\":\"https:\/\/lifelonghearing.com\/hu\/konnyebb-mint-valaha\/#primaryimage\",\"url\":\"https:\/\/lifelonghearing.com\/hu\/wp-content\/uploads\/sites\/4\/2025\/11\/uni_featured.jpg\",\"contentUrl\":\"https:\/\/lifelonghearing.com\/hu\/wp-content\/uploads\/sites\/4\/2025\/11\/uni_featured.jpg\",\"width\":1400,\"height\":652,\"caption\":\"A digit\u00e1lis oktat\u00e1s a vil\u00e1gj\u00e1rv\u00e1ny ut\u00e1n is fontos eszk\u00f6z marad. \u00a9Adobe Stock\"},{\"@type\":\"BreadcrumbList\",\"@id\":\"https:\/\/lifelonghearing.com\/hu\/konnyebb-mint-valaha\/#breadcrumb\",\"itemListElement\":[{\"@type\":\"ListItem\",\"position\":1,\"name\":\"Home\",\"item\":\"https:\/\/lifelonghearing.com\/hu\/\"},{\"@type\":\"ListItem\",\"position\":2,\"name\":\"&#8220;K\u00f6nnyebb, mint valaha&#8221;\"}]},{\"@type\":\"WebSite\",\"@id\":\"https:\/\/lifelonghearing.com\/hu\/#website\",\"url\":\"https:\/\/lifelonghearing.com\/hu\/\",\"name\":\"Hungary\",\"description\":\"\",\"potentialAction\":[{\"@type\":\"SearchAction\",\"target\":{\"@type\":\"EntryPoint\",\"urlTemplate\":\"https:\/\/lifelonghearing.com\/hu\/?s={search_term_string}\"},\"query-input\":{\"@type\":\"PropertyValueSpecification\",\"valueRequired\":true,\"valueName\":\"search_term_string\"}}],\"inLanguage\":\"en-US\"},{\"@type\":\"Person\",\"@id\":\"https:\/\/lifelonghearing.com\/hu\/#\/schema\/person\/45670a245ecd6d80bd2318486e3f301a\",\"name\":\"mate\",\"image\":{\"@type\":\"ImageObject\",\"inLanguage\":\"en-US\",\"@id\":\"https:\/\/lifelonghearing.com\/hu\/#\/schema\/person\/image\/\",\"url\":\"https:\/\/secure.gravatar.com\/avatar\/0af13a1f6298cd2d6abf28f4e3eb3932?s=96&d=mm&r=g\",\"contentUrl\":\"https:\/\/secure.gravatar.com\/avatar\/0af13a1f6298cd2d6abf28f4e3eb3932?s=96&d=mm&r=g\",\"caption\":\"mate\"},\"url\":\"https:\/\/lifelonghearing.com\/hu\/author\/mate\/\"}]}<\/script>\n<!-- \/ Yoast SEO plugin. -->","yoast_head_json":{"title":"\"K\u00f6nnyebb, mint valaha\" - Hungary","description":"A cochle\u00e1ris implant\u00e1tummal \u00e9l\u0151 Martin \u010euri\u0161ka a CI-eszk\u00f6z be\u00fcltet\u00e9s\u00e9nek napj\u00e1t m\u00e1sodik sz\u00fclet\u00e9snapj\u00e1nak tekinti.","robots":{"index":"index","follow":"follow","max-snippet":"max-snippet:-1","max-image-preview":"max-image-preview:large","max-video-preview":"max-video-preview:-1"},"canonical":"https:\/\/lifelonghearing.com\/hu\/konnyebb-mint-valaha\/","og_locale":"en_US","og_type":"article","og_title":"\"K\u00f6nnyebb, mint valaha\" - Hungary","og_description":"A cochle\u00e1ris implant\u00e1tummal \u00e9l\u0151 Martin \u010euri\u0161ka a CI-eszk\u00f6z be\u00fcltet\u00e9s\u00e9nek napj\u00e1t m\u00e1sodik sz\u00fclet\u00e9snapj\u00e1nak tekinti.","og_url":"https:\/\/lifelonghearing.com\/hu\/konnyebb-mint-valaha\/","og_site_name":"Hungary","article_published_time":"2025-11-07T09:56:05+00:00","og_image":[{"width":1400,"height":652,"url":"https:\/\/lifelonghearing.com\/hu\/wp-content\/uploads\/sites\/4\/2025\/11\/uni_featured.jpg","type":"image\/jpeg"}],"author":"mate","twitter_card":"summary_large_image","twitter_misc":{"Written by":"mate","Est. reading time":"6 minutes"},"schema":{"@context":"https:\/\/schema.org","@graph":[{"@type":"WebPage","@id":"https:\/\/lifelonghearing.com\/hu\/konnyebb-mint-valaha\/","url":"https:\/\/lifelonghearing.com\/hu\/konnyebb-mint-valaha\/","name":"\"K\u00f6nnyebb, mint valaha\" - Hungary","isPartOf":{"@id":"https:\/\/lifelonghearing.com\/hu\/#website"},"primaryImageOfPage":{"@id":"https:\/\/lifelonghearing.com\/hu\/konnyebb-mint-valaha\/#primaryimage"},"image":{"@id":"https:\/\/lifelonghearing.com\/hu\/konnyebb-mint-valaha\/#primaryimage"},"thumbnailUrl":"https:\/\/lifelonghearing.com\/hu\/wp-content\/uploads\/sites\/4\/2025\/11\/uni_featured.jpg","datePublished":"2025-11-07T09:56:05+00:00","dateModified":"2025-11-07T09:56:05+00:00","author":{"@id":"https:\/\/lifelonghearing.com\/hu\/#\/schema\/person\/45670a245ecd6d80bd2318486e3f301a"},"description":"A cochle\u00e1ris implant\u00e1tummal \u00e9l\u0151 Martin \u010euri\u0161ka a CI-eszk\u00f6z be\u00fcltet\u00e9s\u00e9nek napj\u00e1t m\u00e1sodik sz\u00fclet\u00e9snapj\u00e1nak tekinti.","breadcrumb":{"@id":"https:\/\/lifelonghearing.com\/hu\/konnyebb-mint-valaha\/#breadcrumb"},"inLanguage":"en-US","potentialAction":[{"@type":"ReadAction","target":["https:\/\/lifelonghearing.com\/hu\/konnyebb-mint-valaha\/"]}]},{"@type":"ImageObject","inLanguage":"en-US","@id":"https:\/\/lifelonghearing.com\/hu\/konnyebb-mint-valaha\/#primaryimage","url":"https:\/\/lifelonghearing.com\/hu\/wp-content\/uploads\/sites\/4\/2025\/11\/uni_featured.jpg","contentUrl":"https:\/\/lifelonghearing.com\/hu\/wp-content\/uploads\/sites\/4\/2025\/11\/uni_featured.jpg","width":1400,"height":652,"caption":"A digit\u00e1lis oktat\u00e1s a vil\u00e1gj\u00e1rv\u00e1ny ut\u00e1n is fontos eszk\u00f6z marad. \u00a9Adobe Stock"},{"@type":"BreadcrumbList","@id":"https:\/\/lifelonghearing.com\/hu\/konnyebb-mint-valaha\/#breadcrumb","itemListElement":[{"@type":"ListItem","position":1,"name":"Home","item":"https:\/\/lifelonghearing.com\/hu\/"},{"@type":"ListItem","position":2,"name":"&#8220;K\u00f6nnyebb, mint valaha&#8221;"}]},{"@type":"WebSite","@id":"https:\/\/lifelonghearing.com\/hu\/#website","url":"https:\/\/lifelonghearing.com\/hu\/","name":"Hungary","description":"","potentialAction":[{"@type":"SearchAction","target":{"@type":"EntryPoint","urlTemplate":"https:\/\/lifelonghearing.com\/hu\/?s={search_term_string}"},"query-input":{"@type":"PropertyValueSpecification","valueRequired":true,"valueName":"search_term_string"}}],"inLanguage":"en-US"},{"@type":"Person","@id":"https:\/\/lifelonghearing.com\/hu\/#\/schema\/person\/45670a245ecd6d80bd2318486e3f301a","name":"mate","image":{"@type":"ImageObject","inLanguage":"en-US","@id":"https:\/\/lifelonghearing.com\/hu\/#\/schema\/person\/image\/","url":"https:\/\/secure.gravatar.com\/avatar\/0af13a1f6298cd2d6abf28f4e3eb3932?s=96&d=mm&r=g","contentUrl":"https:\/\/secure.gravatar.com\/avatar\/0af13a1f6298cd2d6abf28f4e3eb3932?s=96&d=mm&r=g","caption":"mate"},"url":"https:\/\/lifelonghearing.com\/hu\/author\/mate\/"}]}},"acf":[],"_links":{"self":[{"href":"https:\/\/lifelonghearing.com\/hu\/wp-json\/wp\/v2\/posts\/33094","targetHints":{"allow":["GET"]}}],"collection":[{"href":"https:\/\/lifelonghearing.com\/hu\/wp-json\/wp\/v2\/posts"}],"about":[{"href":"https:\/\/lifelonghearing.com\/hu\/wp-json\/wp\/v2\/types\/post"}],"author":[{"embeddable":true,"href":"https:\/\/lifelonghearing.com\/hu\/wp-json\/wp\/v2\/users\/8"}],"replies":[{"embeddable":true,"href":"https:\/\/lifelonghearing.com\/hu\/wp-json\/wp\/v2\/comments?post=33094"}],"version-history":[{"count":2,"href":"https:\/\/lifelonghearing.com\/hu\/wp-json\/wp\/v2\/posts\/33094\/revisions"}],"predecessor-version":[{"id":33099,"href":"https:\/\/lifelonghearing.com\/hu\/wp-json\/wp\/v2\/posts\/33094\/revisions\/33099"}],"wp:featuredmedia":[{"embeddable":true,"href":"https:\/\/lifelonghearing.com\/hu\/wp-json\/wp\/v2\/media\/33095"}],"wp:attachment":[{"href":"https:\/\/lifelonghearing.com\/hu\/wp-json\/wp\/v2\/media?parent=33094"}],"wp:term":[{"taxonomy":"category","embeddable":true,"href":"https:\/\/lifelonghearing.com\/hu\/wp-json\/wp\/v2\/categories?post=33094"},{"taxonomy":"post_tag","embeddable":true,"href":"https:\/\/lifelonghearing.com\/hu\/wp-json\/wp\/v2\/tags?post=33094"}],"curies":[{"name":"wp","href":"https:\/\/api.w.org\/{rel}","templated":true}]}}