{"id":32598,"date":"2026-04-30T09:19:43","date_gmt":"2026-04-30T09:19:43","guid":{"rendered":"https:\/\/lifelonghearing.com\/hr\/?p=32598"},"modified":"2026-04-30T09:19:43","modified_gmt":"2026-04-30T09:19:43","slug":"ipak-sam-ja-domoljub","status":"publish","type":"post","link":"https:\/\/lifelonghearing.com\/hr\/ipak-sam-ja-domoljub\/","title":{"rendered":"&quot;Ipak sam ja domoljub!&quot;"},"content":{"rendered":"<div class=\"fusion-fullwidth fullwidth-box fusion-builder-row-1 fusion-flex-container nonhundred-percent-fullwidth non-hundred-percent-height-scrolling\" style=\"--awb-border-radius-top-left:0px;--awb-border-radius-top-right:0px;--awb-border-radius-bottom-right:0px;--awb-border-radius-bottom-left:0px;--awb-flex-wrap:wrap;\" ><div class=\"fusion-builder-row fusion-row fusion-flex-align-items-flex-start fusion-flex-content-wrap\" style=\"max-width:1248px;margin-left: calc(-4% \/ 2 );margin-right: calc(-4% \/ 2 );\"><div class=\"fusion-layout-column fusion_builder_column fusion-builder-column-0 fusion_builder_column_1_1 1_1 fusion-flex-column\" style=\"--awb-bg-size:cover;--awb-width-large:100%;--awb-margin-top-large:0px;--awb-spacing-right-large:1.92%;--awb-margin-bottom-large:10px;--awb-spacing-left-large:1.92%;--awb-width-medium:100%;--awb-order-medium:0;--awb-spacing-right-medium:1.92%;--awb-spacing-left-medium:1.92%;--awb-width-small:100%;--awb-order-small:0;--awb-spacing-right-small:1.92%;--awb-spacing-left-small:1.92%;\"><div class=\"fusion-column-wrapper fusion-flex-justify-content-flex-start fusion-content-layout-column\"><div class=\"fusion-title title fusion-title-1 fusion-sep-none fusion-title-text fusion-title-size-one\" style=\"--awb-margin-top:0px;--awb-margin-bottom:10px;--awb-font-size:36px;\"><h1 class=\"fusion-title-heading title-heading-left fusion-responsive-typography-calculated\" style=\"margin:0;font-size:1em;--fontSize:36;line-height:1.4;\">Tumori, kohlearni implantati i zdravstvena za\u0161tita<\/h1><\/div><div class=\"fusion-text fusion-text-1\"><p><strong>Martin Burian o osobnom iskustvu razvoja CI-a i njegovoj stru\u010dnosti u tumorskim bolestima. Pokazujemo sli\u010dnosti i paralele s gubitkom sluha.<\/strong><\/p>\n<p><em>Temelji se na: &#8220;Slu\u0161anje razgovora s Martinom Burianom&#8221; na h\u00f6renbewegt.at<\/em><\/p>\n<\/div><div class=\"fusion-separator fusion-full-width-sep\" style=\"align-self: center;margin-left: auto;margin-right: auto;width:100%;\"><\/div><div class=\"fusion-image-element \" style=\"--awb-caption-title-font-family:var(--h2_typography-font-family);--awb-caption-title-font-weight:var(--h2_typography-font-weight);--awb-caption-title-font-style:var(--h2_typography-font-style);--awb-caption-title-size:var(--h2_typography-font-size);--awb-caption-title-transform:var(--h2_typography-text-transform);--awb-caption-title-line-height:var(--h2_typography-line-height);--awb-caption-title-letter-spacing:var(--h2_typography-letter-spacing);\"><span class=\" fusion-imageframe imageframe-none imageframe-1 hover-type-none\"><img decoding=\"async\" width=\"1400\" height=\"652\" title=\"bhs_featured\" src=\"https:\/\/lifelonghearing.com\/hr\/wp-content\/uploads\/sites\/9\/2026\/03\/bhs_featured.jpg\" data-orig-src=\"https:\/\/lifelonghearing.com\/hr\/wp-content\/uploads\/sites\/9\/2026\/03\/bhs_featured.jpg\" alt class=\"lazyload img-responsive wp-image-32644\" srcset=\"data:image\/svg+xml,%3Csvg%20xmlns%3D%27http%3A%2F%2Fwww.w3.org%2F2000%2Fsvg%27%20width%3D%271400%27%20height%3D%27652%27%20viewBox%3D%270%200%201400%20652%27%3E%3Crect%20width%3D%271400%27%20height%3D%27652%27%20fill-opacity%3D%220%22%2F%3E%3C%2Fsvg%3E\" data-srcset=\"https:\/\/lifelonghearing.com\/hr\/wp-content\/uploads\/sites\/9\/2026\/03\/bhs_featured-200x93.jpg 200w, https:\/\/lifelonghearing.com\/hr\/wp-content\/uploads\/sites\/9\/2026\/03\/bhs_featured-400x186.jpg 400w, https:\/\/lifelonghearing.com\/hr\/wp-content\/uploads\/sites\/9\/2026\/03\/bhs_featured-600x279.jpg 600w, https:\/\/lifelonghearing.com\/hr\/wp-content\/uploads\/sites\/9\/2026\/03\/bhs_featured-800x373.jpg 800w, https:\/\/lifelonghearing.com\/hr\/wp-content\/uploads\/sites\/9\/2026\/03\/bhs_featured-1200x559.jpg 1200w, https:\/\/lifelonghearing.com\/hr\/wp-content\/uploads\/sites\/9\/2026\/03\/bhs_featured.jpg 1400w\" data-sizes=\"auto\" data-orig-sizes=\"(max-width: 1024px) 100vw, (max-width: 640px) 100vw, 1200px\" \/><\/span><\/div><div class=\"fusion-separator fusion-full-width-sep\" style=\"align-self: center;margin-left: auto;margin-right: auto;width:100%;\"><\/div><div class=\"fusion-text fusion-text-2\"><p>&#8220;Kada tr\u010dim u prolje\u0107e i \u010dujem ptice kako cvrku\u0107u, uvijek me usre\u0107uje.&#8221; Tr\u010danje je hobi prof. dr. Martina Buriana. Sluh je, me\u0111utim, njegova profesija: specijalist je kirurgije glave i vrata, predsjednik *Austrian Cancer Aid* u Gornjoj Austriji i voditelj Odjela za ORL medicinu, kirurgiju glave i vrata na <em>Klinik der Barmherzigen Schwestern<\/em> u Linzu &#8211; to\u010dka kontakta za mnoge pacijente s tumorom.<\/p>\n<p>&#8221; Za mene je komunikacija su\u0161tina sluha&#8221;, ka\u017ee Burian. &#8220;Ali mnogi ljudi shva\u0107aju \u0161to gube tek kada im se sluh po\u010dne pogor\u0161avati. Rani testovi sluha i pravodobno lije\u010denje stoga su klju\u010dni &#8211; ba\u0161 kao \u0161to su i za rano otkrivanje tumora.<\/p>\n<h3>Povijest umjetnih pu\u017enica u Austriji<\/h3>\n<div id=\"attachment_32645\" style=\"width: 310px\" class=\"wp-caption alignleft\"><img decoding=\"async\" aria-describedby=\"caption-attachment-32645\" class=\"lazyload wp-image-32645 size-medium\" src=\"https:\/\/lifelonghearing.com\/hr\/wp-content\/uploads\/sites\/9\/2026\/03\/Burian-1-300x200.jpg\" data-orig-src=\"https:\/\/lifelonghearing.com\/hr\/wp-content\/uploads\/sites\/9\/2026\/03\/Burian-1-300x200.jpg\" alt=\"\" width=\"300\" height=\"200\" srcset=\"data:image\/svg+xml,%3Csvg%20xmlns%3D%27http%3A%2F%2Fwww.w3.org%2F2000%2Fsvg%27%20width%3D%27300%27%20height%3D%27200%27%20viewBox%3D%270%200%20300%20200%27%3E%3Crect%20width%3D%27300%27%20height%3D%27200%27%20fill-opacity%3D%220%22%2F%3E%3C%2Fsvg%3E\" data-srcset=\"https:\/\/lifelonghearing.com\/hr\/wp-content\/uploads\/sites\/9\/2026\/03\/Burian-1-200x133.jpg 200w, https:\/\/lifelonghearing.com\/hr\/wp-content\/uploads\/sites\/9\/2026\/03\/Burian-1-300x200.jpg 300w, https:\/\/lifelonghearing.com\/hr\/wp-content\/uploads\/sites\/9\/2026\/03\/Burian-1-400x267.jpg 400w, https:\/\/lifelonghearing.com\/hr\/wp-content\/uploads\/sites\/9\/2026\/03\/Burian-1-600x400.jpg 600w, https:\/\/lifelonghearing.com\/hr\/wp-content\/uploads\/sites\/9\/2026\/03\/Burian-1-768x512.jpg 768w, https:\/\/lifelonghearing.com\/hr\/wp-content\/uploads\/sites\/9\/2026\/03\/Burian-1-800x533.jpg 800w, https:\/\/lifelonghearing.com\/hr\/wp-content\/uploads\/sites\/9\/2026\/03\/Burian-1.jpg 990w\" data-sizes=\"auto\" data-orig-sizes=\"(max-width: 300px) 100vw, 300px\" \/><p id=\"caption-attachment-32645\" class=\"wp-caption-text\">Prim. univ. prof. dr. Martin Burian je specijalist za tumorske bolesti i predsjednik Austrijske pomo\u0107i za rak u Gornjoj Austriji. \u00a9BHS Linz<\/p><\/div>\n<p>Otac prof. Martina Buriana, prof. dr. Kurt Burian, bio je voditelj odjela za ORL u Sveu\u010dili\u0161noj bolnici u Be\u010du. Po\u010detkom 1970-ih vratio je ideju elektri\u010dne stimulacije sluha u Austriju nakon svojih istra\u017eiva\u010dkih boravaka u SAD-u. Zajedno sa in\u017eenjerkom elektrotehnike Ingeborg Desoyer i pomo\u0107nikom TU Erwinom Hochmairom razvio je prvi vi\u0161ekanalni kohlearni implantat na svijetu. Prva implantacija dogodila se u Be\u010du 1977. godine, \u0161to je bila prava prekretnica u medicinskoj tehnologiji.<\/p>\n<p>&#8220;Kao \u0161esnaestogodi\u0161njak nisam bio posebno zainteresiran za sve to&#8221;, prisje\u0107a se prof. Burian s osmijehom. &#8220;Danas sam ponosan. Nevjerojatna je pri\u010da o uspjehu da bi tako mala zemlja mogla izgraditi tvrtku koja igra tako va\u017enu ulogu u globalnoj opskrbi implantatima.&#8221;<\/p>\n<h3>Operacija raka i rano otkrivanje<\/h3>\n<p>Kao specijalist za kirurgiju glave i vrata, prof. Burian svake godine lije\u010di brojne pacijente s tumorom. U Austriji se godi\u0161nje dijagnosticira oko 1.400 ljudi s tumorima glave i vrata. \u0160anse za oporavak \u010desto su dobre \u2013 pod uvjetom da se bolest otkrije rano.<\/p>\n<p>&#8220;U tumorskoj medicini, pravi trenutak intervencije \u010desto je pitanje \u017eivota i smrti&#8221;, obja\u0161njava on. &#8220;To je manje dramati\u010dno s gubitkom sluha, ali jednako tako mijenja \u017eivot. Odgo\u0111eno lije\u010denje mo\u017ee zna\u010dajno utjecati na uspjeh rehabilitacije sluha. Za novoro\u0111en\u010dad ne smijemo prekora\u010diti deveti mjesec; za starije pacijente implantaciju treba obaviti \u0161to je prije mogu\u0107e nakon \u0161to je indicirano.&#8221;<\/p>\n<p>Burian nagla\u0161ava da su i u onkologiji i u audiologiji preventivni pregledi i rana intervencija klju\u010dni za postizanje najboljih mogu\u0107ih ishoda.<\/p>\n<h3>Kohlearni implantati i tumori \u2013 vi\u0161e zajedni\u010dki nego \u0161to se mo\u017ee misliti<\/h3>\n<p>Prema profesoru Burianu, ova dva polja dijele upe\u010datljivu sli\u010dnost: &#8220;Mnogi ljudi nerado govore o svojim simptomima, bilo da se radi o tumoru ili gubitku sluha. Sram i neznanje \u010desto dovode do prekasnih preventivnih pregleda.<\/p>\n<p>Nagla\u0161ava va\u017enost svijesti: &#8220;Moramo osvijestiti ljude da ti uvjeti postoje. Javno obrazovanje i dijeljenje osobnih iskustava poma\u017eu u razbijanju tabua i poti\u010du pogo\u0111ene da potra\u017ee preventivnu skrb.\u201d<\/p>\n<p>Sli\u010dan pristup primjenjuje se na gubitak sluha, gdje su rano djelovanje i zajedni\u010dka iskustva klju\u010dni. &#8220;Pacijenti i njihove obitelji mogu se \u010dak izravno povezati s drugima koji su se suo\u010dili sa sli\u010dnim izazovima&#8221;, dodaje on \u2013 na primjer, putem <a href=\"http:\/\/www.hoerverlust.at\/\">www.hoerverlust.at<\/a> ili udruge CI-A.<\/p>\n<\/div><div class=\"fusion-reading-box-container reading-box-container-1\" style=\"--awb-title-color:#3d3b3b;--awb-margin-top:0px;--awb-margin-bottom:84px;\"><div class=\"reading-box\" style=\"background-color:#ffffff;border-width:1px;border-color:#e0dede;border-left-width:3px;border-left-color:var(--primary_color);border-style:solid;\"><div class=\"reading-box-additional\">\n<div id=\"attachment_32643\" style=\"width: 310px\" class=\"wp-caption alignleft\"><img decoding=\"async\" aria-describedby=\"caption-attachment-32643\" class=\"lazyload size-medium wp-image-32643\" src=\"https:\/\/lifelonghearing.com\/hr\/wp-content\/uploads\/sites\/9\/2026\/03\/MutmacherInnen-cStefan-Diesner-1-300x214.jpg\" data-orig-src=\"https:\/\/lifelonghearing.com\/hr\/wp-content\/uploads\/sites\/9\/2026\/03\/MutmacherInnen-cStefan-Diesner-1-300x214.jpg\" alt=\"\" width=\"300\" height=\"214\" srcset=\"data:image\/svg+xml,%3Csvg%20xmlns%3D%27http%3A%2F%2Fwww.w3.org%2F2000%2Fsvg%27%20width%3D%27300%27%20height%3D%27214%27%20viewBox%3D%270%200%20300%20214%27%3E%3Crect%20width%3D%27300%27%20height%3D%27214%27%20fill-opacity%3D%220%22%2F%3E%3C%2Fsvg%3E\" data-srcset=\"https:\/\/lifelonghearing.com\/hr\/wp-content\/uploads\/sites\/9\/2026\/03\/MutmacherInnen-cStefan-Diesner-1-200x143.jpg 200w, https:\/\/lifelonghearing.com\/hr\/wp-content\/uploads\/sites\/9\/2026\/03\/MutmacherInnen-cStefan-Diesner-1-300x214.jpg 300w, https:\/\/lifelonghearing.com\/hr\/wp-content\/uploads\/sites\/9\/2026\/03\/MutmacherInnen-cStefan-Diesner-1-400x286.jpg 400w, https:\/\/lifelonghearing.com\/hr\/wp-content\/uploads\/sites\/9\/2026\/03\/MutmacherInnen-cStefan-Diesner-1-600x429.jpg 600w, https:\/\/lifelonghearing.com\/hr\/wp-content\/uploads\/sites\/9\/2026\/03\/MutmacherInnen-cStefan-Diesner-1-768x549.jpg 768w, https:\/\/lifelonghearing.com\/hr\/wp-content\/uploads\/sites\/9\/2026\/03\/MutmacherInnen-cStefan-Diesner-1-800x572.jpg 800w, https:\/\/lifelonghearing.com\/hr\/wp-content\/uploads\/sites\/9\/2026\/03\/MutmacherInnen-cStefan-Diesner-1-1024x732.jpg 1024w, https:\/\/lifelonghearing.com\/hr\/wp-content\/uploads\/sites\/9\/2026\/03\/MutmacherInnen-cStefan-Diesner-1.jpg 1030w\" data-sizes=\"auto\" data-orig-sizes=\"(max-width: 300px) 100vw, 300px\" \/><p id=\"caption-attachment-32643\" class=\"wp-caption-text\">\u00a9Stefan Diesner<\/p><\/div>\n<p>Godine 2020. austrijska humanitarna udruga za rak, zajedno s umjetnicom i fotografkinjom Sabine Hauswirth, pokrenula je seriju knjiga MutmacherInnen (&#8220;Ohrabriva\u010di&#8221;). U svakom od \u0161est do sada objavljenih svezaka, dvanaest pacijenata s razli\u010ditim dijagnozama raka dijele svoja osobna iskustva kako bi nadahnuli i potaknuli druge pogo\u0111ene bole\u0161\u0107u. Sav prihod od prodaje knjiga ide austrijskoj slu\u017ebi za pomo\u0107 oboljelima od raka, koja pru\u017ea holisti\u010dku, sveobuhvatnu i lako dostupnu podr\u0161ku osobama oboljelima od raka i njihovim obiteljima.<\/p>\n<p>Knjige objavljuje Echomedia Verlag i dostupne su na internetu za oko 25 eura.<\/p>\n<\/div><div class=\"fusion-clearfix\"><\/div><\/div><\/div><div class=\"fusion-reading-box-container reading-box-container-2\" style=\"--awb-title-color:#3d3b3b;--awb-margin-top:0px;--awb-margin-bottom:84px;\"><div class=\"reading-box\" style=\"background-color:#ffffff;border-width:1px;border-color:#e0dede;border-left-width:3px;border-left-color:var(--primary_color);border-style:solid;\"><div class=\"reading-box-additional\">\n<div id=\"attachment_32646\" style=\"width: 310px\" class=\"wp-caption alignleft\"><img decoding=\"async\" aria-describedby=\"caption-attachment-32646\" class=\"lazyload size-medium wp-image-32646\" src=\"https:\/\/lifelonghearing.com\/hr\/wp-content\/uploads\/sites\/9\/2026\/03\/Horberater-1-300x200.jpg\" data-orig-src=\"https:\/\/lifelonghearing.com\/hr\/wp-content\/uploads\/sites\/9\/2026\/03\/Horberater-1-300x200.jpg\" alt=\"\" width=\"300\" height=\"200\" srcset=\"data:image\/svg+xml,%3Csvg%20xmlns%3D%27http%3A%2F%2Fwww.w3.org%2F2000%2Fsvg%27%20width%3D%27300%27%20height%3D%27200%27%20viewBox%3D%270%200%20300%20200%27%3E%3Crect%20width%3D%27300%27%20height%3D%27200%27%20fill-opacity%3D%220%22%2F%3E%3C%2Fsvg%3E\" data-srcset=\"https:\/\/lifelonghearing.com\/hr\/wp-content\/uploads\/sites\/9\/2026\/03\/Horberater-1-200x133.jpg 200w, https:\/\/lifelonghearing.com\/hr\/wp-content\/uploads\/sites\/9\/2026\/03\/Horberater-1-300x200.jpg 300w, https:\/\/lifelonghearing.com\/hr\/wp-content\/uploads\/sites\/9\/2026\/03\/Horberater-1-400x267.jpg 400w, https:\/\/lifelonghearing.com\/hr\/wp-content\/uploads\/sites\/9\/2026\/03\/Horberater-1-600x400.jpg 600w, https:\/\/lifelonghearing.com\/hr\/wp-content\/uploads\/sites\/9\/2026\/03\/Horberater-1-768x512.jpg 768w, https:\/\/lifelonghearing.com\/hr\/wp-content\/uploads\/sites\/9\/2026\/03\/Horberater-1-800x534.jpg 800w, https:\/\/lifelonghearing.com\/hr\/wp-content\/uploads\/sites\/9\/2026\/03\/Horberater-1-1024x683.jpg 1024w, https:\/\/lifelonghearing.com\/hr\/wp-content\/uploads\/sites\/9\/2026\/03\/Horberater-1-1200x800.jpg 1200w, https:\/\/lifelonghearing.com\/hr\/wp-content\/uploads\/sites\/9\/2026\/03\/Horberater-1.jpg 1267w\" data-sizes=\"auto\" data-orig-sizes=\"(max-width: 300px) 100vw, 300px\" \/><p id=\"caption-attachment-32646\" class=\"wp-caption-text\">\u00a9Max Breynck<\/p><\/div>\n<p>\u010clanovi H\u00f6ribald tima su i sami korisnici kohlearnih implantata i drugih rje\u0161enja za slu\u0161ne implantate, kao i njihovi ro\u0111aci. Kao savjetnici za sluh, dijele svoja osobna iskustva i otvoreni su za zabrinutost drugih pogo\u0111enih gubitkom sluha i njihovih obitelji. Njihove pri\u010de mo\u017eete prona\u0107i na <a href=\"https:\/\/www.hoerverlust.at\/hoerberaterin-finden\/\">www.hoerverlust.at\/hoerberaterin-finden\/<\/a>, gdje posjetitelji tako\u0111er mogu do\u0107i u izravan kontakt s njima.<\/p>\n<\/div><div class=\"fusion-clearfix\"><\/div><\/div><\/div><\/div><\/div><\/div><\/div>\n","protected":false},"excerpt":{"rendered":"<p>Martin Burian o osobnom iskustvu razvoja CI-a i njegovoj stru\u010dnosti u tumorskim bolestima. Pokazujemo sli\u010dnosti i paralele s gubitkom sluha.<\/p>\n","protected":false},"author":10,"featured_media":32644,"comment_status":"open","ping_status":"open","sticky":false,"template":"","format":"standard","meta":{"_acf_changed":false,"footnotes":""},"categories":[411],"tags":[],"class_list":["post-32598","post","type-post","status-publish","format-standard","has-post-thumbnail","hentry","category-zdravlje-hr"],"yoast_head":"<!-- This site is optimized with the Yoast SEO plugin v24.3 - https:\/\/yoast.com\/wordpress\/plugins\/seo\/ -->\n<title>&quot;Ipak sam ja domoljub!&quot; - Croatian<\/title>\n<meta name=\"robots\" content=\"index, follow, max-snippet:-1, max-image-preview:large, max-video-preview:-1\" \/>\n<link rel=\"canonical\" href=\"https:\/\/lifelonghearing.com\/hr\/ipak-sam-ja-domoljub\/\" \/>\n<meta property=\"og:locale\" content=\"en_US\" \/>\n<meta property=\"og:type\" content=\"article\" \/>\n<meta property=\"og:title\" content=\"&quot;Ipak sam ja domoljub!&quot; - Croatian\" \/>\n<meta property=\"og:description\" content=\"Martin Burian o osobnom iskustvu razvoja CI-a i njegovoj stru\u010dnosti u tumorskim bolestima. Pokazujemo sli\u010dnosti i paralele s gubitkom sluha.\" \/>\n<meta property=\"og:url\" content=\"https:\/\/lifelonghearing.com\/hr\/ipak-sam-ja-domoljub\/\" \/>\n<meta property=\"og:site_name\" content=\"Croatian\" \/>\n<meta property=\"article:published_time\" content=\"2026-04-30T09:19:43+00:00\" \/>\n<meta property=\"og:image\" content=\"https:\/\/lifelonghearing.com\/hr\/wp-content\/uploads\/sites\/9\/2026\/03\/bhs_featured.jpg\" \/>\n\t<meta property=\"og:image:width\" content=\"1400\" \/>\n\t<meta property=\"og:image:height\" content=\"652\" \/>\n\t<meta property=\"og:image:type\" content=\"image\/jpeg\" \/>\n<meta name=\"author\" content=\"articleflow\" \/>\n<meta name=\"twitter:card\" content=\"summary_large_image\" \/>\n<meta name=\"twitter:label1\" content=\"Written by\" \/>\n\t<meta name=\"twitter:data1\" content=\"articleflow\" \/>\n\t<meta name=\"twitter:label2\" content=\"Est. reading time\" \/>\n\t<meta name=\"twitter:data2\" content=\"4 minutes\" \/>\n<script type=\"application\/ld+json\" class=\"yoast-schema-graph\">{\"@context\":\"https:\/\/schema.org\",\"@graph\":[{\"@type\":\"WebPage\",\"@id\":\"https:\/\/lifelonghearing.com\/hr\/ipak-sam-ja-domoljub\/\",\"url\":\"https:\/\/lifelonghearing.com\/hr\/ipak-sam-ja-domoljub\/\",\"name\":\"&quot;Ipak sam ja domoljub!&quot; - Croatian\",\"isPartOf\":{\"@id\":\"https:\/\/lifelonghearing.com\/hr\/#website\"},\"primaryImageOfPage\":{\"@id\":\"https:\/\/lifelonghearing.com\/hr\/ipak-sam-ja-domoljub\/#primaryimage\"},\"image\":{\"@id\":\"https:\/\/lifelonghearing.com\/hr\/ipak-sam-ja-domoljub\/#primaryimage\"},\"thumbnailUrl\":\"https:\/\/lifelonghearing.com\/hr\/wp-content\/uploads\/sites\/9\/2026\/03\/bhs_featured.jpg\",\"datePublished\":\"2026-04-30T09:19:43+00:00\",\"dateModified\":\"2026-04-30T09:19:43+00:00\",\"author\":{\"@id\":\"https:\/\/lifelonghearing.com\/hr\/#\/schema\/person\/d0edcc0a625e2f23267e35d92373b717\"},\"breadcrumb\":{\"@id\":\"https:\/\/lifelonghearing.com\/hr\/ipak-sam-ja-domoljub\/#breadcrumb\"},\"inLanguage\":\"en-US\",\"potentialAction\":[{\"@type\":\"ReadAction\",\"target\":[\"https:\/\/lifelonghearing.com\/hr\/ipak-sam-ja-domoljub\/\"]}]},{\"@type\":\"ImageObject\",\"inLanguage\":\"en-US\",\"@id\":\"https:\/\/lifelonghearing.com\/hr\/ipak-sam-ja-domoljub\/#primaryimage\",\"url\":\"https:\/\/lifelonghearing.com\/hr\/wp-content\/uploads\/sites\/9\/2026\/03\/bhs_featured.jpg\",\"contentUrl\":\"https:\/\/lifelonghearing.com\/hr\/wp-content\/uploads\/sites\/9\/2026\/03\/bhs_featured.jpg\",\"width\":1400,\"height\":652},{\"@type\":\"BreadcrumbList\",\"@id\":\"https:\/\/lifelonghearing.com\/hr\/ipak-sam-ja-domoljub\/#breadcrumb\",\"itemListElement\":[{\"@type\":\"ListItem\",\"position\":1,\"name\":\"Home\",\"item\":\"https:\/\/lifelonghearing.com\/hr\/\"},{\"@type\":\"ListItem\",\"position\":2,\"name\":\"&quot;Ipak sam ja domoljub!&quot;\"}]},{\"@type\":\"WebSite\",\"@id\":\"https:\/\/lifelonghearing.com\/hr\/#website\",\"url\":\"https:\/\/lifelonghearing.com\/hr\/\",\"name\":\"Croatian\",\"description\":\"\",\"potentialAction\":[{\"@type\":\"SearchAction\",\"target\":{\"@type\":\"EntryPoint\",\"urlTemplate\":\"https:\/\/lifelonghearing.com\/hr\/?s={search_term_string}\"},\"query-input\":{\"@type\":\"PropertyValueSpecification\",\"valueRequired\":true,\"valueName\":\"search_term_string\"}}],\"inLanguage\":\"en-US\"},{\"@type\":\"Person\",\"@id\":\"https:\/\/lifelonghearing.com\/hr\/#\/schema\/person\/d0edcc0a625e2f23267e35d92373b717\",\"name\":\"articleflow\",\"image\":{\"@type\":\"ImageObject\",\"inLanguage\":\"en-US\",\"@id\":\"https:\/\/lifelonghearing.com\/hr\/#\/schema\/person\/image\/\",\"url\":\"https:\/\/secure.gravatar.com\/avatar\/ce5adb94a89bcd93687bce9b019e3dd3?s=96&d=mm&r=g\",\"contentUrl\":\"https:\/\/secure.gravatar.com\/avatar\/ce5adb94a89bcd93687bce9b019e3dd3?s=96&d=mm&r=g\",\"caption\":\"articleflow\"},\"url\":\"https:\/\/lifelonghearing.com\/hr\/author\/articleflow\/\"}]}<\/script>\n<!-- \/ Yoast SEO plugin. -->","yoast_head_json":{"title":"&quot;Ipak sam ja domoljub!&quot; - Croatian","robots":{"index":"index","follow":"follow","max-snippet":"max-snippet:-1","max-image-preview":"max-image-preview:large","max-video-preview":"max-video-preview:-1"},"canonical":"https:\/\/lifelonghearing.com\/hr\/ipak-sam-ja-domoljub\/","og_locale":"en_US","og_type":"article","og_title":"&quot;Ipak sam ja domoljub!&quot; - Croatian","og_description":"Martin Burian o osobnom iskustvu razvoja CI-a i njegovoj stru\u010dnosti u tumorskim bolestima. Pokazujemo sli\u010dnosti i paralele s gubitkom sluha.","og_url":"https:\/\/lifelonghearing.com\/hr\/ipak-sam-ja-domoljub\/","og_site_name":"Croatian","article_published_time":"2026-04-30T09:19:43+00:00","og_image":[{"width":1400,"height":652,"url":"https:\/\/lifelonghearing.com\/hr\/wp-content\/uploads\/sites\/9\/2026\/03\/bhs_featured.jpg","type":"image\/jpeg"}],"author":"articleflow","twitter_card":"summary_large_image","twitter_misc":{"Written by":"articleflow","Est. reading time":"4 minutes"},"schema":{"@context":"https:\/\/schema.org","@graph":[{"@type":"WebPage","@id":"https:\/\/lifelonghearing.com\/hr\/ipak-sam-ja-domoljub\/","url":"https:\/\/lifelonghearing.com\/hr\/ipak-sam-ja-domoljub\/","name":"&quot;Ipak sam ja domoljub!&quot; - Croatian","isPartOf":{"@id":"https:\/\/lifelonghearing.com\/hr\/#website"},"primaryImageOfPage":{"@id":"https:\/\/lifelonghearing.com\/hr\/ipak-sam-ja-domoljub\/#primaryimage"},"image":{"@id":"https:\/\/lifelonghearing.com\/hr\/ipak-sam-ja-domoljub\/#primaryimage"},"thumbnailUrl":"https:\/\/lifelonghearing.com\/hr\/wp-content\/uploads\/sites\/9\/2026\/03\/bhs_featured.jpg","datePublished":"2026-04-30T09:19:43+00:00","dateModified":"2026-04-30T09:19:43+00:00","author":{"@id":"https:\/\/lifelonghearing.com\/hr\/#\/schema\/person\/d0edcc0a625e2f23267e35d92373b717"},"breadcrumb":{"@id":"https:\/\/lifelonghearing.com\/hr\/ipak-sam-ja-domoljub\/#breadcrumb"},"inLanguage":"en-US","potentialAction":[{"@type":"ReadAction","target":["https:\/\/lifelonghearing.com\/hr\/ipak-sam-ja-domoljub\/"]}]},{"@type":"ImageObject","inLanguage":"en-US","@id":"https:\/\/lifelonghearing.com\/hr\/ipak-sam-ja-domoljub\/#primaryimage","url":"https:\/\/lifelonghearing.com\/hr\/wp-content\/uploads\/sites\/9\/2026\/03\/bhs_featured.jpg","contentUrl":"https:\/\/lifelonghearing.com\/hr\/wp-content\/uploads\/sites\/9\/2026\/03\/bhs_featured.jpg","width":1400,"height":652},{"@type":"BreadcrumbList","@id":"https:\/\/lifelonghearing.com\/hr\/ipak-sam-ja-domoljub\/#breadcrumb","itemListElement":[{"@type":"ListItem","position":1,"name":"Home","item":"https:\/\/lifelonghearing.com\/hr\/"},{"@type":"ListItem","position":2,"name":"&quot;Ipak sam ja domoljub!&quot;"}]},{"@type":"WebSite","@id":"https:\/\/lifelonghearing.com\/hr\/#website","url":"https:\/\/lifelonghearing.com\/hr\/","name":"Croatian","description":"","potentialAction":[{"@type":"SearchAction","target":{"@type":"EntryPoint","urlTemplate":"https:\/\/lifelonghearing.com\/hr\/?s={search_term_string}"},"query-input":{"@type":"PropertyValueSpecification","valueRequired":true,"valueName":"search_term_string"}}],"inLanguage":"en-US"},{"@type":"Person","@id":"https:\/\/lifelonghearing.com\/hr\/#\/schema\/person\/d0edcc0a625e2f23267e35d92373b717","name":"articleflow","image":{"@type":"ImageObject","inLanguage":"en-US","@id":"https:\/\/lifelonghearing.com\/hr\/#\/schema\/person\/image\/","url":"https:\/\/secure.gravatar.com\/avatar\/ce5adb94a89bcd93687bce9b019e3dd3?s=96&d=mm&r=g","contentUrl":"https:\/\/secure.gravatar.com\/avatar\/ce5adb94a89bcd93687bce9b019e3dd3?s=96&d=mm&r=g","caption":"articleflow"},"url":"https:\/\/lifelonghearing.com\/hr\/author\/articleflow\/"}]}},"acf":[],"_links":{"self":[{"href":"https:\/\/lifelonghearing.com\/hr\/wp-json\/wp\/v2\/posts\/32598","targetHints":{"allow":["GET"]}}],"collection":[{"href":"https:\/\/lifelonghearing.com\/hr\/wp-json\/wp\/v2\/posts"}],"about":[{"href":"https:\/\/lifelonghearing.com\/hr\/wp-json\/wp\/v2\/types\/post"}],"author":[{"embeddable":true,"href":"https:\/\/lifelonghearing.com\/hr\/wp-json\/wp\/v2\/users\/10"}],"replies":[{"embeddable":true,"href":"https:\/\/lifelonghearing.com\/hr\/wp-json\/wp\/v2\/comments?post=32598"}],"version-history":[{"count":3,"href":"https:\/\/lifelonghearing.com\/hr\/wp-json\/wp\/v2\/posts\/32598\/revisions"}],"predecessor-version":[{"id":32615,"href":"https:\/\/lifelonghearing.com\/hr\/wp-json\/wp\/v2\/posts\/32598\/revisions\/32615"}],"wp:featuredmedia":[{"embeddable":true,"href":"https:\/\/lifelonghearing.com\/hr\/wp-json\/wp\/v2\/media\/32644"}],"wp:attachment":[{"href":"https:\/\/lifelonghearing.com\/hr\/wp-json\/wp\/v2\/media?parent=32598"}],"wp:term":[{"taxonomy":"category","embeddable":true,"href":"https:\/\/lifelonghearing.com\/hr\/wp-json\/wp\/v2\/categories?post=32598"},{"taxonomy":"post_tag","embeddable":true,"href":"https:\/\/lifelonghearing.com\/hr\/wp-json\/wp\/v2\/tags?post=32598"}],"curies":[{"name":"wp","href":"https:\/\/api.w.org\/{rel}","templated":true}]}}